{"id":38913,"date":"2026-08-10T08:02:00","date_gmt":"2026-08-10T06:02:00","guid":{"rendered":"https:\/\/euapp01.newsmemory.com\/lamarseillaise\/news\/?p=38913"},"modified":"2026-08-10T10:05:36","modified_gmt":"2026-08-10T08:05:36","slug":"tour-de-france-demi-vollering-soffre-un-second-sacre-a-nice","status":"publish","type":"post","link":"https:\/\/euapp01.newsmemory.com\/lamarseillaise\/news\/2026\/08\/10\/tour-de-france-demi-vollering-soffre-un-second-sacre-a-nice\/","title":{"rendered":"[Tour de France] Demi Vollering s\u2019offre un second sacre \u00e0 Nice"},"content":{"rendered":"<div class=\"paragraph\">\n<p>Vendredi, sa nouvelle d\u00e9faillance dans l\u2019ascension du Ventoux a \u00e9t\u00e9 celle de trop.<\/p>\n<p>Rel\u00e9gu\u00e9e \u00e0 plus d\u2019un quart d\u2019heure du podium, ext\u00e9nu\u00e9e et d\u00e9moralis\u00e9e, Pauline Ferrand-Pr\u00e9vot, victorieuse en 2025, n\u2019\u00e9tait pas au d\u00e9part de Sisteron, samedi, pour l\u2019avant-derni\u00e8re \u00e9tape du Tour f\u00e9minin. \u00ab\u00a0<i>Pauline ne se sentait pas bien ce matin. Apr\u00e8s consultation avec l\u2019\u00e9quipe m\u00e9dicale, il a \u00e9t\u00e9 d\u00e9cid\u00e9 qu\u2019elle ne s\u2019\u00e9lancerait pas aujourd&#8217;hui. Nous souhaitons \u00e0 Pauline un prompt r\u00e9tablissement<\/i><i>\u00a0<\/i><i>!<\/i><i>\u00a0<\/i>\u00bb, avait annonc\u00e9 son \u00e9quipe Team Visma-Lease a Bike Women dans un message publi\u00e9 sur son compte X.<\/p>\n<p>Sans elle, le peloton a donc ralli\u00e9 Nice samedi, \u00e0 l\u2019occasion d\u2019une avant-derni\u00e8re \u00e9tape qui aurait pu sourire \u00e0 Ma\u00ebva Squiban. La Fran\u00e7aise a \u00e9t\u00e9 une des principales animatrices de la journ\u00e9e. Mais une lourde chute dans la descente de la c\u00f4te de Colomars a annihil\u00e9 ses ambitions. Elle a pu terminer l\u2019\u00e9tape, gagn\u00e9e par Demi Vollering, mais a \u00e9t\u00e9 admise \u00e0 l\u2019h\u00f4pital de Nice.<\/p>\n<p>Au g\u00e9n\u00e9ral, en s\u2019imposant samedi, la championne d\u2019Europe Demi Vollering a pris le maillot jaune \u00e0 Kasia Niewiadoma. La N\u00e9erlandaise a attaqu\u00e9 la derni\u00e8re \u00e9tape, une boucle autour de Nice et quatre ascensions du col d\u2019Eze, avec 8\u00a0secondes d\u2019avance sur la Polonaise. Promesse d\u2019une ultime journ\u00e9e \u00e0 couteaux tir\u00e9s entre les deux leaders du g\u00e9n\u00e9ral. Alors qu\u2019\u00e0 1 minute 12 secondes, Marlen Reusser pouvait encore esp\u00e9rer les coiffer au poteau.<\/p>\n<\/p><\/div>\n<div class=\"intext\"> Reusser, la chute fatale\n              <\/div>\n<div class=\"paragraph\">\n<p>Mais en chutant dans les premiers kilom\u00e8tres de la boucle autour de Nice, la Suissesse a abandonn\u00e9 ses derniers espoirs, laissant, Kasia Niewiadoma et Demi Vollering s\u2019expliquer pour la victoire finale. La N\u00e9erlandaise ne devait pas faire dans la dentelle.<\/p>\n<p>Apr\u00e8s avoir contr\u00f4l\u00e9 la course d\u00e8s les premiers kilom\u00e8tres. Avant de placer une attaque dans la quatri\u00e8me ascension du col d\u2019Eze. Kasia Niewiadoma, qui avait tenu bon jusque-l\u00e0, ne pouvait pas prendre la roue de la porteuse du maillot jaune. Cette derni\u00e8re lui rendait la monnaie de la pi\u00e8ce de l\u2019\u00e9tape du Mont Ventoux, augmentant son avantage \u00e0 chaque chronom\u00e9trage de contr\u00f4le. L\u2019avantage de Demi Vollering d\u00e9passera finalement la minute, une fois franchie la ligne \u00e0 Nice. Mais sa dauphine du jour n\u2019\u00e9tait pas la Polonaise, devanc\u00e9e par l\u2019Italienne Paula Biais. Les deux pointant \u00e0 une minute quatre secondes de la gagnante du jour, qui fait ainsi un coup double.<\/p>\n<p>Demi Vollering s\u2019offre sa seconde victoire dans la Grande boucle. La N\u00e9erlandaise montrant une belle r\u00e9gularit\u00e9, avec trois deuxi\u00e8me place (2022, 2024, 2025) et d\u00e9sormais deux succ\u00e8s (2023, 2026), en cinq participations. Kasia Niewiadoma et l\u2019Italienne Elisa Longo-Borghini compl\u00e8tent le podium.<\/p>\n<\/p><\/div>\n","protected":false},"excerpt":{"rendered":"Vendredi, sa nouvelle d&eacute;faillance dans l&rsquo;ascension du Ventoux a &eacute;t&eacute; celle de trop. Rel&eacute;gu&eacute;e &agrave; plus d&rsquo;un quart d&rsquo;heure du podium, ext&eacute;nu&eacute;e et d&eacute;moralis&eacute;e, Pauline &#8230;","protected":false},"author":1,"featured_media":38914,"comment_status":"open","ping_status":"open","sticky":false,"template":"","format":"standard","meta":{"footnotes":""},"categories":[7],"tags":[2451,1144,1832,3253,3254],"news-destination":[],"news-source":[475],"is_homepage":[],"ta_other":[],"class_list":["post-38913","post","type-post","status-publish","format-standard","has-post-thumbnail","hentry","category-sports","tag-alpes-maritimes","tag-cyclisme","tag-nice","tag-tour-de-france","tag-tour-de-france-feminin","news-source-website"],"_links":{"self":[{"href":"https:\/\/euapp01.newsmemory.com\/lamarseillaise\/news\/wp-json\/wp\/v2\/posts\/38913","targetHints":{"allow":["GET"]}}],"collection":[{"href":"https:\/\/euapp01.newsmemory.com\/lamarseillaise\/news\/wp-json\/wp\/v2\/posts"}],"about":[{"href":"https:\/\/euapp01.newsmemory.com\/lamarseillaise\/news\/wp-json\/wp\/v2\/types\/post"}],"author":[{"embeddable":true,"href":"https:\/\/euapp01.newsmemory.com\/lamarseillaise\/news\/wp-json\/wp\/v2\/users\/1"}],"replies":[{"embeddable":true,"href":"https:\/\/euapp01.newsmemory.com\/lamarseillaise\/news\/wp-json\/wp\/v2\/comments?post=38913"}],"version-history":[{"count":1,"href":"https:\/\/euapp01.newsmemory.com\/lamarseillaise\/news\/wp-json\/wp\/v2\/posts\/38913\/revisions"}],"predecessor-version":[{"id":38915,"href":"https:\/\/euapp01.newsmemory.com\/lamarseillaise\/news\/wp-json\/wp\/v2\/posts\/38913\/revisions\/38915"}],"wp:featuredmedia":[{"embeddable":true,"href":"https:\/\/euapp01.newsmemory.com\/lamarseillaise\/news\/wp-json\/wp\/v2\/media\/38914"}],"wp:attachment":[{"href":"https:\/\/euapp01.newsmemory.com\/lamarseillaise\/news\/wp-json\/wp\/v2\/media?parent=38913"}],"wp:term":[{"taxonomy":"category","embeddable":true,"href":"https:\/\/euapp01.newsmemory.com\/lamarseillaise\/news\/wp-json\/wp\/v2\/categories?post=38913"},{"taxonomy":"post_tag","embeddable":true,"href":"https:\/\/euapp01.newsmemory.com\/lamarseillaise\/news\/wp-json\/wp\/v2\/tags?post=38913"},{"taxonomy":"news-destination","embeddable":true,"href":"https:\/\/euapp01.newsmemory.com\/lamarseillaise\/news\/wp-json\/wp\/v2\/news-destination?post=38913"},{"taxonomy":"news-source","embeddable":true,"href":"https:\/\/euapp01.newsmemory.com\/lamarseillaise\/news\/wp-json\/wp\/v2\/news-source?post=38913"},{"taxonomy":"is_homepage","embeddable":true,"href":"https:\/\/euapp01.newsmemory.com\/lamarseillaise\/news\/wp-json\/wp\/v2\/is_homepage?post=38913"},{"taxonomy":"ta_other","embeddable":true,"href":"https:\/\/euapp01.newsmemory.com\/lamarseillaise\/news\/wp-json\/wp\/v2\/ta_other?post=38913"}],"curies":[{"name":"wp","href":"https:\/\/api.w.org\/{rel}","templated":true}]}}