{"id":38910,"date":"2026-08-10T08:03:00","date_gmt":"2026-08-10T06:03:00","guid":{"rendered":"https:\/\/euapp01.newsmemory.com\/lamarseillaise\/news\/?p=38910"},"modified":"2026-08-10T10:05:36","modified_gmt":"2026-08-10T08:05:36","slug":"clara-entresangle-neophyte-dans-la-cour-des-grandes","status":"publish","type":"post","link":"https:\/\/euapp01.newsmemory.com\/lamarseillaise\/news\/2026\/08\/10\/clara-entresangle-neophyte-dans-la-cour-des-grandes\/","title":{"rendered":"Clara Entresangle, n\u00e9ophyte dans la cour des grandes"},"content":{"rendered":"<div class=\"paragraph\">\n<p>Le demi-fond fran\u00e7ais est en train d\u2019entrer dans une nouvelle dimension. Du 800m au 5\u00a0000m, les Tricolores brillent et se font une place de choix sur la sc\u00e8ne internationale. L\u2019ann\u00e9e 2026 ne d\u00e9roge pas \u00e0 la r\u00e8gle et un nouveau ph\u00e9nom\u00e8ne a fait son apparition au sommet des bilans. Son nom\u00a0? Clara Entresangle. Son \u00e2ge\u00a0? 21\u00a0ans. L\u2019athl\u00e8te de Cavaillon est sp\u00e9cialiste du 3\u00a0000m steeple, mais elle ne se contente pas de r\u00e9p\u00e9ter ses gammes sur cette seule discipline.<\/p>\n<p>Cette saison est, pour la Vauclusienne, celle de l\u2019explosion. Championne du monde universitaire de cross, recordwoman de France U23 du 10km et du 3\u00a0000m steeple, elle a \u00e9galement r\u00e9alis\u00e9 deux fois les minima fran\u00e7ais sur cette derni\u00e8re distance. Des performances de choix et une participation \u00e0 sa premi\u00e8re comp\u00e9tition \u00e9lites avec l\u2019\u00e9quipe de France\u00a0: les championnats d\u2019Europe de Birmingham. La principale int\u00e9ress\u00e9e explique ce qui lui a fait gagner 30\u00a0secondes sur son record personnel. \u00ab<i>\u00a0<\/i><i>On a chang\u00e9 des choses dans l\u2019entra\u00eenement avec Papa. On a fait plus de volume, donc \u00e7a m\u2019a fait \u00e9norm\u00e9ment progresser sur le fond et \u00e7a, on s\u2019en est rendu compte avant cet \u00e9t\u00e9, sur les saisons de cross et de route. Quand on a vu ma progression sur le 10km et le 5km, on savait d\u00e9j\u00e0 que la progression allait suivre.<\/i><i>\u00a0<\/i>\u00bb<i><\/i><\/p>\n<p>\u00ab\u00a0Papa\u00a0\u00bb, c\u2019est Nicolas Entresangle. Le duo p\u00e8re\/fille est \u00e9galement un duo athl\u00e8te\/entra\u00eeneur. Une association saine et une construction de saison qui a permis cette hausse des performances. \u00ab\u00a0<i>Cette saison est tr\u00e8s riche, dans la mesure o\u00f9 chaque fois qu\u2019on a point\u00e9 un objectif, \u00e7a s\u2019est sold\u00e9 par une belle r\u00e9ussite. \u00c7a ne fait que nous encourager l\u00e0-dedans, tout en \u00e9tant quand m\u00eame mesur\u00e9 car le corps humain n\u2019est pas une machine. Elle a v\u00e9cu une petite blessure il y a deux ans avec des fractures de fatigue, donc on ne veut pas retomber l\u00e0-dedans<\/i><i>\u00a0<\/i>\u00bb, d\u00e9taille le paternel.<\/p>\n<\/p><\/div>\n<div class=\"intext\"> Le Top 5 \u00e0 Birmingham\u00a0?\n              <\/div>\n<div class=\"paragraph\">\n<p>Cette multitude de distances o\u00f9 s\u2019aventure Clara Entresangle, quelque chose qui pla\u00eet \u00e0 la jeune athl\u00e8te fra\u00eechement sign\u00e9e par Nike. \u00ab<i>\u00a0<\/i><i>J\u2019aime bien pouvoir toucher \u00e0 tout, faire des efforts un peu diff\u00e9rents et varier<\/i><i>\u00a0<\/i>\u00bb, dit-elle simplement. Cette derni\u00e8re d\u00e9bute au niveau continental d\u00e8s ce lundi, avec les s\u00e9ries du 3\u00a0000m steeple. Son p\u00e8re explique la difficult\u00e9 de performer en championnat\u00a0: \u00ab<i>\u00a0<\/i><i>Elle est 5<\/i><i><sup>e<\/sup><\/i><i>\u00a0<\/i><i>europ\u00e9enne mais le probl\u00e8me d\u2019un championnat, c\u2019est que \u00e7a ne se court jamais au train. On ne peut pas se dire, tu cours \u00e0 telle allure et tu fais cinqui\u00e8me. Ce serait trop beau. Top<\/i><i>\u00a0<\/i><i>5, ce serait d\u00e9j\u00e0 exceptionnel vu son \u00e2ge.<\/i><i>\u00a0<\/i>\u00bb <i><\/i><\/p>\n<p>L\u2019athl\u00e8te, elle, \u00ab<i>\u00a0<\/i><i>n\u2019appr\u00e9hende pas trop<\/i><i>\u00a0<\/i>\u00bb et esp\u00e8re \u00ab<i>\u00a0<\/i><i>d\u00e9j\u00e0 passer en finale et, forc\u00e9ment, aller chercher la meilleure place possible<\/i><i>\u00a0<\/i>\u00bb.<i> <\/i><\/p>\n<\/p><\/div>\n","protected":false},"excerpt":{"rendered":"Le demi-fond fran&ccedil;ais est en train d&rsquo;entrer dans une nouvelle dimension. Du 800m au 5&nbsp;000m, les Tricolores brillent et se font une place de choix sur la sc&egrave;ne internationale. L&rsquo;ann&eacute;e 2026 ne d&eacute;roge pas &#8230;","protected":false},"author":1,"featured_media":38911,"comment_status":"open","ping_status":"open","sticky":false,"template":"","format":"standard","meta":{"footnotes":""},"categories":[7],"tags":[1987,59,171],"news-destination":[],"news-source":[475],"is_homepage":[],"ta_other":[],"class_list":["post-38910","post","type-post","status-publish","format-standard","has-post-thumbnail","hentry","category-sports","tag-athletisme","tag-jeunes","tag-vaucluse","news-source-website"],"_links":{"self":[{"href":"https:\/\/euapp01.newsmemory.com\/lamarseillaise\/news\/wp-json\/wp\/v2\/posts\/38910","targetHints":{"allow":["GET"]}}],"collection":[{"href":"https:\/\/euapp01.newsmemory.com\/lamarseillaise\/news\/wp-json\/wp\/v2\/posts"}],"about":[{"href":"https:\/\/euapp01.newsmemory.com\/lamarseillaise\/news\/wp-json\/wp\/v2\/types\/post"}],"author":[{"embeddable":true,"href":"https:\/\/euapp01.newsmemory.com\/lamarseillaise\/news\/wp-json\/wp\/v2\/users\/1"}],"replies":[{"embeddable":true,"href":"https:\/\/euapp01.newsmemory.com\/lamarseillaise\/news\/wp-json\/wp\/v2\/comments?post=38910"}],"version-history":[{"count":1,"href":"https:\/\/euapp01.newsmemory.com\/lamarseillaise\/news\/wp-json\/wp\/v2\/posts\/38910\/revisions"}],"predecessor-version":[{"id":38912,"href":"https:\/\/euapp01.newsmemory.com\/lamarseillaise\/news\/wp-json\/wp\/v2\/posts\/38910\/revisions\/38912"}],"wp:featuredmedia":[{"embeddable":true,"href":"https:\/\/euapp01.newsmemory.com\/lamarseillaise\/news\/wp-json\/wp\/v2\/media\/38911"}],"wp:attachment":[{"href":"https:\/\/euapp01.newsmemory.com\/lamarseillaise\/news\/wp-json\/wp\/v2\/media?parent=38910"}],"wp:term":[{"taxonomy":"category","embeddable":true,"href":"https:\/\/euapp01.newsmemory.com\/lamarseillaise\/news\/wp-json\/wp\/v2\/categories?post=38910"},{"taxonomy":"post_tag","embeddable":true,"href":"https:\/\/euapp01.newsmemory.com\/lamarseillaise\/news\/wp-json\/wp\/v2\/tags?post=38910"},{"taxonomy":"news-destination","embeddable":true,"href":"https:\/\/euapp01.newsmemory.com\/lamarseillaise\/news\/wp-json\/wp\/v2\/news-destination?post=38910"},{"taxonomy":"news-source","embeddable":true,"href":"https:\/\/euapp01.newsmemory.com\/lamarseillaise\/news\/wp-json\/wp\/v2\/news-source?post=38910"},{"taxonomy":"is_homepage","embeddable":true,"href":"https:\/\/euapp01.newsmemory.com\/lamarseillaise\/news\/wp-json\/wp\/v2\/is_homepage?post=38910"},{"taxonomy":"ta_other","embeddable":true,"href":"https:\/\/euapp01.newsmemory.com\/lamarseillaise\/news\/wp-json\/wp\/v2\/ta_other?post=38910"}],"curies":[{"name":"wp","href":"https:\/\/api.w.org\/{rel}","templated":true}]}}