{"id":38904,"date":"2026-08-10T07:55:00","date_gmt":"2026-08-10T05:55:00","guid":{"rendered":"https:\/\/euapp01.newsmemory.com\/lamarseillaise\/news\/?p=38904"},"modified":"2026-08-17T07:34:03","modified_gmt":"2026-08-17T05:34:03","slug":"tous-a-leau-pour-les-olympiades-du-grand-bleu-a-marseille","status":"publish","type":"post","link":"https:\/\/euapp01.newsmemory.com\/lamarseillaise\/news\/2026\/08\/10\/tous-a-leau-pour-les-olympiades-du-grand-bleu-a-marseille\/","title":{"rendered":"Tous \u00e0 l\u2019eau pour les Olympiades du Grand Bleu \u00e0 Marseille"},"content":{"rendered":"<div class=\"paragraph\">\n<p>Une journ\u00e9e autant festive que sportive pour ces enfants qui n\u2019ont pas tous b\u00e9n\u00e9fici\u00e9 d\u2019un d\u00e9part en vacances. Mais c\u2019est avec un engouement visible et sonore qu\u2019ils ont pris celui de la course ce samedi 8 ao\u00fbt. Dix \u00e9quipes se sont affront\u00e9es en paddle g\u00e9ant, kayak, pirogue, natation et match de water-polo \u00e0 l\u2019occasion de la 6<sup>e<\/sup> \u00e9dition de ces Olympiades.<\/p>\n<p>\u00ab\u00a0<i>La plage c\u2019est nul, ici on s\u2019amuse mieux<\/i><i>\u00a0<\/i><i>!<\/i><i>\u00a0<\/i>\u00bb, assure In\u00e8s, 12\u00a0ans en plein briefing avec Roudayana et Naila et Nesrine. Gilets de sauvetage endoss\u00e9s, le petit \u00e9quipage s\u2019appr\u00eate \u00e0 grimper dans le kayak. Comme la plupart de ces jeunes venus des cit\u00e9s Font-Vert, Le Mail, Campagne L\u00e9v\u00eaque, Jean-Jaur\u00e8s, Consolat, la Calade ou Frais-Vallon, elle conna\u00eet bien l\u2019association\u00a0: \u00ab<i>\u00a0<\/i><i>C\u2019est eux qui m\u2019ont appris \u00e0 nager.<\/i><i>\u00a0<\/i>\u00bb<\/p>\n<p>Alors que le top d\u00e9part est donn\u00e9 par le moniteur, sur le quai de la base, les autres comp\u00e9titeurs hurlent des encouragements. T\u00e9l\u00e9phone en main, trois mamans filment la progression, quelque peu hasardeuse, des deux paddles de dix places lanc\u00e9s \u00e0 grands coups de pagaies. \u00ab\u00a0<i>Mon fils est l\u00e0, <\/i>d\u00e9signe Rania. <i>On est adh\u00e9rents du Grand Bleu depuis trois ans. Tous les samedis on vient, on s\u2019\u00e9clate. C\u2019est gratuit. Sinon on ne pourrait pas, les activit\u00e9s nautiques, c\u2019est 25<\/i><i>\u00a0<\/i><i>euros la demi-heure<\/i><i>\u00a0<\/i>\u00bb, souligne-t-elle. Rania s\u2019est aussi jet\u00e9e \u00e0 l\u2019eau gr\u00e2ce aux cours de natation destin\u00e9s aux adultes. \u00ab<i>\u00a0<\/i><i>J\u2019\u00e9tais phobique de l\u2019eau. Maintenant je suis \u00e0 l\u2019aise.<\/i><i>\u00a0<\/i>\u00bb S\u2019il faut poursuivre le redressement du plan piscines \u00e0 Marseille, contrairement aux id\u00e9es re\u00e7ues, \u00ab\u00a0<i>on peut apprendre \u00e0 nager dans la mer<\/i>\u00a0\u00bb, atteste Brahim Timricht, pr\u00e9sident du Grand Bleu.<\/p>\n<\/p><\/div>\n<div class=\"intext\"> Quartiers d\u2019\u00e9t\u00e9 pl\u00e9biscit\u00e9s\n              <\/div>\n<div class=\"paragraph\">\n<p>Isabelle Epaillard, pr\u00e9f\u00e8te d\u00e9l\u00e9gu\u00e9e pour l\u2019\u00e9galit\u00e9 des chances fait le tour des animations nautiques, soutenues depuis 2021 par l\u2019\u00c9tat. \u00ab\u00a0<i>Dans le cadre des quartiers d\u2019\u00e9t\u00e9, nous d\u00e9ployons cette ann\u00e9e plus d\u2019un million d\u2019euros pour financer 272<\/i><i>\u00a0<\/i><i>actions. On rouvre aussi les centres sociaux avec la Ville pour un maximum d\u2019activit\u00e9s pour tous<\/i><i>\u00a0<\/i>\u00bb, pr\u00e9cise-t-elle. Cet \u00e9t\u00e9, vu de la base de Corbi\u00e8re, le niveau de natation des Marseillais semble remonter.<\/p>\n<p>Au loin, pr\u00e8s du terrain flottant de water-polo, cinq rameurs \u00e0 la mer. La pyrogue rouge a chavir\u00e9. Sur la rive, L\u2019\u00e9quipe Aquaman peaufine sa strat\u00e9gie pour affronter les Warriors en paddle. \u00c0 son bord Elissa aborde l\u2019\u00e9preuve en battante, \u00ab\u00a0<i>grave emball\u00e9e<\/i><i>\u00a0<\/i>\u00bb par sa deuxi\u00e8me sortie avec l\u2019association. Elle n\u2019a plus de voix \u00e0 force de rire et crier. Dans le petit bassin, sous l\u2019\u0153il d\u2019un moniteur, sa fille s\u2019\u00e9gaye avec sa \u00ab\u00a0<i>nouvelle copine<\/i>\u00a0\u00bb.<\/p>\n<\/p><\/div>\n","protected":false},"excerpt":{"rendered":"Une journ&eacute;e autant festive que sportive pour ces enfants qui n&rsquo;ont pas tous b&eacute;n&eacute;fici&eacute; d&rsquo;un d&eacute;part en vacances. Mais c&rsquo;est avec un engouement visible et sonore qu&rsquo;ils ont pris celui de la &#8230;","protected":false},"author":1,"featured_media":38905,"comment_status":"open","ping_status":"open","sticky":false,"template":"","format":"standard","meta":{"footnotes":""},"categories":[3926,3925,20],"tags":[2873,10,1774,57,336,59,6174,16,169,85,5394,1752,1200,3072,668,394,975,1829,2897],"news-destination":[3944],"news-source":[475],"is_homepage":[],"ta_other":[],"class_list":["post-38904","post","type-post","status-publish","format-standard","has-post-thumbnail","hentry","category-accueil-merge","category-accueil-third","category-societe","tag-activites-de-loisirs","tag-bouches-du-rhone","tag-centres-sociaux","tag-enfants","tag-ete","tag-jeunes","tag-kayak","tag-marseille","tag-marseille-16e-arrondissement","tag-mer","tag-nage","tag-natation","tag-nautisme","tag-paddle","tag-quartiers","tag-sport","tag-sportifs","tag-water-polo","tag-waterpolo","news-destination-homepage","news-source-website"],"_links":{"self":[{"href":"https:\/\/euapp01.newsmemory.com\/lamarseillaise\/news\/wp-json\/wp\/v2\/posts\/38904","targetHints":{"allow":["GET"]}}],"collection":[{"href":"https:\/\/euapp01.newsmemory.com\/lamarseillaise\/news\/wp-json\/wp\/v2\/posts"}],"about":[{"href":"https:\/\/euapp01.newsmemory.com\/lamarseillaise\/news\/wp-json\/wp\/v2\/types\/post"}],"author":[{"embeddable":true,"href":"https:\/\/euapp01.newsmemory.com\/lamarseillaise\/news\/wp-json\/wp\/v2\/users\/1"}],"replies":[{"embeddable":true,"href":"https:\/\/euapp01.newsmemory.com\/lamarseillaise\/news\/wp-json\/wp\/v2\/comments?post=38904"}],"version-history":[{"count":1,"href":"https:\/\/euapp01.newsmemory.com\/lamarseillaise\/news\/wp-json\/wp\/v2\/posts\/38904\/revisions"}],"predecessor-version":[{"id":38906,"href":"https:\/\/euapp01.newsmemory.com\/lamarseillaise\/news\/wp-json\/wp\/v2\/posts\/38904\/revisions\/38906"}],"wp:featuredmedia":[{"embeddable":true,"href":"https:\/\/euapp01.newsmemory.com\/lamarseillaise\/news\/wp-json\/wp\/v2\/media\/38905"}],"wp:attachment":[{"href":"https:\/\/euapp01.newsmemory.com\/lamarseillaise\/news\/wp-json\/wp\/v2\/media?parent=38904"}],"wp:term":[{"taxonomy":"category","embeddable":true,"href":"https:\/\/euapp01.newsmemory.com\/lamarseillaise\/news\/wp-json\/wp\/v2\/categories?post=38904"},{"taxonomy":"post_tag","embeddable":true,"href":"https:\/\/euapp01.newsmemory.com\/lamarseillaise\/news\/wp-json\/wp\/v2\/tags?post=38904"},{"taxonomy":"news-destination","embeddable":true,"href":"https:\/\/euapp01.newsmemory.com\/lamarseillaise\/news\/wp-json\/wp\/v2\/news-destination?post=38904"},{"taxonomy":"news-source","embeddable":true,"href":"https:\/\/euapp01.newsmemory.com\/lamarseillaise\/news\/wp-json\/wp\/v2\/news-source?post=38904"},{"taxonomy":"is_homepage","embeddable":true,"href":"https:\/\/euapp01.newsmemory.com\/lamarseillaise\/news\/wp-json\/wp\/v2\/is_homepage?post=38904"},{"taxonomy":"ta_other","embeddable":true,"href":"https:\/\/euapp01.newsmemory.com\/lamarseillaise\/news\/wp-json\/wp\/v2\/ta_other?post=38904"}],"curies":[{"name":"wp","href":"https:\/\/api.w.org\/{rel}","templated":true}]}}