{"id":38901,"date":"2026-08-10T07:57:00","date_gmt":"2026-08-10T05:57:00","guid":{"rendered":"https:\/\/euapp01.newsmemory.com\/lamarseillaise\/news\/?p=38901"},"modified":"2026-08-17T07:47:07","modified_gmt":"2026-08-17T05:47:07","slug":"deux-minotes-en-4l-pour-un-rallye-humanitaire","status":"publish","type":"post","link":"https:\/\/euapp01.newsmemory.com\/lamarseillaise\/news\/2026\/08\/10\/deux-minotes-en-4l-pour-un-rallye-humanitaire\/","title":{"rendered":"Deux minotes en 4L pour un rallye humanitaire"},"content":{"rendered":"<div class=\"paragraph\">\n<p>Sur le parking de la place du Ja\u00ef \u00e0 Marignane, cette petite voiture blanche iconique d\u00e9tonne \u00e0 c\u00f4t\u00e9 des gros SUV devenus la r\u00e8gle en mati\u00e8re automobile. \u00c0 bord d\u2019une Renault 4 &#8211;\u00a0que tout le monde appelle 4L du nom d\u2019une de ses versions\u00a0&#8211; Marine Proto et Juliette Wharmby. Ces deux \u00e9tudiantes de 22\u00a0ans, respectivement infirmi\u00e8re pu\u00e9ricultrice et ing\u00e9nieure en agroalimentaire, sont inscrites comme \u00e9quipage 663 pour la 30<sup>e<\/sup> \u00e9dition du rallye \u00e9tudiant 4L Trophy en f\u00e9vrier\u00a02027. Elles relieront Marseille \u00e0 Marrakech en deux semaines, dont dix jours de rallye, en pr\u00e8s de 3\u00a0300\u00a0kilom\u00e8tres, sans le retour.<\/p>\n<p>Le but de cette aventure est d\u2019amener des fournitures scolaires \u00e0 Merzouga, au Maroc. \u00ab\u00a0<i>C\u2019est \u00e0 but humanitaire, on doit pr\u00e9voir au minimum un sac \u00e0 dos rempli de fournitures ainsi qu\u2019un sac de sport rempli d\u2019affaires de sport<\/i>\u00a0\u00bb, d\u00e9taille Marine Proto, \u00ab\u00a0<i>tout ce qui est alimentaire est limit\u00e9 \u00e0 10<\/i><i>\u00a0<\/i><i>kg et sera donn\u00e9 \u00e0 la Croix-Rouge \u00e0 Biarritz<\/i>\u00a0\u00bb, point de d\u00e9part de la course.<\/p>\n<\/p><\/div>\n<div class=\"intext\"> \u00ab\u00a0Pas l\u00e0 pour la vitesse\u00a0\u00bb\n              <\/div>\n<div class=\"paragraph\">\n<p>C\u2019est une v\u00e9ritable comp\u00e9tition automobile. \u00ab\u00a0<i>Sans GPS, ni t\u00e9l\u00e9phone, juste une carte papier, juste une boussole et le roadbook<\/i><i>\u00a0<\/i>\u00bb, explique Marine Proto. \u00ab\u00a0<i>Celui qui fait le moins de kilom\u00e8tres gagne<\/i>\u00a0\u00bb, poursuit-elle, en cas de panne, il faudra compter \u00ab\u00a0<i>sur la famille ou sur l\u2019aide des autres \u00e9quipages<\/i>\u00a0\u00bb. \u00ab\u00a0<i>Il y a beaucoup d\u2019entraide, m\u00eame si c\u2019est une course, on n\u2019est pas l\u00e0 pour la vitesse<\/i>\u00a0\u00bb, ajoute Juliette Wharmby.<\/p>\n<p>De toute fa\u00e7on, la Renault 4 n\u2019est pas une Formule 1. \u00ab\u00a0<i>C\u2019est le ch\u00e2ssis qui compte<\/i>\u00a0\u00bb, estime l\u2019ing\u00e9nieure, quand bien m\u00eame sa coll\u00e8gue est \u00ab\u00a0<i>franchement surprise<\/i>, <i>elle marche super bien, m\u00eame en mont\u00e9e<\/i><i>\u00a0<\/i><i>! On est all\u00e9 faire des photos \u00e0 la Sainte-Victoire<\/i>\u00a0\u00bb, illustre-t-elle. Normal, elles ont choisi le plus gros moteur\u00a0: \u00ab<i>\u00a0<\/i><i>Le Cl\u00e9on-fonte de 1<\/i><i>\u00a0<\/i><i>100 cm<\/i><i><sup>3<\/sup><\/i><i>, on ne voulait pas le Billancourt<\/i><i>\u00a0<\/i>\u00bb, plus ancien, d\u00e9veloppe-t-elle. Achet\u00e9e en mars, \u00ab\u00a0<i>\u00e0 Aubagne, l\u2019annonce post\u00e9e \u00e0 9h30, j\u2019ai appel\u00e9 \u00e0 9h32<\/i>\u00a0\u00bb, se rappelle Marine Proto. R\u00e9vis\u00e9e pour la route, l\u2019id\u00e9e \u00e9tait \u00ab\u00a0<i>de la faire rose p\u00e2le, mais vu la carrosserie nickel on va juste mettre des stickers<\/i>\u00a0\u00bb, poursuit-elle. Juliette Wharmby aimait d\u00e9j\u00e0 les voitures anciennes. \u00ab\u00a0<i>On est amies depuis le coll\u00e8ge et on voulait refaire une aventure ensemble<\/i>\u00a0\u00bb, retrace-t-elle. \u00ab\u00a0<i>C\u2019est elle qui m\u2019a embarqu\u00e9e<\/i>\u00a0\u00bb, reconna\u00eet Marine Proto, qui depuis \u00ab\u00a0<i>se passionne<\/i>\u00a0\u00bb pour les anciennes. La passion incombe de chercher les financements pour un budget total estim\u00e9 \u00e0 13\u00a0500\u00a0euros via sponsoring, loto et cagnottes. La course est aussi contre la montre pour le d\u00e9part dans 6 mois.<\/p>\n<\/p><\/div>\n","protected":false},"excerpt":{"rendered":"Sur le parking de la place du Ja&iuml; &agrave; Marignane, cette petite voiture blanche iconique d&eacute;tonne &agrave; c&ocirc;t&eacute; des gros SUV devenus la r&egrave;gle en mati&egrave;re automobile. &Agrave; bord d&rsquo;une Renault 4 &#8230;","protected":false},"author":1,"featured_media":38902,"comment_status":"open","ping_status":"open","sticky":false,"template":"","format":"standard","meta":{"footnotes":""},"categories":[3926,3925,20],"tags":[384,3097,10,1149,914,1349,1999,391,394,1175],"news-destination":[3944],"news-source":[475],"is_homepage":[],"ta_other":[],"class_list":["post-38901","post","type-post","status-publish","format-standard","has-post-thumbnail","hentry","category-accueil-merge","category-accueil-third","category-societe","tag-automobile","tag-aventure","tag-bouches-du-rhone","tag-course","tag-humanitaire","tag-marignane","tag-maroc","tag-rallye","tag-sport","tag-voitures","news-destination-homepage","news-source-website"],"_links":{"self":[{"href":"https:\/\/euapp01.newsmemory.com\/lamarseillaise\/news\/wp-json\/wp\/v2\/posts\/38901","targetHints":{"allow":["GET"]}}],"collection":[{"href":"https:\/\/euapp01.newsmemory.com\/lamarseillaise\/news\/wp-json\/wp\/v2\/posts"}],"about":[{"href":"https:\/\/euapp01.newsmemory.com\/lamarseillaise\/news\/wp-json\/wp\/v2\/types\/post"}],"author":[{"embeddable":true,"href":"https:\/\/euapp01.newsmemory.com\/lamarseillaise\/news\/wp-json\/wp\/v2\/users\/1"}],"replies":[{"embeddable":true,"href":"https:\/\/euapp01.newsmemory.com\/lamarseillaise\/news\/wp-json\/wp\/v2\/comments?post=38901"}],"version-history":[{"count":1,"href":"https:\/\/euapp01.newsmemory.com\/lamarseillaise\/news\/wp-json\/wp\/v2\/posts\/38901\/revisions"}],"predecessor-version":[{"id":38903,"href":"https:\/\/euapp01.newsmemory.com\/lamarseillaise\/news\/wp-json\/wp\/v2\/posts\/38901\/revisions\/38903"}],"wp:featuredmedia":[{"embeddable":true,"href":"https:\/\/euapp01.newsmemory.com\/lamarseillaise\/news\/wp-json\/wp\/v2\/media\/38902"}],"wp:attachment":[{"href":"https:\/\/euapp01.newsmemory.com\/lamarseillaise\/news\/wp-json\/wp\/v2\/media?parent=38901"}],"wp:term":[{"taxonomy":"category","embeddable":true,"href":"https:\/\/euapp01.newsmemory.com\/lamarseillaise\/news\/wp-json\/wp\/v2\/categories?post=38901"},{"taxonomy":"post_tag","embeddable":true,"href":"https:\/\/euapp01.newsmemory.com\/lamarseillaise\/news\/wp-json\/wp\/v2\/tags?post=38901"},{"taxonomy":"news-destination","embeddable":true,"href":"https:\/\/euapp01.newsmemory.com\/lamarseillaise\/news\/wp-json\/wp\/v2\/news-destination?post=38901"},{"taxonomy":"news-source","embeddable":true,"href":"https:\/\/euapp01.newsmemory.com\/lamarseillaise\/news\/wp-json\/wp\/v2\/news-source?post=38901"},{"taxonomy":"is_homepage","embeddable":true,"href":"https:\/\/euapp01.newsmemory.com\/lamarseillaise\/news\/wp-json\/wp\/v2\/is_homepage?post=38901"},{"taxonomy":"ta_other","embeddable":true,"href":"https:\/\/euapp01.newsmemory.com\/lamarseillaise\/news\/wp-json\/wp\/v2\/ta_other?post=38901"}],"curies":[{"name":"wp","href":"https:\/\/api.w.org\/{rel}","templated":true}]}}