{"id":38898,"date":"2026-08-10T07:52:00","date_gmt":"2026-08-10T05:52:00","guid":{"rendered":"https:\/\/euapp01.newsmemory.com\/lamarseillaise\/news\/?p=38898"},"modified":"2026-08-17T07:34:03","modified_gmt":"2026-08-17T05:34:03","slug":"nouvelle-mobilisation-pour-sauver-fibre-excellence","status":"publish","type":"post","link":"https:\/\/euapp01.newsmemory.com\/lamarseillaise\/news\/2026\/08\/10\/nouvelle-mobilisation-pour-sauver-fibre-excellence\/","title":{"rendered":"Nouvelle mobilisation pour sauver Fibre Excellence"},"content":{"rendered":"<div class=\"paragraph\">\n<p>Toujours \u00ab\u00a0mise sous protection\u00a0\u00bb par ses salari\u00e9s, l\u2019usine de Fibre excellence de Tarascon esp\u00e8re recevoir du soutien, ce mercredi.<\/p>\n<p>Malgr\u00e9 sa liquidation judiciaire, le 29\u00a0juillet dernier, par le tribunal de commerce de Toulouse, les travailleurs du site produisant de la p\u00e2te \u00e0 papier n\u2019ont pas encore baiss\u00e9 les bras. \u00ab<i>\u00a0<\/i><i>L\u2019intersyndicale occupe le site depuis plus d\u2019une quinzaine de jours. Maintenant, ce que l\u2019on souhaite c\u2019est une table ronde pour trouver une porte de sortie qui p\u00e9rennise le site. Une table ronde en pr\u00e9fecture, avec la R\u00e9gion Sud, des acteurs \u00e9conomiques et institutionnels locaux<\/i>\u00a0\u00bb, explique Fran\u00e7ois Canu, secr\u00e9taire de l\u2019Union d\u00e9partementale CGT des Bouches-du-Rh\u00f4ne (UD CGT 13).<\/p>\n<p>Concr\u00e8tement, son organisation donne rendez-vous \u00e0 ses militants devant l\u2019usine, ce mercredi matin pour soutenir les travailleurs. Une conf\u00e9rence de presse est pr\u00e9vue, elle sera suivie d\u2019une \u00ab\u00a0<i>initiative d\u00e9partementale<\/i><i>\u00a0<\/i>\u00bb avec un temps fraternel et le traditionnel barbecue au programme. \u00ab<i>\u00a0<\/i><i>M\u00eame si dans la p\u00e9riode, c\u2019est pas simple de mobiliser, on esp\u00e8re que la mobilisation va \u00eatre fraternelle et solidaire<\/i><i>\u00a0<\/i>\u00bb, d\u00e9veloppe le syndicaliste. Mani\u00e8re de rappeler \u00e0 tous que le site est encore loin d\u2019\u00eatre ray\u00e9 de la carte. L\u2019objectif reste aussi, et surtout, de maintenir la pression sur les acteurs impliqu\u00e9s dans le dossier pour tenter de sauver l\u2019usine. \u00ab<i>\u00a0<\/i><i>Il y a des contacts avec la R\u00e9gion, on esp\u00e8re que \u00e7a bouge rapidement sinon \u00e7a va \u00eatre un carnage pour l\u2019emploi local<\/i><i>\u00a0<\/i><i>: pour les travailleurs de la fili\u00e8re du bois mais aussi les sous-traitants<\/i><i>\u00a0<\/i>\u00bb, rappelle Fran\u00e7ois Canu, citant les 270\u00a0emplois directs mais aussi les 5\u00a0000\u00a0induits.<\/p>\n<\/p><\/div>\n","protected":false},"excerpt":{"rendered":"Toujours &laquo;&nbsp;mise sous protection&nbsp;&raquo; par ses salari&eacute;s, l&rsquo;usine de Fibre excellence de Tarascon esp&egrave;re recevoir du soutien, ce mercredi. Malgr&eacute; sa liquidation judiciaire, le 29&nbsp;juillet dernier, par &#8230;","protected":false},"author":1,"featured_media":38899,"comment_status":"open","ping_status":"open","sticky":false,"template":"","format":"standard","meta":{"footnotes":""},"categories":[3926,3925,338,331],"tags":[10,113,302,4279,624,1574,134,4281,86,962,392,1740,910,244,2374],"news-destination":[3944],"news-source":[475],"is_homepage":[],"ta_other":[],"class_list":["post-38898","post","type-post","status-publish","format-standard","has-post-thumbnail","hentry","category-accueil-merge","category-accueil-third","category-economie","category-social","tag-bouches-du-rhone","tag-cgt","tag-emploi","tag-fibre-excellence","tag-industrie","tag-liquidation-judiciaire","tag-mobilisation","tag-pate-a-papier","tag-region","tag-salaries","tag-solidaire","tag-tarascon","tag-travailleurs","tag-tribunal-de-commerce","tag-usine","news-destination-homepage","news-source-website"],"_links":{"self":[{"href":"https:\/\/euapp01.newsmemory.com\/lamarseillaise\/news\/wp-json\/wp\/v2\/posts\/38898","targetHints":{"allow":["GET"]}}],"collection":[{"href":"https:\/\/euapp01.newsmemory.com\/lamarseillaise\/news\/wp-json\/wp\/v2\/posts"}],"about":[{"href":"https:\/\/euapp01.newsmemory.com\/lamarseillaise\/news\/wp-json\/wp\/v2\/types\/post"}],"author":[{"embeddable":true,"href":"https:\/\/euapp01.newsmemory.com\/lamarseillaise\/news\/wp-json\/wp\/v2\/users\/1"}],"replies":[{"embeddable":true,"href":"https:\/\/euapp01.newsmemory.com\/lamarseillaise\/news\/wp-json\/wp\/v2\/comments?post=38898"}],"version-history":[{"count":2,"href":"https:\/\/euapp01.newsmemory.com\/lamarseillaise\/news\/wp-json\/wp\/v2\/posts\/38898\/revisions"}],"predecessor-version":[{"id":39070,"href":"https:\/\/euapp01.newsmemory.com\/lamarseillaise\/news\/wp-json\/wp\/v2\/posts\/38898\/revisions\/39070"}],"wp:featuredmedia":[{"embeddable":true,"href":"https:\/\/euapp01.newsmemory.com\/lamarseillaise\/news\/wp-json\/wp\/v2\/media\/38899"}],"wp:attachment":[{"href":"https:\/\/euapp01.newsmemory.com\/lamarseillaise\/news\/wp-json\/wp\/v2\/media?parent=38898"}],"wp:term":[{"taxonomy":"category","embeddable":true,"href":"https:\/\/euapp01.newsmemory.com\/lamarseillaise\/news\/wp-json\/wp\/v2\/categories?post=38898"},{"taxonomy":"post_tag","embeddable":true,"href":"https:\/\/euapp01.newsmemory.com\/lamarseillaise\/news\/wp-json\/wp\/v2\/tags?post=38898"},{"taxonomy":"news-destination","embeddable":true,"href":"https:\/\/euapp01.newsmemory.com\/lamarseillaise\/news\/wp-json\/wp\/v2\/news-destination?post=38898"},{"taxonomy":"news-source","embeddable":true,"href":"https:\/\/euapp01.newsmemory.com\/lamarseillaise\/news\/wp-json\/wp\/v2\/news-source?post=38898"},{"taxonomy":"is_homepage","embeddable":true,"href":"https:\/\/euapp01.newsmemory.com\/lamarseillaise\/news\/wp-json\/wp\/v2\/is_homepage?post=38898"},{"taxonomy":"ta_other","embeddable":true,"href":"https:\/\/euapp01.newsmemory.com\/lamarseillaise\/news\/wp-json\/wp\/v2\/ta_other?post=38898"}],"curies":[{"name":"wp","href":"https:\/\/api.w.org\/{rel}","templated":true}]}}