{"id":38895,"date":"2026-08-10T07:31:00","date_gmt":"2026-08-10T05:31:00","guid":{"rendered":"https:\/\/euapp01.newsmemory.com\/lamarseillaise\/news\/?p=38895"},"modified":"2026-08-17T06:52:50","modified_gmt":"2026-08-17T04:52:50","slug":"olivier-galzi-sapprete-a-lancer-son-propre-parti-politique","status":"publish","type":"post","link":"https:\/\/euapp01.newsmemory.com\/lamarseillaise\/news\/2026\/08\/10\/olivier-galzi-sapprete-a-lancer-son-propre-parti-politique\/","title":{"rendered":"Olivier Galzi s\u2019appr\u00eate \u00e0 lancer son propre parti politique"},"content":{"rendered":"<div class=\"paragraph\">\n<p>Ce qui a march\u00e9 \u00e0 Avignon aux \u00e9lections municipales va-t-il marcher ailleurs\u00a0? C\u2019est en tout cas ce que semble penser le maire (DVD) Olivier Galzi, qui lance officiellement son micro-parti \u00ab\u00a0Le bon sens des territoires\u00a0\u00bb.<\/p>\n<p>Ne faisant pas les choses \u00e0 moiti\u00e9, une grande soir\u00e9e de lancement a \u00e9galement \u00e9t\u00e9 annonc\u00e9e. Elle se tiendra le jeudi 10 septembre prochain \u00e0 La\u00a0Scala Provence. \u00ab<i>\u00a0<\/i><i>Parce que la politique doit se r\u00e9inventer, parce que nos territoires sont les fondations de notre pays et parce que ceux qui d\u00e9cident sont trop \u00e9loign\u00e9s de nos r\u00e9alit\u00e9s, je propose de lancer un nouveau mouvement<\/i><i>\u00a0<\/i>\u00bb, pr\u00e9cise le premier \u00e9dile de la Cit\u00e9 des Papes sur ses r\u00e9seaux sociaux.<\/p>\n<p>Un moment pendant lequel est \u00e9galement pr\u00e9vue la projection en avant-premi\u00e8re du documentaire <i>Cl\u00e9s de campagne<\/i>, qui se \u00ab\u00a0<i>penche sur les coulisses de l\u2019\u00e9lection municipale d\u2019Avignon, offrant un aper\u00e7u in\u00e9dit<\/i>\u00a0\u00bb, nous confie-t-on dans l\u2019entourage du maire. Un nouvel \u00e9l\u00e9ment de communication de l\u2019ex-pr\u00e9sentateur du 20\u00a0heures, lui qui en est friand et qui en a fait l\u2019une de ses forces.<\/p>\n<\/p><\/div>\n<div class=\"intext\"> Hors des partis\n              <\/div>\n<div class=\"paragraph\">\n<p>Avec cette cr\u00e9ation, il se r\u00e9affirme hors des partis traditionnels, comme il n\u2019a cess\u00e9 de le r\u00e9p\u00e9ter durant sa campagne. Il souhaite \u00e9galement impulser une dynamique pour d\u2019autres \u00e9ch\u00e9ances politiques. Avec, tout d\u2019abord, les s\u00e9natoriales en vue, o\u00f9 son adjointe et compagne, Ana\u00efs Haussman, se pr\u00e9sente. Et donc, on l\u2019imagine, d\u2019autres \u00e9ch\u00e9ances \u00e9lectorales.<\/p>\n<p>Une d\u00e9marche qui risque de remuer un peu plus la sph\u00e8re politique locale. Aux derni\u00e8res nouvelles, le choix de partir en solitaire pour un si\u00e8ge au palais du Luxembourg a agac\u00e9, \u00e0 droite comme \u00e0 gauche.<\/p>\n<\/p><\/div>\n","protected":false},"excerpt":{"rendered":"Ce qui a march&eacute; &agrave; Avignon aux &eacute;lections municipales va-t-il marcher ailleurs&nbsp;? C&rsquo;est en tout cas ce que semble penser le maire (DVD) Olivier Galzi, qui lance officiellement son micro-parti &laquo;&nbsp;Le bon sens des &#8230;","protected":false},"author":1,"featured_media":38896,"comment_status":"open","ping_status":"open","sticky":false,"template":"","format":"standard","meta":{"footnotes":""},"categories":[3926,3925,330],"tags":[174,789,1314,642,433,540,752,478,4914,5195,1478,171],"news-destination":[3944],"news-source":[475],"is_homepage":[],"ta_other":[],"class_list":["post-38895","post","type-post","status-publish","format-standard","has-post-thumbnail","hentry","category-accueil-merge","category-accueil-third","category-politique","tag-avignon","tag-campagne-electorale","tag-documentaire","tag-droite","tag-elections","tag-gauche","tag-maire","tag-municipales","tag-olivier-galzi","tag-senatoriales","tag-territoires","tag-vaucluse","news-destination-homepage","news-source-website"],"_links":{"self":[{"href":"https:\/\/euapp01.newsmemory.com\/lamarseillaise\/news\/wp-json\/wp\/v2\/posts\/38895","targetHints":{"allow":["GET"]}}],"collection":[{"href":"https:\/\/euapp01.newsmemory.com\/lamarseillaise\/news\/wp-json\/wp\/v2\/posts"}],"about":[{"href":"https:\/\/euapp01.newsmemory.com\/lamarseillaise\/news\/wp-json\/wp\/v2\/types\/post"}],"author":[{"embeddable":true,"href":"https:\/\/euapp01.newsmemory.com\/lamarseillaise\/news\/wp-json\/wp\/v2\/users\/1"}],"replies":[{"embeddable":true,"href":"https:\/\/euapp01.newsmemory.com\/lamarseillaise\/news\/wp-json\/wp\/v2\/comments?post=38895"}],"version-history":[{"count":1,"href":"https:\/\/euapp01.newsmemory.com\/lamarseillaise\/news\/wp-json\/wp\/v2\/posts\/38895\/revisions"}],"predecessor-version":[{"id":38897,"href":"https:\/\/euapp01.newsmemory.com\/lamarseillaise\/news\/wp-json\/wp\/v2\/posts\/38895\/revisions\/38897"}],"wp:featuredmedia":[{"embeddable":true,"href":"https:\/\/euapp01.newsmemory.com\/lamarseillaise\/news\/wp-json\/wp\/v2\/media\/38896"}],"wp:attachment":[{"href":"https:\/\/euapp01.newsmemory.com\/lamarseillaise\/news\/wp-json\/wp\/v2\/media?parent=38895"}],"wp:term":[{"taxonomy":"category","embeddable":true,"href":"https:\/\/euapp01.newsmemory.com\/lamarseillaise\/news\/wp-json\/wp\/v2\/categories?post=38895"},{"taxonomy":"post_tag","embeddable":true,"href":"https:\/\/euapp01.newsmemory.com\/lamarseillaise\/news\/wp-json\/wp\/v2\/tags?post=38895"},{"taxonomy":"news-destination","embeddable":true,"href":"https:\/\/euapp01.newsmemory.com\/lamarseillaise\/news\/wp-json\/wp\/v2\/news-destination?post=38895"},{"taxonomy":"news-source","embeddable":true,"href":"https:\/\/euapp01.newsmemory.com\/lamarseillaise\/news\/wp-json\/wp\/v2\/news-source?post=38895"},{"taxonomy":"is_homepage","embeddable":true,"href":"https:\/\/euapp01.newsmemory.com\/lamarseillaise\/news\/wp-json\/wp\/v2\/is_homepage?post=38895"},{"taxonomy":"ta_other","embeddable":true,"href":"https:\/\/euapp01.newsmemory.com\/lamarseillaise\/news\/wp-json\/wp\/v2\/ta_other?post=38895"}],"curies":[{"name":"wp","href":"https:\/\/api.w.org\/{rel}","templated":true}]}}