{"id":38892,"date":"2026-08-10T07:46:00","date_gmt":"2026-08-10T05:46:00","guid":{"rendered":"https:\/\/euapp01.newsmemory.com\/lamarseillaise\/news\/?p=38892"},"modified":"2026-08-17T07:15:17","modified_gmt":"2026-08-17T05:15:17","slug":"plusieurs-departs-de-feu-maitrises-durant-le-week-end-en-region-sud-paca","status":"publish","type":"post","link":"https:\/\/euapp01.newsmemory.com\/lamarseillaise\/news\/2026\/08\/10\/plusieurs-departs-de-feu-maitrises-durant-le-week-end-en-region-sud-paca\/","title":{"rendered":"Plusieurs d\u00e9parts de feu ma\u00eetris\u00e9s durant le week-end en region Sud Paca"},"content":{"rendered":"<div class=\"paragraph\">\n<p>Les sapeurs-pompiers ont d\u00fb intervenir par trois fois sur des incendies mena\u00e7ants dans Bouches-du-Rh\u00f4ne. La premi\u00e8re fois \u00e0 Salon-de-Provence, samedi apr\u00e8s-midi pour un feu qui a parcouru 4\u00a0000m<sup>2<\/sup> de v\u00e9g\u00e9tation mais qui a rapidement \u00e9t\u00e9 contenu gr\u00e2ce \u00e0 l\u2019action de 47 pompiers et un h\u00e9licopt\u00e8re bombardier d\u2019eau. Deuxi\u00e8me coup de chaud, dimanche cette fois, avec un incendie plus inqui\u00e9tant \u00e0 Fontvieille, dans le massif des Alpilles qui s\u2019est d\u00e9clar\u00e9 aux alentours des 16 heures. Si 90 sapeurs-pompiers sont d\u2019abord d\u00e9ploy\u00e9s, leur nombre passe rapidement \u00e0 200, appuy\u00e9s par un h\u00e9licopt\u00e8re et 3 Canadair en renfort. Le feu \u00e9tait \u00ab\u00a0fix\u00e9\u00a0\u00bb en d\u00e9but de soir\u00e9e, selon le Sdis\u00a013, apr\u00e8s avoir parcouru une dizaine d\u2019hectares. Enfin \u00e0 Fuveau, l\u2019incendie d\u2019une voiture s\u2019est propag\u00e9 dimanche \u00e0 la v\u00e9g\u00e9tation et a n\u00e9cessit\u00e9, l\u00e0 encore, l\u2019intervention d\u2019une soixante de pompiers appuy\u00e9s par des moyens a\u00e9riens. Incendie en bonne voie d\u2019extinction d\u00e8s le d\u00e9but de soir\u00e9e.<\/p>\n<p>Dans le Var, Si l\u2019incendie d\u2019ampleur de Gros Bessillon, a \u00e9t\u00e9 d\u00e9clar\u00e9 fix\u00e9 vendredi, de nombreux pompiers restaient sur le pont. M\u00eame principe pour l\u2019incendie \u00e0 Bayons, annonc\u00e9 comme \u00ab\u00a0contenu\u00a0\u00bb vendredi, dans les Alpes-de-Haute-Provence o\u00f9 s\u2019est rendue la pr\u00e9f\u00e8te, Isabelle Tomatis, ce samedi. \u00c0 Rousset-Serre-Pon\u00e7on, non loin du barrage dans les Hautes-Alpes, un feu d\u2019espace naturel s\u2019est d\u00e9clar\u00e9 samedi dans l\u2019apr\u00e8s-midi. S\u2019il a \u00e9t\u00e9 \u00ab\u00a0rapidement fix\u00e9\u00a0\u00bb il a tout de m\u00eame parcouru 2\u00a0000m<sup>2<\/sup>. Sch\u00e9ma similaire \u00e0 Peyruis, dans les Alpes-de-Haute-Provence o\u00f9 les pompiers sont intervenus, samedi pour un feu de broussailles. Finalement, 4\u00a0300m<sup>2<\/sup> sont partis en fum\u00e9e mais les habitations adjacentes ont \u00e9t\u00e9 prot\u00e9g\u00e9es.<\/p>\n<\/p><\/div>\n","protected":false},"excerpt":{"rendered":"Les sapeurs-pompiers ont d&ucirc; intervenir par trois fois sur des incendies mena&ccedil;ants dans Bouches-du-Rh&ocirc;ne. La premi&egrave;re fois &agrave; Salon-de-Provence, samedi apr&egrave;s-midi pour un feu qui a parcouru 4&nbsp;000m2 de &#8230;","protected":false},"author":1,"featured_media":38893,"comment_status":"open","ping_status":"open","sticky":false,"template":"","format":"standard","meta":{"footnotes":""},"categories":[3926,3925,333,20],"tags":[4768,10,314,318,1673,1353,319,1396,320,222,1674,31,988],"news-destination":[3944],"news-source":[475],"is_homepage":[],"ta_other":[],"class_list":["post-38892","post","type-post","status-publish","format-standard","has-post-thumbnail","hentry","category-accueil-merge","category-accueil-third","category-environnement","category-societe","tag-alpes","tag-bouches-du-rhone","tag-canadair","tag-feu","tag-feux","tag-helicoptere","tag-incendie","tag-incendies","tag-pompiers","tag-region-sud-paca","tag-sapeurs-pompiers","tag-var","tag-week-end","news-destination-homepage","news-source-website"],"_links":{"self":[{"href":"https:\/\/euapp01.newsmemory.com\/lamarseillaise\/news\/wp-json\/wp\/v2\/posts\/38892","targetHints":{"allow":["GET"]}}],"collection":[{"href":"https:\/\/euapp01.newsmemory.com\/lamarseillaise\/news\/wp-json\/wp\/v2\/posts"}],"about":[{"href":"https:\/\/euapp01.newsmemory.com\/lamarseillaise\/news\/wp-json\/wp\/v2\/types\/post"}],"author":[{"embeddable":true,"href":"https:\/\/euapp01.newsmemory.com\/lamarseillaise\/news\/wp-json\/wp\/v2\/users\/1"}],"replies":[{"embeddable":true,"href":"https:\/\/euapp01.newsmemory.com\/lamarseillaise\/news\/wp-json\/wp\/v2\/comments?post=38892"}],"version-history":[{"count":1,"href":"https:\/\/euapp01.newsmemory.com\/lamarseillaise\/news\/wp-json\/wp\/v2\/posts\/38892\/revisions"}],"predecessor-version":[{"id":38894,"href":"https:\/\/euapp01.newsmemory.com\/lamarseillaise\/news\/wp-json\/wp\/v2\/posts\/38892\/revisions\/38894"}],"wp:featuredmedia":[{"embeddable":true,"href":"https:\/\/euapp01.newsmemory.com\/lamarseillaise\/news\/wp-json\/wp\/v2\/media\/38893"}],"wp:attachment":[{"href":"https:\/\/euapp01.newsmemory.com\/lamarseillaise\/news\/wp-json\/wp\/v2\/media?parent=38892"}],"wp:term":[{"taxonomy":"category","embeddable":true,"href":"https:\/\/euapp01.newsmemory.com\/lamarseillaise\/news\/wp-json\/wp\/v2\/categories?post=38892"},{"taxonomy":"post_tag","embeddable":true,"href":"https:\/\/euapp01.newsmemory.com\/lamarseillaise\/news\/wp-json\/wp\/v2\/tags?post=38892"},{"taxonomy":"news-destination","embeddable":true,"href":"https:\/\/euapp01.newsmemory.com\/lamarseillaise\/news\/wp-json\/wp\/v2\/news-destination?post=38892"},{"taxonomy":"news-source","embeddable":true,"href":"https:\/\/euapp01.newsmemory.com\/lamarseillaise\/news\/wp-json\/wp\/v2\/news-source?post=38892"},{"taxonomy":"is_homepage","embeddable":true,"href":"https:\/\/euapp01.newsmemory.com\/lamarseillaise\/news\/wp-json\/wp\/v2\/is_homepage?post=38892"},{"taxonomy":"ta_other","embeddable":true,"href":"https:\/\/euapp01.newsmemory.com\/lamarseillaise\/news\/wp-json\/wp\/v2\/ta_other?post=38892"}],"curies":[{"name":"wp","href":"https:\/\/api.w.org\/{rel}","templated":true}]}}