{"id":38889,"date":"2026-08-10T07:48:00","date_gmt":"2026-08-10T05:48:00","guid":{"rendered":"https:\/\/euapp01.newsmemory.com\/lamarseillaise\/news\/?p=38889"},"modified":"2026-08-17T07:15:17","modified_gmt":"2026-08-17T05:15:17","slug":"marseille-chanot-le-parc-des-expositions-se-met-au-vert","status":"publish","type":"post","link":"https:\/\/euapp01.newsmemory.com\/lamarseillaise\/news\/2026\/08\/10\/marseille-chanot-le-parc-des-expositions-se-met-au-vert\/","title":{"rendered":"Marseille Chanot, le parc des expositions se met au vert"},"content":{"rendered":"<div class=\"paragraph\">\n<p>La reconnexion du Parc Chanot \u00e0 son environnement urbain se concr\u00e9tise. Le chantier d\u2019am\u00e9nagement des espaces ext\u00e9rieurs avance. Le site s\u2019est fortement d\u00e9simperm\u00e9abilis\u00e9. Des zones vertes et une piste cyclable donnent la mesure du travail accompli pour apporter plus de confort aux congressistes et l\u2019ouvrir aux citadins.<\/p>\n<p>Succ\u00e9dant \u00e0 la SAFIM qui g\u00e9rait le parc depuis 1985, Marseille Events, exploitant d\u00e9l\u00e9gu\u00e9 du Parc Chanot depuis janvier 2025 (avec CCIAMP Infrastructures), r\u00e9am\u00e9nage ces grands espaces pour les ouvrir sur la ville, lutter contre les \u00eelots de chaleur qu\u2019\u00e9taient ces grandes esplanades asphalt\u00e9es et us\u00e9es.<\/p>\n<\/p><\/div>\n<div class=\"intext\"> D\u00e9sasphalter les parkings\n              <\/div>\n<div class=\"paragraph\">\n<p>Le parc Amable Chanot est l\u2019h\u00e9ritier du champ de man\u0153uvres militaires du Rouet cr\u00e9\u00e9 en 1875 pour accueillir sur 20\u00a0hectares un r\u00e9giment entier de cavalerie. Par la suite, le succ\u00e8s des expositions coloniales de 1906 et 1922, celle de l\u2019\u00e9lectricit\u00e9 de 1908, en ont fait le parc incontournable des expositions et des congr\u00e8s. Marseille, laur\u00e9ate du label europ\u00e9en \u00ab\u00a0100\u00a0villes neutres en carbone d\u2019ici 2030\u00a0\u00bb, se devait de transformer ce grand parc en c\u0153ur de ville.<\/p>\n<p>En se dirigeant vers le Pavillon des Arts, le promeneur est accueilli par 500m\u00b2 d\u2019espaces verts am\u00e9nag\u00e9s. 2\u00a0000m\u00b2 de surface ont \u00e9t\u00e9 d\u00e9simperm\u00e9abilis\u00e9s. L\u2019objectif est de passer de 2% \u00e0 10% d\u2019espaces perm\u00e9ables sur tout le parc. 76\u00a0bancs et 36\u00a0m\u00e8tres lin\u00e9aires de tables ont \u00e9t\u00e9 install\u00e9s. Un \u00e9crin v\u00e9g\u00e9tal met en valeur le Pavillon des arts de Provence, vestige de l\u2019exposition coloniale de 1922, avec les atlantes du sculpteur Louis Botinelly et les mosa\u00efques de l\u2019artisan d\u2019art Patrizio con\u00e7ues d\u2019apr\u00e8s les dessins de Val\u00e8re Bernard.<\/p>\n<p>\u00c0 proximit\u00e9, une petite \u00ab\u00a0palmeraie\u00a0\u00bb rafra\u00eechit l\u2019esplanade du Palais des \u00c9v\u00e9nements. La nature en petits pots d\u00e9pla\u00e7ables ne sera jamais qu\u2019une illusion de for\u00eat urbaine. Les am\u00e9nageurs l\u2019ont bien compris\u00a0: ce parc reste structur\u00e9 par ses longs mails de micocouliers et de tilleuls. 22 arbres ont d\u2019ailleurs \u00e9t\u00e9 plant\u00e9s.<\/p>\n<p>Pour renforcer les mobilit\u00e9s douces, un long ruban bleu marine traverse le parc, sur 900\u00a0m\u00e8tres, de la porte du Rond-Point du Prado \u00e0 la porte de la rue Raymond Teisseire. Cette piste cyclable s\u00e9curis\u00e9e et en partie ombrag\u00e9e, raccorde ainsi les quartiers de Saint-Giniez, du Rouet et de Sainte-Marguerite.<\/p>\n<p>Progressivement, la grande esplanade se v\u00e9g\u00e9talise\u00a0: 10\u00a0000m<sup>2<\/sup> de parking (1\u00a0800\u00a0places) sont d\u00e9sasphalt\u00e9s, remplac\u00e9s par une couche drainante ocre. L\u2019an prochain, la zone arri\u00e8re d\u2019exposition des piscines doit devenir une \u00ab\u00a0oasis\u00a0\u00bb de biodiversit\u00e9. Un regret\u00a0: oubli\u00e9es dans le programme, les grilles Art D\u00e9co de Louis Trichard font grise mine. Leur restauration urge.<\/p>\n<\/p><\/div>\n","protected":false},"excerpt":{"rendered":"La reconnexion du Parc Chanot &agrave; son environnement urbain se concr&eacute;tise. Le chantier d&rsquo;am&eacute;nagement des espaces ext&eacute;rieurs avance. Le site s&rsquo;est fortement d&eacute;simperm&eacute;abilis&eacute;. Des zones vertes &#8230;","protected":false},"author":1,"featured_media":38890,"comment_status":"open","ping_status":"open","sticky":false,"template":"","format":"standard","meta":{"footnotes":""},"categories":[3926,3925,20],"tags":[84,10,6231,26,39,1548,16,6232,1389,1884,4748,2223,38,895,522,668,180,2147,2552],"news-destination":[3944],"news-source":[475],"is_homepage":[],"ta_other":[],"class_list":["post-38889","post","type-post","status-publish","format-standard","has-post-thumbnail","hentry","category-accueil-merge","category-accueil-third","category-societe","tag-biodiversite","tag-bouches-du-rhone","tag-cciamp","tag-environnement","tag-expositions","tag-ilots-de-chaleur","tag-marseille","tag-marseille-events","tag-mobilites-douces","tag-parc-chanot","tag-pavillon","tag-piscines","tag-programme","tag-provence","tag-proximite","tag-quartiers","tag-restauration","tag-sculpteur","tag-velos","news-destination-homepage","news-source-website"],"_links":{"self":[{"href":"https:\/\/euapp01.newsmemory.com\/lamarseillaise\/news\/wp-json\/wp\/v2\/posts\/38889","targetHints":{"allow":["GET"]}}],"collection":[{"href":"https:\/\/euapp01.newsmemory.com\/lamarseillaise\/news\/wp-json\/wp\/v2\/posts"}],"about":[{"href":"https:\/\/euapp01.newsmemory.com\/lamarseillaise\/news\/wp-json\/wp\/v2\/types\/post"}],"author":[{"embeddable":true,"href":"https:\/\/euapp01.newsmemory.com\/lamarseillaise\/news\/wp-json\/wp\/v2\/users\/1"}],"replies":[{"embeddable":true,"href":"https:\/\/euapp01.newsmemory.com\/lamarseillaise\/news\/wp-json\/wp\/v2\/comments?post=38889"}],"version-history":[{"count":1,"href":"https:\/\/euapp01.newsmemory.com\/lamarseillaise\/news\/wp-json\/wp\/v2\/posts\/38889\/revisions"}],"predecessor-version":[{"id":38891,"href":"https:\/\/euapp01.newsmemory.com\/lamarseillaise\/news\/wp-json\/wp\/v2\/posts\/38889\/revisions\/38891"}],"wp:featuredmedia":[{"embeddable":true,"href":"https:\/\/euapp01.newsmemory.com\/lamarseillaise\/news\/wp-json\/wp\/v2\/media\/38890"}],"wp:attachment":[{"href":"https:\/\/euapp01.newsmemory.com\/lamarseillaise\/news\/wp-json\/wp\/v2\/media?parent=38889"}],"wp:term":[{"taxonomy":"category","embeddable":true,"href":"https:\/\/euapp01.newsmemory.com\/lamarseillaise\/news\/wp-json\/wp\/v2\/categories?post=38889"},{"taxonomy":"post_tag","embeddable":true,"href":"https:\/\/euapp01.newsmemory.com\/lamarseillaise\/news\/wp-json\/wp\/v2\/tags?post=38889"},{"taxonomy":"news-destination","embeddable":true,"href":"https:\/\/euapp01.newsmemory.com\/lamarseillaise\/news\/wp-json\/wp\/v2\/news-destination?post=38889"},{"taxonomy":"news-source","embeddable":true,"href":"https:\/\/euapp01.newsmemory.com\/lamarseillaise\/news\/wp-json\/wp\/v2\/news-source?post=38889"},{"taxonomy":"is_homepage","embeddable":true,"href":"https:\/\/euapp01.newsmemory.com\/lamarseillaise\/news\/wp-json\/wp\/v2\/is_homepage?post=38889"},{"taxonomy":"ta_other","embeddable":true,"href":"https:\/\/euapp01.newsmemory.com\/lamarseillaise\/news\/wp-json\/wp\/v2\/ta_other?post=38889"}],"curies":[{"name":"wp","href":"https:\/\/api.w.org\/{rel}","templated":true}]}}