{"id":38886,"date":"2026-08-10T07:34:00","date_gmt":"2026-08-10T05:34:00","guid":{"rendered":"https:\/\/euapp01.newsmemory.com\/lamarseillaise\/news\/?p=38886"},"modified":"2026-08-17T07:15:17","modified_gmt":"2026-08-17T05:15:17","slug":"lom-plus-athletique-que-bilbao","status":"publish","type":"post","link":"https:\/\/euapp01.newsmemory.com\/lamarseillaise\/news\/2026\/08\/10\/lom-plus-athletique-que-bilbao\/","title":{"rendered":"L\u2019OM plus athl\u00e9tique que Bilbao"},"content":{"rendered":"<div class=\"paragraph\">\n<p>Bruno Genesio \u00e9tait serein, lorsqu\u2019il s\u2019est pr\u00e9sent\u00e9 en zone mixte.<\/p>\n<p>Son \u00e9quipe venait de lui offrir une victoire nette et presque sans bavure, pour sa premi\u00e8re au V\u00e9lodrome, \u00ab\u00a0<i>du bon c\u00f4t\u00e9, c\u2019est encore plus plaisant<\/i>\u00a0\u00bb a-t-il m\u00eame plaisant\u00e9. M\u00eame si le jardin des Phoc\u00e9ens n\u2019\u00e9tait pas \u00e0 sa jauge maximale, ils \u00e9taient n\u00e9anmoins environ 45\u00a0000 \u00e0 \u00eatre venus, par curiosit\u00e9 sans doute, assister \u00e0 ce qui s\u2019est transform\u00e9 en d\u00e9monstration marseillaise.<\/p>\n<p>\u00ab\u00a0<i>Nous avons affront\u00e9 un adversaire sup\u00e9rieur \u00e0 ceux que nous avons crois\u00e9s jusque-l\u00e0. Et j\u2019ai pu voir que les joueurs ont enregistr\u00e9 ce que j\u2019attends d\u2019eux<\/i><i>\u00a0<\/i>\u00bb, a confess\u00e9 le nouvel entra\u00eeneur olympien. Gr\u00e2ce \u00e0 Angel Gomes, l\u2019OM a rapidement concr\u00e9tis\u00e9 sa bonne entame, et aurait m\u00eame pu virer avec un avantage plus important, sans la main ferme d\u2019Alex Padilla. La doublure du champion du Monde Una\u00ef Simon a retard\u00e9 l\u2019\u00e9ch\u00e9ance d\u2019un succ\u00e8s marseillais qui se dessinait.<\/p>\n<p>Et que des buts sign\u00e9s Igor Paix\u00e3o avant la pause, et Tajidine Mmadi en fin de match, ont permis de mat\u00e9rialiser. \u00ab\u00a0<i>J\u2019ai appr\u00e9ci\u00e9 l\u2019\u00e9tat d\u2019esprit des joueurs qui ont d\u00e9but\u00e9, et le fait que ceux qui sont entr\u00e9s en jeu ont su conserver le niveau vu en premi\u00e8re p\u00e9riode<\/i><i>\u00a0<\/i>\u00bb, souligne Bruno Genesio.<\/p>\n<p>Son onze de d\u00e9part, malgr\u00e9 la cascade de d\u00e9parts d\u00e9j\u00e0 act\u00e9s et ceux \u00e0 venir, avaient de quoi s\u00e9duire. Avec Amine Harit positionn\u00e9 dans le couloir droit de l\u2019attaque, et un axe d\u00e9fensif Balerdi &#8211; Corn\u00e9lius plut\u00f4t bien inspir\u00e9. Toutefois, malgr\u00e9 ses airs d\u2019\u00e9quipe type, il n\u2019est pas certain que ce soit celui que le strat\u00e8ge olympien alignera le 21\u00a0ao\u00fbt contre Strasbourg.<\/p>\n<\/p><\/div>\n<div class=\"intext\"> \u00ab\u00a0Je ne vais pas monter<br \/>\n               <br \/>au plafond\u00a0\u00bb\n              <\/div>\n<div class=\"paragraph\">\n<p>\u00ab\u00a0<i>J\u2019ai pu mettre certaines choses en place. Et je compterai sur tous ceux qui seront encore l\u00e0 le 1<\/i><i><sup>er<\/sup><\/i><i>\u00a0<\/i><i>septembre.<\/i><i>\u00a0<\/i>\u00bb Ceux qu\u2019il avait choisis pour d\u00e9buter face \u00e0 l\u2019Athletic Bilbao ont en tout cas jou\u00e9 le jeu \u00e0 fond. Ils ont mordu dans le match et n\u2019ont pas fait de cadeau \u00e0 une formation basque qui n\u2019a exist\u00e9 que par intermittence.<\/p>\n<p>\u00ab\u00a0<i>Cette victoire valide nos cinq semaines de travail<\/i><i>\u00a0<\/i>\u00bb, admet Bruno Genesio. En reconnaissant \u00ab\u00a0<i>avoir vu sur le terrain ce qui a \u00e9t\u00e9 travaill\u00e9 \u00e0 l\u2019entra\u00eenement<\/i><i>\u00a0<\/i>\u00bb. Reconnaissance toutefois qu\u2019il n\u2019allait \u00ab\u00a0<i>pas monter au plafond, car il y a encore du travail<\/i><i>\u00a0<\/i>\u00bb. Et qu\u2019en fonction des d\u00e9parts qui risquent encore de venir, il sait qu\u2019il devra reprendre certains fondamentaux travaill\u00e9s notamment aux Pays-Bas. Surtout lorsque d\u2019\u00e9ventuelles recrues vont arriver.<\/p>\n<p>La victoire face \u00e0 Bilbao est en tout cas une bonne op\u00e9ration, dans une pr\u00e9paration o\u00f9 l\u2019OM monte en r\u00e9gime. D\u00e8s vendredi, un autre adversaire, l\u2019Atl\u00e9tico de Madrid, d\u2019un niveau nettement sup\u00e9rieur, va se pr\u00e9senter aux Olympiens pour ce qui sera sans doute la r\u00e9p\u00e9tition g\u00e9n\u00e9rale avant la r\u00e9ception de Strasbourg, pour lancer la Ligue 1, le 21\u00a0ao\u00fbt.<\/p>\n<p>D\u2019ici l\u00e0, Bruno Genesio va poursuivre son travail, dans des conditions qui ne sont pas id\u00e9ales. \u00ab\u00a0<i>Je le savais, mais je ne m\u2019attendais pas \u00e0 ce que ce soit \u00e0 ce point-l\u00e0<\/i><i>\u00a0<\/i>\u00bb, soupire-t-il. Conscient que, dans l\u2019attente de nouvelles t\u00eates, \u00ab\u00a0<i>je vais devoir tirer 100% du groupe qui sera \u00e0 ma disposition<\/i><i>\u00a0<\/i>\u00bb. Notamment les jeunes, dont il reconna\u00eet \u00ab\u00a0<i>qu\u2019ils travaillent bien et ont un bon esprit<\/i><i>\u00a0<\/i>\u00bb.<\/p>\n<p>Keyliann B\u00e9zahaf est celui qui a b\u00e9n\u00e9fici\u00e9 du plus long temps de jeu, dimanche. Il s\u2019est bien int\u00e9gr\u00e9 dans une d\u00e9fense finalement moins mise sous pression, mais qui a n\u00e9anmoins d\u00fb se montrer vigilante sur les rares coups d\u2019acc\u00e9l\u00e9rateur basque.<\/p>\n<p>Alexi Koum, Keyliane Abdallah, Mohamed Baradji ont aussi montr\u00e9 de belles choses durant leur pr\u00e9sence. Mais le minot qui a eu la plus belle des r\u00e9compenses est Tajidine Mmadi. Rentr\u00e9 au poste d\u2019Igor Paix\u00e3o, auteur du deuxi\u00e8me but marseillais, il s\u2019est montr\u00e9 efficace et appliqu\u00e9. Pour finalement inscrire le but qui a assis d\u00e9finitivement le succ\u00e8s marseillais.<\/p>\n<p>Du c\u00f4t\u00e9 du V\u00e9lodrome, vacances obligent, c\u2019est une petite chambr\u00e9e qui a accompagn\u00e9 les Olympiens. N\u00e9anmoins, s\u2019il n\u2019y a pas eu l\u2019ambiance habituelle, les pr\u00e9sents ont pouss\u00e9 avec leur \u00e9quipe et appr\u00e9ci\u00e9 le jeu d\u00e9velopp\u00e9.<\/p>\n<\/p><\/div>\n<div class=\"paragraph\">\n<p><i><b>OM 3 (2)<\/b><\/i><\/p>\n<p><i><b>ATHLETIC BILBAO 1 (1)<\/b><\/i><\/p>\n<p><i>Match amical<\/i><\/p>\n<p>Stade V\u00e9lodrome (43 000 spectateurs environ)<\/p>\n<p><b>Arbitre : <\/b>M. Bollengier.<\/p>\n<p><b>Buts :<\/b> Gomes (10), Paix\u00e3o (40), Mmadi, 86) pour l\u2019OM, Sancet (38) pour Bilbao.<\/p>\n<p><b>Avertissements :<\/b> Weah (39) \u00e0 l\u2019OM, Guruzeta (17), Paredes (43), Berchiche (55) \u00e0 Bilbao.<\/p>\n<p><b>OM : <\/b>de Lange &#8211; Weah (Timber, 64), Balerdi (B\u00e9zahaf, 64), Corn\u00e9lius (Kondogbia, 46), Emerson (Koum, 70) &#8211; Abdelli (Nnadi, 46), H\u00f6jbjerg (Baradji, 82), Gomes (Garcia, 70) &#8211; Harit (Abdallah,70), Gouiri (Maupay, 46), Paix\u00e3o (MMadi, 70).<\/p>\n<p><b>Entra\u00eeneur : <\/b>B. Genesio.<\/p>\n<p><b>BILBAO : <\/b>Padilla -Rincon, Yeray, Paredes, Berchiche &#8211; Jaurezizar, Canales, Sancet &#8211; Williams, Navarro, Guruzeta. Sont entr\u00e9s en jeu : de la Galarereta, Areso, Santos, Maroan, Berenguer, Johaneko, Rego, Selton, Gere.<\/p>\n<p><b>Entra\u00eeneur : <\/b>E. Terzic.<\/p>\n<\/p><\/div>\n","protected":false},"excerpt":{"rendered":"Bruno Genesio &eacute;tait serein, lorsqu&rsquo;il s&rsquo;est pr&eacute;sent&eacute; en zone mixte. Son &eacute;quipe venait de lui offrir une victoire nette et presque sans bavure, pour sa premi&egrave;re au V&eacute;lodrome, &laquo;&nbsp;du bon &#8230;","protected":false},"author":1,"featured_media":38887,"comment_status":"open","ping_status":"open","sticky":false,"template":"","format":"standard","meta":{"footnotes":""},"categories":[3926,3925,7],"tags":[10,13,16,5298,14],"news-destination":[3944],"news-source":[475],"is_homepage":[],"ta_other":[],"class_list":["post-38886","post","type-post","status-publish","format-standard","has-post-thumbnail","hentry","category-accueil-merge","category-accueil-third","category-sports","tag-bouches-du-rhone","tag-football","tag-marseille","tag-match-amical","tag-om","news-destination-homepage","news-source-website"],"_links":{"self":[{"href":"https:\/\/euapp01.newsmemory.com\/lamarseillaise\/news\/wp-json\/wp\/v2\/posts\/38886","targetHints":{"allow":["GET"]}}],"collection":[{"href":"https:\/\/euapp01.newsmemory.com\/lamarseillaise\/news\/wp-json\/wp\/v2\/posts"}],"about":[{"href":"https:\/\/euapp01.newsmemory.com\/lamarseillaise\/news\/wp-json\/wp\/v2\/types\/post"}],"author":[{"embeddable":true,"href":"https:\/\/euapp01.newsmemory.com\/lamarseillaise\/news\/wp-json\/wp\/v2\/users\/1"}],"replies":[{"embeddable":true,"href":"https:\/\/euapp01.newsmemory.com\/lamarseillaise\/news\/wp-json\/wp\/v2\/comments?post=38886"}],"version-history":[{"count":1,"href":"https:\/\/euapp01.newsmemory.com\/lamarseillaise\/news\/wp-json\/wp\/v2\/posts\/38886\/revisions"}],"predecessor-version":[{"id":38888,"href":"https:\/\/euapp01.newsmemory.com\/lamarseillaise\/news\/wp-json\/wp\/v2\/posts\/38886\/revisions\/38888"}],"wp:featuredmedia":[{"embeddable":true,"href":"https:\/\/euapp01.newsmemory.com\/lamarseillaise\/news\/wp-json\/wp\/v2\/media\/38887"}],"wp:attachment":[{"href":"https:\/\/euapp01.newsmemory.com\/lamarseillaise\/news\/wp-json\/wp\/v2\/media?parent=38886"}],"wp:term":[{"taxonomy":"category","embeddable":true,"href":"https:\/\/euapp01.newsmemory.com\/lamarseillaise\/news\/wp-json\/wp\/v2\/categories?post=38886"},{"taxonomy":"post_tag","embeddable":true,"href":"https:\/\/euapp01.newsmemory.com\/lamarseillaise\/news\/wp-json\/wp\/v2\/tags?post=38886"},{"taxonomy":"news-destination","embeddable":true,"href":"https:\/\/euapp01.newsmemory.com\/lamarseillaise\/news\/wp-json\/wp\/v2\/news-destination?post=38886"},{"taxonomy":"news-source","embeddable":true,"href":"https:\/\/euapp01.newsmemory.com\/lamarseillaise\/news\/wp-json\/wp\/v2\/news-source?post=38886"},{"taxonomy":"is_homepage","embeddable":true,"href":"https:\/\/euapp01.newsmemory.com\/lamarseillaise\/news\/wp-json\/wp\/v2\/is_homepage?post=38886"},{"taxonomy":"ta_other","embeddable":true,"href":"https:\/\/euapp01.newsmemory.com\/lamarseillaise\/news\/wp-json\/wp\/v2\/ta_other?post=38886"}],"curies":[{"name":"wp","href":"https:\/\/api.w.org\/{rel}","templated":true}]}}