{"id":38883,"date":"2026-08-10T07:37:00","date_gmt":"2026-08-10T05:37:00","guid":{"rendered":"https:\/\/euapp01.newsmemory.com\/lamarseillaise\/news\/?p=38883"},"modified":"2026-08-17T07:15:17","modified_gmt":"2026-08-17T05:15:17","slug":"ce-sable-rapporte-sur-les-plages-de-saint-mandrier-qui-fait-grincer-les-dents-des-militants","status":"publish","type":"post","link":"https:\/\/euapp01.newsmemory.com\/lamarseillaise\/news\/2026\/08\/10\/ce-sable-rapporte-sur-les-plages-de-saint-mandrier-qui-fait-grincer-les-dents-des-militants\/","title":{"rendered":"Ce sable rapport\u00e9 sur les plages de Saint-Mandrier qui fait grincer les dents des militants"},"content":{"rendered":"<div class=\"paragraph\">\n<p>Dominique Calmet pour l\u2019Association pour la protection de l\u2019environnement de Saint-Mandrier (APE) poursuit inlassablement, m\u00eame au c\u0153ur de l\u2019\u00e9t\u00e9, sa mission de lanceur d\u2019alerte en mettant en avant de nouvelles entorses \u00e0 la l\u00e9galit\u00e9 ou du moins des libert\u00e9s prises par les \u00e9lus sans \u00e9tudes d\u2019impact. En cause toujours les recharges de sable effectu\u00e9es, cette fois \u00ab\u00a0<i>par des travaux qualifi\u00e9s d\u2019entretien<\/i>\u00a0\u00bb, d\u00e9nonce-t-il. Ce qui permet aux communes de s\u2019exon\u00e9rer des demandes d\u2019autorisation \u00ab\u00a0<i>en laissant les herbiers de posidonie prot\u00e9g\u00e9s en payer le prix<\/i>\u00a0\u00bb. Une d\u00e9marche qui se serait g\u00e9n\u00e9ralis\u00e9e dans le d\u00e9partement. Sauf bien s\u00fbr sur la plage de Sainte Asile qui fait office aujourd\u2019hui, paradoxalement, d\u2019\u00eelot prot\u00e9g\u00e9, apr\u00e8s une longue bataille en justice remport\u00e9e par l\u2019APE.<\/p>\n<p>Depuis 2019, l\u2019association documentait ici les recharges r\u00e9p\u00e9t\u00e9es en sable de la plage effectu\u00e9es sans \u00e9tude d\u2019impact. Et le 15 mai 2025, le tribunal administratif de Marseille a annul\u00e9 l\u2019autorisation pr\u00e9fectorale, jugeant les incidences sur l\u2019herbier suffisamment notables pour exiger une \u00e9tude d\u2019impact compl\u00e8te. R\u00e9sultat concret\u00a0: le rechargement massif pr\u00e9vu pour 2026 n\u2019a pas eu lieu. Seule une op\u00e9ration de reprofilage sans apport de sable.<\/p>\n<\/p><\/div>\n<div class=\"intext\"> Herbiers de posidonies menac\u00e9s et pollution\n              <\/div>\n<div class=\"paragraph\">\n<p>Ce qui n\u2019est pas le cas selon les d\u00e9fenseurs de l\u2019environnement des quatre autres plages de la commune, notamment les 15 et 16 juillet derniers. \u00ab\u00a0<i>Un communiqu\u00e9 municipal pr\u00e9cisait seulement que les travaux se d\u00e9rouleraient de nuit, entre 22h et 6h, pour limiter la g\u00eane. Aucune information sur l\u2019origine du sable apport\u00e9, ni sur le fondement juridique de l\u2019op\u00e9ration, n\u2019a \u00e9t\u00e9<\/i> <i>communiqu\u00e9e, pas plus sur le site de la mairie que lors des conseils municipaux<\/i><i>\u00a0<\/i>\u00bb, s\u2019\u00e9poumone l\u2019oc\u00e9anographe. Et de poursuivre\u00a0: \u00ab<i>\u00a0<\/i><i>J\u2019ai demand\u00e9 \u00e0 la mairie de m\u2019envoyer une copie de l\u2019autorisation administrative de ces travaux sans que cela soit suivi d\u2019effet.<\/i>\u00a0\u00bb<\/p>\n<p>Pour le scientifique le plus grave ce sont ceux r\u00e9alis\u00e9s \u00e0 la vieille \u00ab\u00a0<i>\u00e0 moins de dix m\u00e8tres du r\u00e9cif frangeant de posidonie qui borde la plage<\/i>\u00a0\u00bb, une formation d\u2019herbier particuli\u00e8rement fragile, dont l\u2019ensablement des rhizomes est d\u00e9j\u00e0 en cours. \u00ab\u00a0<i>Sans intervention, cet herbier risque de conna\u00eetre, dans les prochaines ann\u00e9es un d\u00e9clin progressif<\/i><i>\u00a0<\/i>\u00bb, alerte-t-il. Avec le sable d\u00e9pos\u00e9 qui finira immanquablement dispers\u00e9 sur le banc.<\/p>\n<p>Une intervention similaire selon l\u2019association \u00e0 celle effectu\u00e9e sur la plage de Sainte Asile que le tribunal administratif de Marseille a jug\u00e9 ill\u00e9gale. Autre vrai sujet de pr\u00e9occupation\u00a0: la pollution par un \u00e9missaire rejetant des eaux us\u00e9es provenant du terrain militaire en surplomb.<\/p>\n<p>\u00ab\u00a0<i>On a carr\u00e9ment des eaux d\u2019\u00e9gout qui sortent des installations de la marine et qui se jettent sur la plage de Grave-Cavalas, j\u2019ai fait des pr\u00e9l\u00e8vements et les r\u00e9sultats sont cat\u00e9goriques<\/i>\u00a0\u00bb, pr\u00e9cise Dominique Calmet. Et de poursuivre\u00a0: \u00ab\u00a0<i>Le laboratoire d\u2019analyse a retrouv\u00e9 par exemple 2<\/i><i>\u00a0<\/i><i>000<\/i><i>\u00a0<\/i><i>ent\u00e9rocoques intestinaux par 100<\/i><i>\u00a0<\/i><i>ml, c\u2019est \u00e9norme<\/i>\u00a0!\u00a0\u00bb Des r\u00e9sultats que la ville r\u00e9fute tout aussi cat\u00e9goriquement partant plut\u00f4t de \u00ab\u00a0<i>pollution psychologique<\/i><i>\u00a0<\/i>\u00bb de l\u2019association, en assurant que les eaux de baignade sont de bonne qualit\u00e9. \u00ab\u00a0<i>Le maire dit que je dois faire mes pr\u00e9l\u00e8vements avec une bouteille souill\u00e9e. Or, plus jeune, j\u2019ai pass\u00e9 un certificat de bact\u00e9riologie, virologie pour pouvoir travailler \u00e0 l\u2019h\u00f4pital et payer mes \u00e9tudes, donc pr\u00e9lever et conserver les \u00e9chantillons c\u2019est quelque chose que je sais faire<\/i><i>\u00a0<\/i>\u00bb, affirme le scientifique.<\/p>\n<p>Affaire \u00e0 suivre donc.<\/p>\n<\/p><\/div>\n","protected":false},"excerpt":{"rendered":"Dominique Calmet pour l&rsquo;Association pour la protection de l&rsquo;environnement de Saint-Mandrier (APE) poursuit inlassablement, m&ecirc;me au c&oelig;ur de l&rsquo;&eacute;t&eacute;, sa mission de lanceur d&rsquo;alerte en mettant en avant de &#8230;","protected":false},"author":1,"featured_media":38884,"comment_status":"open","ping_status":"open","sticky":false,"template":"","format":"standard","meta":{"footnotes":""},"categories":[3926,3925,333,20],"tags":[84,1434,697,357,109,16,888,116,83,1131,537,1058,597,166,790,31],"news-destination":[3944],"news-source":[475],"is_homepage":[],"ta_other":[],"class_list":["post-38883","post","type-post","status-publish","format-standard","has-post-thumbnail","hentry","category-accueil-merge","category-accueil-third","category-environnement","category-societe","tag-biodiversite","tag-ecologie","tag-elus","tag-erosion","tag-littoral","tag-marseille","tag-plages","tag-pollution","tag-posidonie","tag-prefecture","tag-protection","tag-science","tag-toulon","tag-travaux","tag-tribunal-administratif","tag-var","news-destination-homepage","news-source-website"],"_links":{"self":[{"href":"https:\/\/euapp01.newsmemory.com\/lamarseillaise\/news\/wp-json\/wp\/v2\/posts\/38883","targetHints":{"allow":["GET"]}}],"collection":[{"href":"https:\/\/euapp01.newsmemory.com\/lamarseillaise\/news\/wp-json\/wp\/v2\/posts"}],"about":[{"href":"https:\/\/euapp01.newsmemory.com\/lamarseillaise\/news\/wp-json\/wp\/v2\/types\/post"}],"author":[{"embeddable":true,"href":"https:\/\/euapp01.newsmemory.com\/lamarseillaise\/news\/wp-json\/wp\/v2\/users\/1"}],"replies":[{"embeddable":true,"href":"https:\/\/euapp01.newsmemory.com\/lamarseillaise\/news\/wp-json\/wp\/v2\/comments?post=38883"}],"version-history":[{"count":1,"href":"https:\/\/euapp01.newsmemory.com\/lamarseillaise\/news\/wp-json\/wp\/v2\/posts\/38883\/revisions"}],"predecessor-version":[{"id":38885,"href":"https:\/\/euapp01.newsmemory.com\/lamarseillaise\/news\/wp-json\/wp\/v2\/posts\/38883\/revisions\/38885"}],"wp:featuredmedia":[{"embeddable":true,"href":"https:\/\/euapp01.newsmemory.com\/lamarseillaise\/news\/wp-json\/wp\/v2\/media\/38884"}],"wp:attachment":[{"href":"https:\/\/euapp01.newsmemory.com\/lamarseillaise\/news\/wp-json\/wp\/v2\/media?parent=38883"}],"wp:term":[{"taxonomy":"category","embeddable":true,"href":"https:\/\/euapp01.newsmemory.com\/lamarseillaise\/news\/wp-json\/wp\/v2\/categories?post=38883"},{"taxonomy":"post_tag","embeddable":true,"href":"https:\/\/euapp01.newsmemory.com\/lamarseillaise\/news\/wp-json\/wp\/v2\/tags?post=38883"},{"taxonomy":"news-destination","embeddable":true,"href":"https:\/\/euapp01.newsmemory.com\/lamarseillaise\/news\/wp-json\/wp\/v2\/news-destination?post=38883"},{"taxonomy":"news-source","embeddable":true,"href":"https:\/\/euapp01.newsmemory.com\/lamarseillaise\/news\/wp-json\/wp\/v2\/news-source?post=38883"},{"taxonomy":"is_homepage","embeddable":true,"href":"https:\/\/euapp01.newsmemory.com\/lamarseillaise\/news\/wp-json\/wp\/v2\/is_homepage?post=38883"},{"taxonomy":"ta_other","embeddable":true,"href":"https:\/\/euapp01.newsmemory.com\/lamarseillaise\/news\/wp-json\/wp\/v2\/ta_other?post=38883"}],"curies":[{"name":"wp","href":"https:\/\/api.w.org\/{rel}","templated":true}]}}