{"id":38879,"date":"2026-08-10T07:24:00","date_gmt":"2026-08-10T05:24:00","guid":{"rendered":"https:\/\/euapp01.newsmemory.com\/lamarseillaise\/news\/?p=38879"},"modified":"2026-08-16T09:50:59","modified_gmt":"2026-08-16T07:50:59","slug":"ludovic-irreductible-greviste-dharibo-et-fier-de-son-boulot","status":"publish","type":"post","link":"https:\/\/euapp01.newsmemory.com\/lamarseillaise\/news\/2026\/08\/10\/ludovic-irreductible-greviste-dharibo-et-fier-de-son-boulot\/","title":{"rendered":"Ludovic, irr\u00e9ductible gr\u00e9viste d\u2019Haribo et fier de son boulot"},"content":{"rendered":"<div class=\"paragraph\">\n<p>Avec 32\u00a0ans d\u2019anciennet\u00e9 au sein de l\u2019usine d\u2019Haribo \u00e0 Marseille, Ludovic Mayer a vu des tonnes de bonbons d\u00e9filer sur les lignes de productions.<\/p>\n<p>Il fait partie de ces salari\u00e9s pour qui le travail au si\u00e8ge social fran\u00e7ais du roi de la confiserie repr\u00e9sente s\u00fbrement plus qu\u2019un simple job. \u00ab\u00a0<i>Je suis fier de parler d\u2019Haribo \u00e0 mon entourage, j\u2019aime la marque, ce n\u2019est pas pour rien que je suis l\u00e0 depuis 32<\/i><i>\u00a0<\/i><i>ans, malgr\u00e9 les hauts et les bas<\/i>\u00a0\u00bb, explique-t-il, avec visiblement un certain attachement. Pourtant, depuis plus de sept semaines, ce syndiqu\u00e9 de Force ouvri\u00e8re et \u00e9lu suppl\u00e9ant au comit\u00e9 social et \u00e9conomique (CSE) de l\u2019entreprise, conna\u00eet plus de bas que de hauts.<\/p>\n<p>Car il fait aussi partie des irr\u00e9ductibles gr\u00e9vistes qui r\u00e9clament inlassablement une hausse de salaire. Comme d\u2019autres, il multiplie les heures de gr\u00e8ve face un dialogue social plus que difficile et une direction qui renvoie de potentielles n\u00e9gociations \u00e0 l\u2019an p\u00e8bre&#8230; \u00ab<i>\u00a0<\/i><i>On a vraiment atteint un haut niveau d\u2019incompr\u00e9hension avec la direction <\/i><i>sur la r\u00e9partition de la valeur, notamment par rapport aux efforts faits par les salari\u00e9s \u00e0 la production<\/i><i>\u00a0<\/i>\u00bb, d\u00e9nonce-t-il. Avant d\u2019aborder le fond du conflit\u00a0: \u00ab<i>\u00a0<\/i><i>Ce qui \u00e9tait propos\u00e9, c\u2019\u00e9tait une augmentation au niveau de l\u2019inflation de l\u2019ann\u00e9e pr\u00e9c\u00e9dente, c\u2019est-\u00e0-dire 0,9% de la masse salariale donc environ 360<\/i><i>\u00a0<\/i><i>000<\/i><i>\u00a0<\/i><i>euros au total, alors qu\u2019on a fait une ann\u00e9e record en 2025 o\u00f9 l\u2019on approche les 35<\/i><i>\u00a0<\/i><i>millions d\u2019euros de b\u00e9n\u00e9fice net.<\/i><i>\u00a0<\/i>\u00bb Pas besoin d\u2019\u00eatre math\u00e9maticien pour comprendre le ressentiment des travailleurs du bonbon\u00a0: \u00ab\u00a0<i>On est en droit de demander mieux que \u00e7a<\/i><i>\u00a0<\/i><i>!<\/i>\u00a0\u00bb<\/p>\n<\/p><\/div>\n<div class=\"intext\"> Un poste \u00e0 la crois\u00e9e<br \/>\n               <br \/>des chemins\n              <\/div>\n<div class=\"paragraph\">\n<p>Mesur\u00e9, Ludovic Mayer est tout de m\u00eame lucide sur la situation\u00a0: \u00ab\u00a0<i>En 32<\/i><i>\u00a0<\/i><i>ans, ce n\u2019est que ma deuxi\u00e8me gr\u00e8ve, je suis syndiqu\u00e9 depuis 14<\/i><i>\u00a0<\/i><i>ans et malgr\u00e9 le fait que je fasse gr\u00e8ve, je tiens \u00e0 l\u2019entreprise. Mais depuis quelques ann\u00e9es, il y a une autre fa\u00e7on de travailler, avec des changements brutaux.<\/i>\u00a0\u00bb Un constat d\u2019autant plus \u00e9clairant qu\u2019il a connu des p\u00e9riodes moins fastes au sein du confiseur. \u00ab\u00a0<i>En 2016, il y a eu un cap pass\u00e9 avec 110<\/i><i>\u00a0<\/i><i>\u00e9quivalents temps plein (ETP) qui ont \u00e9t\u00e9 enlev\u00e9s avec beaucoup de d\u00e9parts \u00e0 la retraite naturels et des conditions de d\u00e9parts favorables. C\u2019est \u00e0 partir de l\u00e0 qu\u2019on est vraiment rentr\u00e9 dans une \u00e8re de semi-automatisation<\/i>\u00a0\u00bb, raconte-t-il.<\/p>\n<p>Et il en conna\u00eet un rayon sur le sujet puisqu\u2019il est l\u2019un des chefs de projet technique. Un poste \u00e0 la crois\u00e9e des chemins chez Haribo, \u00e0 la fois \u00ab\u00a0<i>pluridisciplinaire<\/i><i>\u00a0<\/i>\u00bb et \u00ab\u00a0<i>entre les besoins des clients et les besoins de la production<\/i><i>\u00a0<\/i>\u00bb. \u00ab<i>\u00a0<\/i><i>On met en \u0153uvre techniquement les \u00e9volutions des besoins des consommateurs<\/i><i>\u00a0<\/i><i>: nouvelles fa\u00e7ons d\u2019avaler le bonbon, nouvelles fa\u00e7ons de les couler, nouvelles fa\u00e7ons d\u2019optimiser les temps d\u2019\u00e9tuvage&#8230;<\/i>\u00a0\u00bb, d\u00e9veloppe-t-il. En clair, son service est \u00ab\u00a0<i>au contact de la production<\/i><i>\u00a0<\/i>\u00bb mais aussi en lien avec d\u2019autres services\u00a0: \u00ab\u00a0<i>Gestion, recherche et d\u00e9veloppement, marketing<\/i>.\u00a0\u00bb<\/p>\n<p>Concr\u00e8tement, il peut \u00eatre en charge d\u2019optimiser le mat\u00e9riel existant ou trouver de nouvelles machines plus adapt\u00e9es aux \u00e9volutions des besoins. D\u2019o\u00f9 le lien avec les d\u00e9parts de 2016 o\u00f9 les salari\u00e9s d\u2019Haribo ont connu \u00ab\u00a0<i>de nouvelles fa\u00e7ons de travailler mais aussi de nouvelles contraintes<\/i>\u00a0\u00bb. D\u2019o\u00f9 le lien avec la gr\u00e8ve actuelle\u00a0: \u00ab\u00a0<i>Je peux entendre les arguments de la direction, sur le fait que le march\u00e9 de la confiserie est en baisse au niveau national, mais cela fait trop d\u2019ann\u00e9es que l\u2019on entend cela. Cette gr\u00e8ve, c\u2019est aussi un cumul des ann\u00e9es pr\u00e9c\u00e9dentes, il y a un probl\u00e8me avec la r\u00e9partition qui est faite au regard de la somme des b\u00e9n\u00e9fices nets d\u00e9gag\u00e9s par l\u2019entreprise.<\/i><i>\u00a0<\/i>\u00bb Les ann\u00e9es pr\u00e9c\u00e9dentes justement, Haribo a r\u00e9alis\u00e9 24,9\u00a0millions d\u2019euros de r\u00e9sultats nets en 2023, 20,4\u00a0millions en 2022 et 21,8\u00a0millions en 2021&#8230; De quoi alimenter les raisons de la col\u00e8re.<\/p>\n<\/p><\/div>\n","protected":false},"excerpt":{"rendered":"Avec 32&nbsp;ans d&rsquo;anciennet&eacute; au sein de l&rsquo;usine d&rsquo;Haribo &agrave; Marseille, Ludovic Mayer a vu des tonnes de bonbons d&eacute;filer sur les lignes de productions.","protected":false},"author":1,"featured_media":38880,"comment_status":"open","ping_status":"open","sticky":false,"template":"","format":"standard","meta":{"footnotes":""},"categories":[3926,3925,331],"tags":[10,1017,1481,876,2965,1045,16,335,364],"news-destination":[3944],"news-source":[475],"is_homepage":[],"ta_other":[],"class_list":["post-38879","post","type-post","status-publish","format-standard","has-post-thumbnail","hentry","category-accueil-merge","category-accueil-third","category-social","tag-bouches-du-rhone","tag-fo","tag-force-ouvriere","tag-greve","tag-grevistes","tag-hausse-des-salaires","tag-marseille","tag-portrait","tag-syndicats","news-destination-homepage","news-source-website"],"_links":{"self":[{"href":"https:\/\/euapp01.newsmemory.com\/lamarseillaise\/news\/wp-json\/wp\/v2\/posts\/38879","targetHints":{"allow":["GET"]}}],"collection":[{"href":"https:\/\/euapp01.newsmemory.com\/lamarseillaise\/news\/wp-json\/wp\/v2\/posts"}],"about":[{"href":"https:\/\/euapp01.newsmemory.com\/lamarseillaise\/news\/wp-json\/wp\/v2\/types\/post"}],"author":[{"embeddable":true,"href":"https:\/\/euapp01.newsmemory.com\/lamarseillaise\/news\/wp-json\/wp\/v2\/users\/1"}],"replies":[{"embeddable":true,"href":"https:\/\/euapp01.newsmemory.com\/lamarseillaise\/news\/wp-json\/wp\/v2\/comments?post=38879"}],"version-history":[{"count":1,"href":"https:\/\/euapp01.newsmemory.com\/lamarseillaise\/news\/wp-json\/wp\/v2\/posts\/38879\/revisions"}],"predecessor-version":[{"id":38881,"href":"https:\/\/euapp01.newsmemory.com\/lamarseillaise\/news\/wp-json\/wp\/v2\/posts\/38879\/revisions\/38881"}],"wp:featuredmedia":[{"embeddable":true,"href":"https:\/\/euapp01.newsmemory.com\/lamarseillaise\/news\/wp-json\/wp\/v2\/media\/38880"}],"wp:attachment":[{"href":"https:\/\/euapp01.newsmemory.com\/lamarseillaise\/news\/wp-json\/wp\/v2\/media?parent=38879"}],"wp:term":[{"taxonomy":"category","embeddable":true,"href":"https:\/\/euapp01.newsmemory.com\/lamarseillaise\/news\/wp-json\/wp\/v2\/categories?post=38879"},{"taxonomy":"post_tag","embeddable":true,"href":"https:\/\/euapp01.newsmemory.com\/lamarseillaise\/news\/wp-json\/wp\/v2\/tags?post=38879"},{"taxonomy":"news-destination","embeddable":true,"href":"https:\/\/euapp01.newsmemory.com\/lamarseillaise\/news\/wp-json\/wp\/v2\/news-destination?post=38879"},{"taxonomy":"news-source","embeddable":true,"href":"https:\/\/euapp01.newsmemory.com\/lamarseillaise\/news\/wp-json\/wp\/v2\/news-source?post=38879"},{"taxonomy":"is_homepage","embeddable":true,"href":"https:\/\/euapp01.newsmemory.com\/lamarseillaise\/news\/wp-json\/wp\/v2\/is_homepage?post=38879"},{"taxonomy":"ta_other","embeddable":true,"href":"https:\/\/euapp01.newsmemory.com\/lamarseillaise\/news\/wp-json\/wp\/v2\/ta_other?post=38879"}],"curies":[{"name":"wp","href":"https:\/\/api.w.org\/{rel}","templated":true}]}}