{"id":38876,"date":"2026-08-10T07:20:00","date_gmt":"2026-08-10T05:20:00","guid":{"rendered":"https:\/\/euapp01.newsmemory.com\/lamarseillaise\/news\/?p=38876"},"modified":"2026-08-16T09:50:59","modified_gmt":"2026-08-16T07:50:59","slug":"a-bel-horizon-les-ados-revent-dailleurs","status":"publish","type":"post","link":"https:\/\/euapp01.newsmemory.com\/lamarseillaise\/news\/2026\/08\/10\/a-bel-horizon-les-ados-revent-dailleurs\/","title":{"rendered":"\u00c0 Bel Horizon, les ados r\u00eavent d\u2019ailleurs"},"content":{"rendered":"<div class=\"paragraph\">\n<p>M<i>omo, y en a plus du th\u00e9<\/i><i>\u00a0<\/i><i>?<\/i> <i>Et ces trucs \u00e0 manger l\u00e0, c\u2019est quoi<\/i><i>\u00a0<\/i><i>?<\/i><i>\u00a0<\/i>\u00bb Deux tables, un banc, des cages de foot transportables et un ballon, le bus nomade de Mohamed Benmeddour, \u00e9ducateur de l\u2019association Apis, par\u00e9 des couleurs de Marseille, s\u2019est pos\u00e9 comme tous les vendredis soir cet \u00e9t\u00e9 au pied de la tour Bel Horizon, dans le quartier Saint Lazare (3<sup>e<\/sup>). Une barre en b\u00e9ton de 60\u00a0m\u00e8tres de haut des ann\u00e9es\u00a060, 19\u00a0\u00e9tages pour 133\u00a0logements, pos\u00e9e au bord de l\u2019A7, elle fait partie des copropri\u00e9t\u00e9s les plus d\u00e9grad\u00e9es de Marseille. Dans le hall d\u2019entr\u00e9e, le point de deal, signal\u00e9 par des graffitis, qui tourne H24 et un petit parking jonch\u00e9 de poubelles et de d\u00e9bris. C\u2019est l\u00e0 le terrain de jeu des petits et ados du quartier.<\/p>\n<p>L\u2019occasion pour Mohamed d\u2019engager la conversation. \u00ab\u00a0<i>Alors qu\u2019est-ce que vous faites \u00e0 la rentr\u00e9e<\/i><i>\u00a0<\/i><i>? Le lyc\u00e9e<\/i><i>\u00a0<\/i><i>?<\/i><i>\u00a0<\/i>\u00bb demande-t-il. \u00ab\u00a0<i>Moi je vais \u00e0 l\u2019\u00e9cole, mais je veux travailler parce que dans la France \u00e0 Macron t\u2019as besoin de beaucoup d\u2019argent<\/i>\u00a0\u00bb, balance Nassim, 15\u00a0ans, tout fi\u00e9rot. \u00ab\u00a0<i>Mais enfin pas \u00e0 ton \u00e2ge, t\u2019es chez tes parents, tu paies pas le loyer, si tu veux des sous c\u2019est que tu fais des b\u00eatises<\/i><i>\u00a0<\/i>\u00bb, r\u00e9torque l\u2019\u00e9ducateur. \u00ab\u00a0<i>Ouais mais mes parents, ils y arrivent pas<\/i>\u00a0\u00bb, balance le gamin.<\/p>\n<p>Depuis le mois d\u2019avril, Mohamed a d\u00e9cid\u00e9 de sillonner les quartiers\u00a0: La Cayolle (9<sup>e<\/sup>), La Viste (15<sup>e<\/sup>), le complexe Vallier (4<sup>e<\/sup>) et Bel Horizon \u00e0 la rencontre des gamins \u00ab\u00a0<i>livr\u00e9s \u00e0 eux-m\u00eames<\/i>\u00a0\u00bb. \u00ab\u00a0<i>Cela permet de les occuper, de les \u00e9loigner des mauvaises ondes&#8230; Je prends aussi leurs coordonn\u00e9es pour leur proposer des activit\u00e9s et je transmets un rapport au service pr\u00e9vention de la Ville, dirig\u00e9 par Amine Kessaci, qui les met en relation avec les services en fonction des besoins<\/i>\u00a0\u00bb, explique-t-il.<\/p>\n<p>\u00c0 ses c\u00f4t\u00e9s ce jour-l\u00e0, Dimitri, \u00e9ducateur lui aussi, dit \u00ab\u00a0le colonel\u00a0\u00bb par les petits \u00ab\u00a0<i>parce qu\u2019il est carr\u00e9 et qu\u2019il sait tout<\/i><i>\u00a0<\/i>\u00bb, de l\u2019association Familles en action, implant\u00e9e depuis plus de dix ans, avec un local \u00e0 deux pas de la tour. \u00ab\u00a0<i>Nous, on fait un travail de fourmi, on cr\u00e9e du lien avec l\u2019\u00e9cole, les institutions<\/i>\u00a0\u00bb, analyse-t-il. Il a vu la d\u00e9gringolade du quartier apr\u00e8s le Covid, \u00ab\u00a0<i>pas que sur l\u2019immobilier<\/i>\u00a0\u00bb, et puis les effets du trafic de stup\u00e9fiants avec \u00ab\u00a0<i>une guerre entre clans, des morts<\/i>\u00a0\u00bb, et le squat par \u00ab\u00a0<i>des gens l\u00e0 pour foutre le bronx<\/i><i>\u00a0<\/i>\u00bb. La police est intervenue, ils sont arriv\u00e9s apr\u00e8s, en pr\u00e9vention.<\/p>\n<\/p><\/div>\n<div class=\"intext\"> Le squat et les rats\n              <\/div>\n<div class=\"paragraph\">\n<p>\u00ab\u00a0<i>On est l\u00e0 pour montrer le quotidien de ces familles, les rats, l\u2019insalubrit\u00e9<\/i>\u00a0\u00bb, ajoute-t-il. Trouver des solutions aussi quand par peur des \u00ab\u00a0<i>zombies<\/i><i>\u00a0<\/i>\u00bb, en clair les consommateurs de crack, les petits n\u2019osent plus sortir de chez eux pour aller \u00e0 l\u2019\u00e9cole. Quand cette dame dont le mari vient de d\u00e9c\u00e9der n\u2019a plus d\u2019\u00e9lectricit\u00e9 parce qu\u2019on a vol\u00e9 son disjoncteur, quand un ascenseur sur trois seulement fonctionne&#8230; \u00ab\u00a0<i>Moi j\u2019habite au 19<\/i><i><sup>e<\/sup><\/i> <i>\u00e9tage<\/i><i>\u00a0<\/i>\u00bb<i>,<\/i> nous raconte d\u2019ailleurs Toufa\u00ef, 15\u00a0ans, \u00ab\u00a0<i>heureusement pour monter les courses dans ma famille, il y a plein d\u2019hommes<\/i><i>\u00a0<\/i>\u00bb.<\/p>\n<p>La pr\u00e9sence des \u00e9ducateurs en pied d\u2019immeuble est un indispensable \u00ab\u00a0<i>premier contact<\/i><i>\u00a0<\/i>\u00bb. Apr\u00e8s, il faut s\u2019armer de patience. \u00ab\u00a0<i>Le d\u00e9clic peut prendre des ann\u00e9es. On n\u2019est pas l\u00e0 pour juger, on les prend comme ils sont, avec leurs difficult\u00e9s et leurs comp\u00e9tences<\/i>\u00a0\u00bb, poursuit Dimitri.<\/p>\n<p>Tandis que les clients venus acheter leur dose d\u00e9filent, les gamins esp\u00e8rent obtenir leur place \u00e0 la sortie Aqualand ou en bou\u00e9e tract\u00e9e. Une bouff\u00e9e d\u2019air malgr\u00e9 les pr\u00e9jug\u00e9s. \u00ab\u00a0<i>Quand on arrive \u00e0 60, que des renois et des rebeus, on le voit bien que les gens ont peur mais on se fait tout petits<\/i><i>\u00a0<\/i>\u00bb, raconte Toufa\u00ef avant d\u2019embrayer sur \u00ab\u00a0<i>le s\u00e9jour en Espagne<\/i><i>\u00a0<\/i>\u00bb. L\u2019\u00e9ducateur expliquant qu\u2019apr\u00e8s un chantier d\u2019insertion, il s\u2019agissait l\u00e0 de se d\u00e9tendre. On cause aussi permis scooter, le passeport vers la libert\u00e9.<\/p>\n<p>Du coin de l\u2019\u0153il, Mohamed a remarqu\u00e9 que Mahmoud se fait tout petit derri\u00e8re une voiture. \u00ab<i>\u00a0<\/i><i>Il se cache de son p\u00e8re, parce que ce dernier a appris qu\u2019il vendait \u00e0 la Viste<\/i>\u00a0\u00bb, nous explique-t-il avant d\u2019aller discuter. Il faut dire que le \u00ab\u00a0<i>daron<\/i>\u00a0\u00bb en question a l\u2019air passablement furieux, suivant son fils \u00e0 la trace. \u00ab<i>\u00a0<\/i><i>Il ne me fait pas confiance mais ici c\u2019est pas plus dangereux qu\u2019ailleurs, il peut m\u2019arriver des trucs n\u2019importe o\u00f9<\/i><i>\u00a0<\/i>\u00bb, tente de se justifier l\u2019ado. Mohamed r\u00e9ussira \u00e0 le convaincre de rejoindre le \u00ab\u00a0Snap\u00a0\u00bb du groupe.<\/p>\n<p>\u00ab\u00a0<i>Araaah<\/i><i>\u00a0<\/i><i>!<\/i>\u00a0\u00bb Changement d\u2019ambiance quand une voiture de police se gare. Une agression pour les gamins. \u00ab\u00a0<i>Regarde, ils nous admirent<\/i>\u00a0\u00bb, se marrent-ils, mi-bravaches, mi-inquiets. \u00ab\u00a0<i>Aie, j\u2019ai une interdiction <\/i>[de para\u00eetre]<i>, faut pas qu\u2019il me choppe<\/i>\u00a0\u00bb, balance un autre qui vient d\u2019arriver et tente de se confondre avec le banc sur lequel il est assis.<\/p>\n<p>Finalement, l\u2019\u00e9quipage repart. \u00ab<i>\u00a0<\/i><i>En g\u00e9n\u00e9ral, ils savent qu\u2019on est l\u00e0, on pr\u00e9vient<\/i><i>\u00a0<\/i>\u00bb, pr\u00e9cisent les deux animateurs avant de replier, vers 21h. Les petits aident \u00e0 charger la camionnette et promettent d\u2019\u00eatre au rendez-vous la semaine d\u2019apr\u00e8s. Histoire de changer d\u2019horizon&#8230;<\/p>\n<\/p><\/div>\n","protected":false},"excerpt":{"rendered":"&laquo; Momo, y en a plus du th&eacute;&nbsp;? Et ces trucs &agrave; manger l&agrave;, c&rsquo;est quoi&nbsp;?&nbsp;&raquo; Deux tables, un banc, des cages de foot transportables et un ballon, le bus nomade de Mohamed Benmeddour, &eacute;ducateur de &#8230;","protected":false},"author":1,"featured_media":38877,"comment_status":"open","ping_status":"open","sticky":false,"template":"","format":"standard","meta":{"footnotes":""},"categories":[3926,3925,20],"tags":[2343,10,1386,2999,2962,1753,336,754,2961,59,16,4434,431,668,1034,6230,2060],"news-destination":[3944],"news-source":[475],"is_homepage":[],"ta_other":[],"class_list":["post-38876","post","type-post","status-publish","format-standard","has-post-thumbnail","hentry","category-accueil-merge","category-accueil-third","category-societe","tag-amine-kessaci","tag-bouches-du-rhone","tag-bus","tag-coproprietes-degradees","tag-dealer","tag-educateurs","tag-ete","tag-familles","tag-immeubles","tag-jeunes","tag-marseille","tag-marseille-3e-arrondissement","tag-prevention","tag-quartiers","tag-reportage","tag-squats","tag-trafic-de-stupefiants","news-destination-homepage","news-source-website"],"_links":{"self":[{"href":"https:\/\/euapp01.newsmemory.com\/lamarseillaise\/news\/wp-json\/wp\/v2\/posts\/38876","targetHints":{"allow":["GET"]}}],"collection":[{"href":"https:\/\/euapp01.newsmemory.com\/lamarseillaise\/news\/wp-json\/wp\/v2\/posts"}],"about":[{"href":"https:\/\/euapp01.newsmemory.com\/lamarseillaise\/news\/wp-json\/wp\/v2\/types\/post"}],"author":[{"embeddable":true,"href":"https:\/\/euapp01.newsmemory.com\/lamarseillaise\/news\/wp-json\/wp\/v2\/users\/1"}],"replies":[{"embeddable":true,"href":"https:\/\/euapp01.newsmemory.com\/lamarseillaise\/news\/wp-json\/wp\/v2\/comments?post=38876"}],"version-history":[{"count":4,"href":"https:\/\/euapp01.newsmemory.com\/lamarseillaise\/news\/wp-json\/wp\/v2\/posts\/38876\/revisions"}],"predecessor-version":[{"id":39434,"href":"https:\/\/euapp01.newsmemory.com\/lamarseillaise\/news\/wp-json\/wp\/v2\/posts\/38876\/revisions\/39434"}],"wp:featuredmedia":[{"embeddable":true,"href":"https:\/\/euapp01.newsmemory.com\/lamarseillaise\/news\/wp-json\/wp\/v2\/media\/38877"}],"wp:attachment":[{"href":"https:\/\/euapp01.newsmemory.com\/lamarseillaise\/news\/wp-json\/wp\/v2\/media?parent=38876"}],"wp:term":[{"taxonomy":"category","embeddable":true,"href":"https:\/\/euapp01.newsmemory.com\/lamarseillaise\/news\/wp-json\/wp\/v2\/categories?post=38876"},{"taxonomy":"post_tag","embeddable":true,"href":"https:\/\/euapp01.newsmemory.com\/lamarseillaise\/news\/wp-json\/wp\/v2\/tags?post=38876"},{"taxonomy":"news-destination","embeddable":true,"href":"https:\/\/euapp01.newsmemory.com\/lamarseillaise\/news\/wp-json\/wp\/v2\/news-destination?post=38876"},{"taxonomy":"news-source","embeddable":true,"href":"https:\/\/euapp01.newsmemory.com\/lamarseillaise\/news\/wp-json\/wp\/v2\/news-source?post=38876"},{"taxonomy":"is_homepage","embeddable":true,"href":"https:\/\/euapp01.newsmemory.com\/lamarseillaise\/news\/wp-json\/wp\/v2\/is_homepage?post=38876"},{"taxonomy":"ta_other","embeddable":true,"href":"https:\/\/euapp01.newsmemory.com\/lamarseillaise\/news\/wp-json\/wp\/v2\/ta_other?post=38876"}],"curies":[{"name":"wp","href":"https:\/\/api.w.org\/{rel}","templated":true}]}}