{"id":38873,"date":"2026-08-10T07:09:00","date_gmt":"2026-08-10T05:09:00","guid":{"rendered":"https:\/\/euapp01.newsmemory.com\/lamarseillaise\/news\/?p=38873"},"modified":"2026-08-10T10:05:36","modified_gmt":"2026-08-10T08:05:36","slug":"prendre-le-large","status":"publish","type":"post","link":"https:\/\/euapp01.newsmemory.com\/lamarseillaise\/news\/2026\/08\/10\/prendre-le-large\/","title":{"rendered":"Prendre le large"},"content":{"rendered":"<div class=\"paragraph\">\n<p>Contrairement \u00e0 la r\u00e9pression dont les coups d\u2019\u00e9clat font souvent la une des journaux, la pr\u00e9vention ne fait pas bruit. Un travail de longue haleine, silencieux, qui exige de la \u00ab\u00a0patience\u00a0\u00bb, comme le disent les \u00e9ducateurs, pour entamer le dialogue, \u00e9couter, puis inciter et orienter. Las, cette ann\u00e9e encore, le gouvernement a d\u00e9cid\u00e9 de rogner une nouvelle fois sur le budget allou\u00e9 au fonds interminist\u00e9riel de pr\u00e9vention de la d\u00e9linquance qui est pass\u00e9 de 62\u00a0millions d\u2019euros en 2025 \u00e0&#8230; 42,4\u00a0millions d\u2019euros pour l\u2019exercice actuel. Soit \u00ab\u00a0une baisse historique de 30%\u00a0\u00bb, au point que l\u2019association des maires de France est une nouvelle fois mont\u00e9e au cr\u00e9neau. Si elle se f\u00e9licite des orientations et du renforcement de la coordination, comme le d\u00e9taille ici Amine Kessaci pour Marseille, elle \u00ab\u00a0alerte sur le risque de voir cette strat\u00e9gie demeurer inefficace, faute de moyens \u00e0 la hauteur des enjeux\u00a0\u00bb.<\/p>\n<p><b>Le besoin d\u2019une approche globale <\/b><\/p>\n<p>Et d\u2019en appeler, notamment, \u00e0 un plan de financement pluriannuel pour inscrire ladite strat\u00e9gie \u00ab\u00a0sur une trajectoire coh\u00e9rente\u00a0\u00bb. Indispensable pour \u0153uvre \u00e0 moyen et long termes dans les diff\u00e9rents quartiers prioritaires des communes et au-del\u00e0. Sortir les minots des cit\u00e9s, leur permettre d\u2019avoir un autre horizon que l\u2019argent facile &#8211; et \u00f4 combien dangereux &#8211; du narcotrafic, de travailler et de vivre honn\u00eatement dans un logement d\u00e9cent, n\u00e9cessite une approche globale incluant aussi l\u2019habitat et l\u2019acc\u00e8s aux formations, pour que les uns et les autres puissent prendre le large plut\u00f4t que de rester \u00e0 quai, au pied d\u2019immeubles d\u00e9labr\u00e9s.<\/p>\n<\/p><\/div>\n","protected":false},"excerpt":{"rendered":"Contrairement &agrave; la r&eacute;pression dont les coups d&rsquo;&eacute;clat font souvent la une des journaux, la pr&eacute;vention ne fait pas bruit. Un travail de longue haleine, silencieux, qui exige de la &laquo;&nbsp;patience&nbsp;&raquo;, &#8230;","protected":false},"author":1,"featured_media":38874,"comment_status":"open","ping_status":"open","sticky":false,"template":"","format":"standard","meta":{"footnotes":""},"categories":[332],"tags":[2343,10,430,2220,1372,572,528,16,431],"news-destination":[],"news-source":[475],"is_homepage":[],"ta_other":[],"class_list":["post-38873","post","type-post","status-publish","format-standard","has-post-thumbnail","hentry","category-edito","tag-amine-kessaci","tag-bouches-du-rhone","tag-budget","tag-delinquance","tag-editoriaux","tag-france","tag-gouvernement","tag-marseille","tag-prevention","news-source-website"],"_links":{"self":[{"href":"https:\/\/euapp01.newsmemory.com\/lamarseillaise\/news\/wp-json\/wp\/v2\/posts\/38873","targetHints":{"allow":["GET"]}}],"collection":[{"href":"https:\/\/euapp01.newsmemory.com\/lamarseillaise\/news\/wp-json\/wp\/v2\/posts"}],"about":[{"href":"https:\/\/euapp01.newsmemory.com\/lamarseillaise\/news\/wp-json\/wp\/v2\/types\/post"}],"author":[{"embeddable":true,"href":"https:\/\/euapp01.newsmemory.com\/lamarseillaise\/news\/wp-json\/wp\/v2\/users\/1"}],"replies":[{"embeddable":true,"href":"https:\/\/euapp01.newsmemory.com\/lamarseillaise\/news\/wp-json\/wp\/v2\/comments?post=38873"}],"version-history":[{"count":1,"href":"https:\/\/euapp01.newsmemory.com\/lamarseillaise\/news\/wp-json\/wp\/v2\/posts\/38873\/revisions"}],"predecessor-version":[{"id":38875,"href":"https:\/\/euapp01.newsmemory.com\/lamarseillaise\/news\/wp-json\/wp\/v2\/posts\/38873\/revisions\/38875"}],"wp:featuredmedia":[{"embeddable":true,"href":"https:\/\/euapp01.newsmemory.com\/lamarseillaise\/news\/wp-json\/wp\/v2\/media\/38874"}],"wp:attachment":[{"href":"https:\/\/euapp01.newsmemory.com\/lamarseillaise\/news\/wp-json\/wp\/v2\/media?parent=38873"}],"wp:term":[{"taxonomy":"category","embeddable":true,"href":"https:\/\/euapp01.newsmemory.com\/lamarseillaise\/news\/wp-json\/wp\/v2\/categories?post=38873"},{"taxonomy":"post_tag","embeddable":true,"href":"https:\/\/euapp01.newsmemory.com\/lamarseillaise\/news\/wp-json\/wp\/v2\/tags?post=38873"},{"taxonomy":"news-destination","embeddable":true,"href":"https:\/\/euapp01.newsmemory.com\/lamarseillaise\/news\/wp-json\/wp\/v2\/news-destination?post=38873"},{"taxonomy":"news-source","embeddable":true,"href":"https:\/\/euapp01.newsmemory.com\/lamarseillaise\/news\/wp-json\/wp\/v2\/news-source?post=38873"},{"taxonomy":"is_homepage","embeddable":true,"href":"https:\/\/euapp01.newsmemory.com\/lamarseillaise\/news\/wp-json\/wp\/v2\/is_homepage?post=38873"},{"taxonomy":"ta_other","embeddable":true,"href":"https:\/\/euapp01.newsmemory.com\/lamarseillaise\/news\/wp-json\/wp\/v2\/ta_other?post=38873"}],"curies":[{"name":"wp","href":"https:\/\/api.w.org\/{rel}","templated":true}]}}