{"id":38871,"date":"2026-08-09T17:20:00","date_gmt":"2026-08-09T15:20:00","guid":{"rendered":"https:\/\/euapp01.newsmemory.com\/lamarseillaise\/news\/?p=38871"},"modified":"2026-08-16T08:49:40","modified_gmt":"2026-08-16T06:49:40","slug":"les-departs-senchainent-a-lom-mais-pas-les-arrivees","status":"publish","type":"post","link":"https:\/\/euapp01.newsmemory.com\/lamarseillaise\/news\/2026\/08\/09\/les-departs-senchainent-a-lom-mais-pas-les-arrivees\/","title":{"rendered":"Les d\u00e9parts s\u2019encha\u00eenent \u00e0 l\u2019OM, mais pas les arriv\u00e9es"},"content":{"rendered":"<div class=\"paragraph\">\n<p>Depuis l\u2019ouverture du mercato, l\u2019OM s\u2019est content\u00e9 de laisser partir les gros salaires.<\/p>\n<p>La liste des d\u00e9parts n\u2019a cess\u00e9 de se gonfler, ressemblant \u00e0 un v\u00e9ritable inventaire \u00e0 la Jacques Pr\u00e9vert. Une liste qui, apr\u00e8s les officialisations et les accords de principe, continue d\u2019accueillir de nouveaux noms. Le dernier en date \u00e9tant celui d\u2019Amine Gouiri.<\/p>\n<p>L\u2019international Alg\u00e9rien est, avec Igor Paix\u00e3o, le dernier rescap\u00e9 d\u2019une ligne d\u2019attaque qui a permis \u00e0 l\u2019\u00e9quipe marseillaise d\u2019\u00eatre une des plus efficaces d\u2019Europe. N\u00e9anmoins, alors qu\u2019il se r\u00e9jouissait de retrouver Bruno Genesio, qui l\u2019a lanc\u00e9 en Ligue 1 \u00e0 Lyon et lui a permis de changer de dimension \u00e0 Rennes, la tournure du mercato olympien l\u2019inqui\u00e8te. Et il semble, \u00e0 son tour, tent\u00e9 d\u2019aller voir ailleurs si l\u2019herbe est plus verte.<\/p>\n<\/p><\/div>\n<div class=\"intext\"> Un air de d\u00e9j\u00e0-vu\n              <\/div>\n<div class=\"paragraph\">\n<p>Quant \u00e0 Bruno Genesio, qui va perdre la majorit\u00e9 de sa d\u00e9fense, il va devoir repartir de z\u00e9ro dans les derniers jours de pr\u00e9paration, alors que la venue de Strasbourg est d\u00e9j\u00e0 dans la ligne de mire, le 21\u00a0ao\u00fbt. Le nouvel entra\u00eeneur olympien sera dans une situation toute aussi inconfortable que Roberto De Zerbi.<\/p>\n<p>La saison derni\u00e8re, l\u2019Italien avait d\u00fb tout reconstruire apr\u00e8s les deux premi\u00e8res journ\u00e9es, et les recrutements en urgence pour pallier les d\u00e9parts de Jonathan Rowe et Adrien Rabiot.<\/p>\n<p>Cette fois, c\u2019est avant m\u00eame le premier match que la situation est tendue. S\u2019il a une s\u0153ur, elle pourrait s\u2019appeler Anne et faire comme la princesse de Barbe bleue, lancer un \u00ab\u00a0<i>Anne, ma s\u0153ur Anne, ne vois-tu rien venir<\/i><i>\u00a0<\/i><i>?<\/i><i>\u00a0<\/i>\u00bb. Au lendemain du duel face \u00e0 l\u2019Athletic, la r\u00e9ponse revient, de mani\u00e8re lancinante. \u00ab\u00a0<i>Je ne vois que le soleil qui poudroie et l\u2019herbe qui verdoie.<\/i><i>\u00a0<\/i>\u00bb<\/p>\n<p>En attendant, Facundo Medina est attendu \u00e0 Leverkusen ce lundi, o\u00f9 il passera la visite m\u00e9dicale avant de signer au Bayer. Tandis que Geronimo Rulli va \u00e9trenner son nouveau maillot aux couleurs de Manchester City. Alors que pour la somme de 4\u00a0millions d\u2019euros, Nayef Aguerd est pr\u00eat\u00e9, avec option d\u2019achat, \u00e0 la R\u00e9al Sociedad.<\/p>\n<\/p><\/div>\n","protected":false},"excerpt":{"rendered":"Depuis l&rsquo;ouverture du mercato, l&rsquo;OM s&rsquo;est content&eacute; de laisser partir les gros salaires. La liste des d&eacute;parts n&rsquo;a cess&eacute; de se gonfler, ressemblant &agrave; un v&eacute;ritable inventaire &agrave; la &#8230;","protected":false},"author":1,"featured_media":38868,"comment_status":"open","ping_status":"open","sticky":false,"template":"","format":"standard","meta":{"footnotes":""},"categories":[3926,3925,7],"tags":[10,13,16,1152,14],"news-destination":[3944],"news-source":[475],"is_homepage":[],"ta_other":[],"class_list":["post-38871","post","type-post","status-publish","format-standard","has-post-thumbnail","hentry","category-accueil-merge","category-accueil-third","category-sports","tag-bouches-du-rhone","tag-football","tag-marseille","tag-mercato","tag-om","news-destination-homepage","news-source-website"],"_links":{"self":[{"href":"https:\/\/euapp01.newsmemory.com\/lamarseillaise\/news\/wp-json\/wp\/v2\/posts\/38871","targetHints":{"allow":["GET"]}}],"collection":[{"href":"https:\/\/euapp01.newsmemory.com\/lamarseillaise\/news\/wp-json\/wp\/v2\/posts"}],"about":[{"href":"https:\/\/euapp01.newsmemory.com\/lamarseillaise\/news\/wp-json\/wp\/v2\/types\/post"}],"author":[{"embeddable":true,"href":"https:\/\/euapp01.newsmemory.com\/lamarseillaise\/news\/wp-json\/wp\/v2\/users\/1"}],"replies":[{"embeddable":true,"href":"https:\/\/euapp01.newsmemory.com\/lamarseillaise\/news\/wp-json\/wp\/v2\/comments?post=38871"}],"version-history":[{"count":1,"href":"https:\/\/euapp01.newsmemory.com\/lamarseillaise\/news\/wp-json\/wp\/v2\/posts\/38871\/revisions"}],"predecessor-version":[{"id":38872,"href":"https:\/\/euapp01.newsmemory.com\/lamarseillaise\/news\/wp-json\/wp\/v2\/posts\/38871\/revisions\/38872"}],"wp:featuredmedia":[{"embeddable":true,"href":"https:\/\/euapp01.newsmemory.com\/lamarseillaise\/news\/wp-json\/wp\/v2\/media\/38868"}],"wp:attachment":[{"href":"https:\/\/euapp01.newsmemory.com\/lamarseillaise\/news\/wp-json\/wp\/v2\/media?parent=38871"}],"wp:term":[{"taxonomy":"category","embeddable":true,"href":"https:\/\/euapp01.newsmemory.com\/lamarseillaise\/news\/wp-json\/wp\/v2\/categories?post=38871"},{"taxonomy":"post_tag","embeddable":true,"href":"https:\/\/euapp01.newsmemory.com\/lamarseillaise\/news\/wp-json\/wp\/v2\/tags?post=38871"},{"taxonomy":"news-destination","embeddable":true,"href":"https:\/\/euapp01.newsmemory.com\/lamarseillaise\/news\/wp-json\/wp\/v2\/news-destination?post=38871"},{"taxonomy":"news-source","embeddable":true,"href":"https:\/\/euapp01.newsmemory.com\/lamarseillaise\/news\/wp-json\/wp\/v2\/news-source?post=38871"},{"taxonomy":"is_homepage","embeddable":true,"href":"https:\/\/euapp01.newsmemory.com\/lamarseillaise\/news\/wp-json\/wp\/v2\/is_homepage?post=38871"},{"taxonomy":"ta_other","embeddable":true,"href":"https:\/\/euapp01.newsmemory.com\/lamarseillaise\/news\/wp-json\/wp\/v2\/ta_other?post=38871"}],"curies":[{"name":"wp","href":"https:\/\/api.w.org\/{rel}","templated":true}]}}