{"id":38859,"date":"2026-08-08T06:54:00","date_gmt":"2026-08-08T04:54:00","guid":{"rendered":"https:\/\/euapp01.newsmemory.com\/lamarseillaise\/news\/?p=38859"},"modified":"2026-08-16T16:03:14","modified_gmt":"2026-08-16T14:03:14","slug":"lucien-molino-le-mouvement-de-greve-selargit","status":"publish","type":"post","link":"https:\/\/euapp01.newsmemory.com\/lamarseillaise\/news\/2026\/08\/08\/lucien-molino-le-mouvement-de-greve-selargit\/","title":{"rendered":"[Memoire ouvri\u00e8re] Lucien Molino. Le mouvement de gr\u00e8ve s\u2019\u00e9largit"},"content":{"rendered":"<div class=\"paragraph\">\n<p>Le moment \u00e9tait venu de passer \u00e0 une action d\u2019envergure et demandait que tous les travailleurs soient consult\u00e9s sur cette action. Cette question souleva une d\u00e9claration solennelle de L\u00e9on Jouhaux\u00a0: \u00ab\u00a0Ce n\u2019est pas sur le d\u00e9bat lui-m\u00eame que je veux parler, d\u00e9clara-t-il, je veux simplement souligner une d\u00e9claration cons\u00e9cutive \u00e0 la d\u00e9cision que vous avez prise hier.\u00a0\u00bb Il ajouta, soucieux de ne pas diviser le CCN\u00a0: \u00ab\u00a0Je refuse de souscrire \u00e0 une d\u00e9cision qui en faisant d\u00e9pendre l\u2019activit\u00e9 syndicale d\u2019autres assembl\u00e9es que les assembl\u00e9es r\u00e9guli\u00e8res risque de briser l\u2019unit\u00e9 ouvri\u00e8re.\u00a0\u00bb<\/p>\n<p>Beno\u00eet Frachon lui r\u00e9pondit que\u00a0: \u00ab\u00a0Dans la r\u00e9solution et le manifeste vot\u00e9s, il a \u00e9t\u00e9 indiqu\u00e9 que les ouvriers seraient appel\u00e9s \u00e0 conna\u00eetre les propositions que nous faisons pour eux, qu&#8217;ils seraient appel\u00e9s \u00e0 donner leur avis sur ces propositions et que le prochain comit\u00e9 conf\u00e9d\u00e9ral du 19 d\u00e9cembre, organisme r\u00e9gulier des organisations syndicales, prendraient des d\u00e9cisions\u00a0; par cons\u00e9quent, je pr\u00e9f\u00e9rerais que Jouhaux me dise au lieu de parler de d\u00e9cision anti-statutaire\u00a0: nous ne voulons pas que l\u2019on occulte les ouvriers, cela serait plus clair et plus net.\u00a0\u00bb<\/p>\n<p>D\u00e9fendre l\u2019unit\u00e9<\/p>\n<p>Tout au long de ces d\u00e9bats, on sentait les efforts des scissionnistes pour pr\u00e9parer la scission en se servant du plan Marshall dans un objectif anticommuniste et anti-sovi\u00e9tique. \u00c0 Marseille, <i>Le<\/i><i>\u00a0<\/i><i>Proven\u00e7al<\/i> n\u2019\u00e9tait pas en reste. Dans son num\u00e9ro du 14\u00a0novembre, un placard non sign\u00e9 proclamait \u00ab\u00a0Travailleurs, prenez garde\u00a0! Attention aux gr\u00e8ves politiques\u00a0; avant toute d\u00e9cision, exigez\u00a0: 1\u00b0 le vote \u00e0 bulletin secret \/ 2\u00b0 le d\u00e9pouillement et l\u2019affichage du r\u00e9sultat.\u00a0\u00bb Les socialistes marseillais affirmaient ainsi leur opposition au d\u00e9veloppement des gr\u00e8ves et aux revendications ouvri\u00e8res. Pourtant, le 14\u00a0novembre, la gr\u00e8ve s\u2019\u00e9largissait apr\u00e8s consultation des travailleurs.<\/p>\n<p>Ainsi, l\u2019assembl\u00e9e g\u00e9n\u00e9rale des marins qui avait d\u00e9cid\u00e9 la reprise du travail reconsid\u00e9rait sa d\u00e9cision et se joignait \u00e0 la gr\u00e8ve.<\/p>\n<p>Il est vrai que le syndicat des officiers observait \u00e0 l\u2019\u00e9gard des marins en gr\u00e8ve une neutralit\u00e9 bienveillante afin de ne pas porter pr\u00e9judice \u00e0 leurs actions. Cette prise de position leur valut une violente \u00ab\u00a0Lettre ouverte\u00a0\u00bb de Jean Fraissinet dans <i>Le<\/i><i>\u00a0<\/i><i>M\u00e9ridional<\/i> qui d\u00e9clara\u00a0: \u00ab\u00a0En d\u00e9cidant d\u2019adopter \u00e0 l\u2019\u00e9gard d\u2019un tel mouvement une &#8220;attitude bienveillante&#8221; les dirigeants des syndicats d\u2019officiers, qu\u2019il nous soit permis de l\u2019observer, ne peut faire preuve que d\u2019hypocrisie, de l\u00e2chet\u00e9 et de candeur.\u00a0\u00bb La continuation de la gr\u00e8ve des marins paralysa totalement le trafic du port. Le conseil syndical des dockers \u00e9largi au comit\u00e9 de gr\u00e8ve d\u00e9cida \u00e0 bulletin secret, 64 voix contre une\u00a0: qu&#8217;aucun d\u00e9barquement de marchandises n&#8217;aurait lieu. La f\u00e9d\u00e9ration alg\u00e9rienne des commer\u00e7ants, alarm\u00e9e par la prise de position des dockers, demanda par t\u00e9l\u00e9gramme au pr\u00e9fet d&#8217;intervenir.<\/p>\n<p><i>\u00e0 suivre la semaine prochaine&#8230;<\/i><\/p>\n<\/p><\/div>\n","protected":false},"excerpt":{"rendered":"Le moment &eacute;tait venu de passer &agrave; une action d&rsquo;envergure et demandait que tous les travailleurs soient consult&eacute;s sur cette action. Cette question souleva une d&eacute;claration solennelle de L&eacute;on Jouhaux&nbsp;: &#8230;","protected":false},"author":1,"featured_media":38860,"comment_status":"open","ping_status":"open","sticky":false,"template":"","format":"standard","meta":{"footnotes":""},"categories":[3926,3925,20],"tags":[10,113,618,876,16,920,5199,2352,250,1729,4253,3082,2150,364,988,2001],"news-destination":[3944],"news-source":[475],"is_homepage":[],"ta_other":[],"class_list":["post-38859","post","type-post","status-publish","format-standard","has-post-thumbnail","hentry","category-accueil-merge","category-accueil-third","category-societe","tag-bouches-du-rhone","tag-cgt","tag-devoir-de-memoire","tag-greve","tag-marseille","tag-memoire","tag-memoire-ouvriere","tag-ouvriers","tag-pcf","tag-resistance","tag-resistants","tag-seconde-guerre-mondiale","tag-syndicalisme","tag-syndicats","tag-week-end","tag-weekend","news-destination-homepage","news-source-website"],"_links":{"self":[{"href":"https:\/\/euapp01.newsmemory.com\/lamarseillaise\/news\/wp-json\/wp\/v2\/posts\/38859","targetHints":{"allow":["GET"]}}],"collection":[{"href":"https:\/\/euapp01.newsmemory.com\/lamarseillaise\/news\/wp-json\/wp\/v2\/posts"}],"about":[{"href":"https:\/\/euapp01.newsmemory.com\/lamarseillaise\/news\/wp-json\/wp\/v2\/types\/post"}],"author":[{"embeddable":true,"href":"https:\/\/euapp01.newsmemory.com\/lamarseillaise\/news\/wp-json\/wp\/v2\/users\/1"}],"replies":[{"embeddable":true,"href":"https:\/\/euapp01.newsmemory.com\/lamarseillaise\/news\/wp-json\/wp\/v2\/comments?post=38859"}],"version-history":[{"count":2,"href":"https:\/\/euapp01.newsmemory.com\/lamarseillaise\/news\/wp-json\/wp\/v2\/posts\/38859\/revisions"}],"predecessor-version":[{"id":39439,"href":"https:\/\/euapp01.newsmemory.com\/lamarseillaise\/news\/wp-json\/wp\/v2\/posts\/38859\/revisions\/39439"}],"wp:featuredmedia":[{"embeddable":true,"href":"https:\/\/euapp01.newsmemory.com\/lamarseillaise\/news\/wp-json\/wp\/v2\/media\/38860"}],"wp:attachment":[{"href":"https:\/\/euapp01.newsmemory.com\/lamarseillaise\/news\/wp-json\/wp\/v2\/media?parent=38859"}],"wp:term":[{"taxonomy":"category","embeddable":true,"href":"https:\/\/euapp01.newsmemory.com\/lamarseillaise\/news\/wp-json\/wp\/v2\/categories?post=38859"},{"taxonomy":"post_tag","embeddable":true,"href":"https:\/\/euapp01.newsmemory.com\/lamarseillaise\/news\/wp-json\/wp\/v2\/tags?post=38859"},{"taxonomy":"news-destination","embeddable":true,"href":"https:\/\/euapp01.newsmemory.com\/lamarseillaise\/news\/wp-json\/wp\/v2\/news-destination?post=38859"},{"taxonomy":"news-source","embeddable":true,"href":"https:\/\/euapp01.newsmemory.com\/lamarseillaise\/news\/wp-json\/wp\/v2\/news-source?post=38859"},{"taxonomy":"is_homepage","embeddable":true,"href":"https:\/\/euapp01.newsmemory.com\/lamarseillaise\/news\/wp-json\/wp\/v2\/is_homepage?post=38859"},{"taxonomy":"ta_other","embeddable":true,"href":"https:\/\/euapp01.newsmemory.com\/lamarseillaise\/news\/wp-json\/wp\/v2\/ta_other?post=38859"}],"curies":[{"name":"wp","href":"https:\/\/api.w.org\/{rel}","templated":true}]}}