{"id":38856,"date":"2026-08-08T07:10:00","date_gmt":"2026-08-08T05:10:00","guid":{"rendered":"https:\/\/euapp01.newsmemory.com\/lamarseillaise\/news\/?p=38856"},"modified":"2026-08-16T15:48:32","modified_gmt":"2026-08-16T13:48:32","slug":"dans-le-var-la-singuliere-dynamique-du-front-populaire","status":"publish","type":"post","link":"https:\/\/euapp01.newsmemory.com\/lamarseillaise\/news\/2026\/08\/08\/dans-le-var-la-singuliere-dynamique-du-front-populaire\/","title":{"rendered":"[Week-end] L\u2019esprit de 1936 : Dans le Var, la singuli\u00e8re dynamique du Front populaire"},"content":{"rendered":"<div class=\"paragraph\">\n<p>Jacques Girault, ancien professeur d\u2019histoire contemporaine \u00e0 l\u2019universit\u00e9 Paris 13, a publi\u00e9 des \u00ab\u00a0R\u00e9flexions sur la victoire du Front populaire dans le Var\u00a0\u00bb dans le num\u00e9ro 5 de la revue de l\u2019association Prom\u00e9mo. Il pointe \u00ab\u00a0plusieurs particularit\u00e9s dans le Var\u00a0\u00bb.<\/p>\n<p>\u00ab\u00a0Premi\u00e8re particularit\u00e9, la situation \u00e9conomique n\u2019explique pas m\u00e9caniquement la r\u00e9action politique. Alors que la France conna\u00eet une crise \u00e9conomique qui frappe avant tout la production industrielle, dans le Var, la crise est surtout agricole. Le revenu des agriculteurs se d\u00e9grade fortement. Par exemple, les march\u00e9s ext\u00e9rieurs se ferment et les cultures fruiti\u00e8res et horticoles en souffrent. La crise viticole se traduit par une brusque d\u00e9gradation des cours du vin. L\u2019industrie, le plus souvent d\u00e9pendante de l\u2019\u00c9tat, souffre moins mais les d\u00e9penses diminuant, la politique de d\u00e9fense nationale en subit les cons\u00e9quences. Le ch\u00f4mage menace et <i>Le Petit Var<\/i>, d\u00e8s le 2\u00a0juin 1934, lance un cri d\u2019alarme, \u00ab\u00a0les chantiers de La Seyne faute de commandes sont sur le point de licencier\u00a0\u00bb. Pour le moment, les \u00e9trangers, comme d\u2019habitude, seront sans doute sacrifi\u00e9s\u00a0! \u00c0 partir du milieu de l\u2019ann\u00e9e 1934, en r\u00e9gion toulonnaise, la protestation s\u2019organise, d\u2019autant que la diminution des d\u00e9penses, des salaires, des pensions civiles et militaires frappe directement les milieux populaires et les couches moyennes\u00a0\u00bb, explique-t-il.<\/p>\n<p>Selon lui, la deuxi\u00e8me particularit\u00e9, dans le monde ouvrier, est la m\u00e9moire de l\u2019\u00e9chec et de la r\u00e9pression cons\u00e9cutive aux grandes gr\u00e8ves de 1919 (Forges et chantiers de la M\u00e9diterran\u00e9e \u00e0 La Seyne) et de 1920 (Arsenal maritime et chemins de fer) qui explique le retard de l\u2019entr\u00e9e en gr\u00e8ve des ouvriers varois. \u00ab\u00a0<i>\u00c0 la diff\u00e9rence du reste du pays o\u00f9 les gr\u00e8ves g\u00e9n\u00e9rales avec occupation des lieux de travail imposent les n\u00e9gociations de Matignon, il faut attendre la signature des accords Matignon, dans la nuit du 7 au 8<\/i><i>\u00a0<\/i><i>juin 1936, pour que les ouvriers des chantiers de La Seyne entrent en gr\u00e8ve<\/i>\u00a0\u00bb, note Jacques Girault.<\/p>\n<p>Troisi\u00e8me particularit\u00e9, la menace du fascisme se pr\u00e9sente dans le d\u00e9partement de fa\u00e7on indirecte. En France, les ligues d\u2019extr\u00eame droite s\u2019activent. Dans le Var, elles jouent un r\u00f4le plus effac\u00e9. Mais la pr\u00e9sence de l\u2019arm\u00e9e, les nombreuses manifestations lors des r\u00e9unions assur\u00e9es par les dirigeants activistes (Henriot ou Ybarnegaray) inqui\u00e8tent d\u2019autant plus que depuis longtemps, notamment par l\u2019interm\u00e9diaire des immigr\u00e9s italiens, le fascisme et l\u2019antifascisme entrent dans le quotidien populaire. Le Var appara\u00eet comme un laboratoire.<\/p>\n<p>Quatri\u00e8me particularit\u00e9 pour l\u2019historien\u00a0: \u00ab\u00a0Le pays, en 1932 donne une majorit\u00e9 de gauche \u00e0 la Chambre des d\u00e9put\u00e9s, mais la rue, apr\u00e8s le 6\u00a0f\u00e9vrier 1934, impose le retour de la droite. Le Var a \u00e9lu cinq d\u00e9put\u00e9s de gauche en 1932, dont quatre membres du Parti socialiste SFIO. Or depuis 1933, ces quatre dirigeants dont Pierre Renaudel, exclus du Parti, s\u2019engagent dans un nouveau Parti socialiste de France qu\u2019il faut construire. La m\u00eame n\u00e9cessit\u00e9 s\u2019impose pour ceux qui restent au Parti socialiste SFIO dont ils entreprennent la renaissance. Or ces militants actifs, autour du secr\u00e9taire f\u00e9d\u00e9ral Jacques Toesca, se r\u00e9clament de la tendance de gauche du parti. Dans le m\u00eame temps, les communistes s\u2019efforcent de sortir d\u2019une longue p\u00e9riode de repli sectaire et utilisent les ressources de leurs militants souvent en rapport avec les syndicats, dont l\u2019ouvrier de l\u2019Arsenal maritime de Toulon, Jean Bartolini.\u00a0\u00bb<\/p>\n<\/p><\/div>\n","protected":false},"excerpt":{"rendered":"Jacques Girault, ancien professeur d&rsquo;histoire contemporaine &agrave; l&rsquo;universit&eacute; Paris 13, a publi&eacute; des &laquo;&nbsp;R&eacute;flexions sur la victoire du Front populaire dans le Var&nbsp;&raquo; dans le num&eacute;ro 5 de &#8230;","protected":false},"author":1,"featured_media":38857,"comment_status":"open","ping_status":"open","sticky":false,"template":"","format":"standard","meta":{"footnotes":""},"categories":[3926,3925,20],"tags":[450,1900,3111,280,624,560,2352,2938,194,364,31,988,2001],"news-destination":[3944],"news-source":[475],"is_homepage":[],"ta_other":[],"class_list":["post-38856","post","type-post","status-publish","format-standard","has-post-thumbnail","hentry","category-accueil-merge","category-accueil-third","category-societe","tag-agriculteurs","tag-etat","tag-front-populaire","tag-histoire","tag-industrie","tag-manifestation","tag-ouvriers","tag-recit","tag-social","tag-syndicats","tag-var","tag-week-end","tag-weekend","news-destination-homepage","news-source-website"],"_links":{"self":[{"href":"https:\/\/euapp01.newsmemory.com\/lamarseillaise\/news\/wp-json\/wp\/v2\/posts\/38856","targetHints":{"allow":["GET"]}}],"collection":[{"href":"https:\/\/euapp01.newsmemory.com\/lamarseillaise\/news\/wp-json\/wp\/v2\/posts"}],"about":[{"href":"https:\/\/euapp01.newsmemory.com\/lamarseillaise\/news\/wp-json\/wp\/v2\/types\/post"}],"author":[{"embeddable":true,"href":"https:\/\/euapp01.newsmemory.com\/lamarseillaise\/news\/wp-json\/wp\/v2\/users\/1"}],"replies":[{"embeddable":true,"href":"https:\/\/euapp01.newsmemory.com\/lamarseillaise\/news\/wp-json\/wp\/v2\/comments?post=38856"}],"version-history":[{"count":2,"href":"https:\/\/euapp01.newsmemory.com\/lamarseillaise\/news\/wp-json\/wp\/v2\/posts\/38856\/revisions"}],"predecessor-version":[{"id":39435,"href":"https:\/\/euapp01.newsmemory.com\/lamarseillaise\/news\/wp-json\/wp\/v2\/posts\/38856\/revisions\/39435"}],"wp:featuredmedia":[{"embeddable":true,"href":"https:\/\/euapp01.newsmemory.com\/lamarseillaise\/news\/wp-json\/wp\/v2\/media\/38857"}],"wp:attachment":[{"href":"https:\/\/euapp01.newsmemory.com\/lamarseillaise\/news\/wp-json\/wp\/v2\/media?parent=38856"}],"wp:term":[{"taxonomy":"category","embeddable":true,"href":"https:\/\/euapp01.newsmemory.com\/lamarseillaise\/news\/wp-json\/wp\/v2\/categories?post=38856"},{"taxonomy":"post_tag","embeddable":true,"href":"https:\/\/euapp01.newsmemory.com\/lamarseillaise\/news\/wp-json\/wp\/v2\/tags?post=38856"},{"taxonomy":"news-destination","embeddable":true,"href":"https:\/\/euapp01.newsmemory.com\/lamarseillaise\/news\/wp-json\/wp\/v2\/news-destination?post=38856"},{"taxonomy":"news-source","embeddable":true,"href":"https:\/\/euapp01.newsmemory.com\/lamarseillaise\/news\/wp-json\/wp\/v2\/news-source?post=38856"},{"taxonomy":"is_homepage","embeddable":true,"href":"https:\/\/euapp01.newsmemory.com\/lamarseillaise\/news\/wp-json\/wp\/v2\/is_homepage?post=38856"},{"taxonomy":"ta_other","embeddable":true,"href":"https:\/\/euapp01.newsmemory.com\/lamarseillaise\/news\/wp-json\/wp\/v2\/ta_other?post=38856"}],"curies":[{"name":"wp","href":"https:\/\/api.w.org\/{rel}","templated":true}]}}