{"id":38853,"date":"2026-08-08T08:48:00","date_gmt":"2026-08-08T06:48:00","guid":{"rendered":"https:\/\/euapp01.newsmemory.com\/lamarseillaise\/news\/?p=38853"},"modified":"2026-08-15T12:10:00","modified_gmt":"2026-08-15T10:10:00","slug":"kalliste-et-des-enfers-surgirent-les-diables-rouges-1-3","status":"publish","type":"post","link":"https:\/\/euapp01.newsmemory.com\/lamarseillaise\/news\/2026\/08\/08\/kalliste-et-des-enfers-surgirent-les-diables-rouges-1-3\/","title":{"rendered":"[Kallist\u00e9] Et des enfers surgirent les Diables rouges (1\/3)"},"content":{"rendered":"<div class=\"paragraph\">\n<p>Revenir \u00e0 Ajaccio a toujours eu une saveur unique. Il y a d\u2019abord cette lumi\u00e8re, si particuli\u00e8re, qui semble accrocher les fa\u00e7ades color\u00e9es des immeubles et faire ressortir sur leurs murs des teintes qu\u2019on avait presque oubli\u00e9es. Puis il y a la mer, immense et famili\u00e8re, comme un rep\u00e8re immobile dans une ville qui change sans jamais vraiment changer.<\/p>\n<p>Quand on vit sur le continent, on finit par mesurer diff\u00e9remment le poids des retours. On red\u00e9couvre ce que l\u2019habitude avait rendu invisible. En revenant cet \u00e9t\u00e9, j\u2019ai retrouv\u00e9 des amis d\u2019enfance. Ensemble, on reprend les discussions l\u00e0 o\u00f9 on les avait laiss\u00e9es, comme si le temps n\u2019avait \u00e9t\u00e9 qu\u2019une parenth\u00e8se. On parle du travail, de ceux qui sont partis, de ceux qui sont rest\u00e9s, des familles qui s\u2019agrandissent, des visages qui changent. Et puis, in\u00e9vitablement, on parle football. Parce qu\u2019ici, le football est partout. Il se raconte avec passion dans les histoires familiales, dans les caf\u00e9s et les discussions de comptoir. Cette ann\u00e9e, pourtant, le sujet a chang\u00e9 de ton. La chute de l\u2019AC Ajaccio a profond\u00e9ment marqu\u00e9 la ville.<\/p>\n<p>Proximit\u00e9 rare<\/p>\n<p>Voir vaciller un club install\u00e9 depuis tant d\u2019ann\u00e9es dans le paysage professionnel a quelque chose de brutal, presque irr\u00e9el.<\/p>\n<p>Mais, en parall\u00e8le, une autre histoire continuait de s\u2019\u00e9crire, plus discr\u00e8te, presque \u00e0 l\u2019abri du bruit\u00a0: celle du Gaz\u00e9lec Football Club Ajaccio. \u00c0 la terrasse d\u2019un caf\u00e9, Jean-Philippe me raconte ce lien qui l\u2019unit au club. Son p\u00e8re l\u2019avait emmen\u00e9 partout\u00a0: au Sporting, \u00e0 l\u2019ACA, au Gaz. Mais tr\u00e8s vite, il a senti qu\u2019ici il se passait quelque chose de diff\u00e9rent. Pas forc\u00e9ment dans le jeu mais dans ce qu\u2019il y avait autour, dans l\u2019atmosph\u00e8re, dans les gens, dans cette proximit\u00e9 rare entre le club et ceux qui le vivent. Il me parle du stade, de ses premiers souvenirs, de matchs de Coupe de France qui l\u2019ont marqu\u00e9 enfant, de soir\u00e9es d\u2019hiver dans les divisions inf\u00e9rieures o\u00f9, malgr\u00e9 le niveau, l\u2019\u00e9motion restait intacte. En l\u2019\u00e9coutant, je comprends vite que le Gaz ne s\u2019explique pas vraiment par ses r\u00e9sultats. Il s\u2019explique par ce qu\u2019il provoque.<\/p>\n<p>\u00c0 suivre&#8230;<\/p>\n<\/p><\/div>\n","protected":false},"excerpt":{"rendered":"Revenir &agrave; Ajaccio a toujours eu une saveur unique. Il y a d&rsquo;abord cette lumi&egrave;re, si particuli&egrave;re, qui semble accrocher les fa&ccedil;ades color&eacute;es des immeubles et faire ressortir sur leurs murs des teintes &#8230;","protected":false},"author":1,"featured_media":38854,"comment_status":"open","ping_status":"open","sticky":false,"template":"","format":"standard","meta":{"footnotes":""},"categories":[3926,3925,20],"tags":[6229,2632,226,2524,13,280,549],"news-destination":[3944],"news-source":[475],"is_homepage":[],"ta_other":[],"class_list":["post-38853","post","type-post","status-publish","format-standard","has-post-thumbnail","hentry","category-accueil-merge","category-accueil-third","category-societe","tag-ajaccio","tag-chronique-corse","tag-clubs","tag-corse","tag-football","tag-histoire","tag-jean-frederic-dejean","news-destination-homepage","news-source-website"],"_links":{"self":[{"href":"https:\/\/euapp01.newsmemory.com\/lamarseillaise\/news\/wp-json\/wp\/v2\/posts\/38853","targetHints":{"allow":["GET"]}}],"collection":[{"href":"https:\/\/euapp01.newsmemory.com\/lamarseillaise\/news\/wp-json\/wp\/v2\/posts"}],"about":[{"href":"https:\/\/euapp01.newsmemory.com\/lamarseillaise\/news\/wp-json\/wp\/v2\/types\/post"}],"author":[{"embeddable":true,"href":"https:\/\/euapp01.newsmemory.com\/lamarseillaise\/news\/wp-json\/wp\/v2\/users\/1"}],"replies":[{"embeddable":true,"href":"https:\/\/euapp01.newsmemory.com\/lamarseillaise\/news\/wp-json\/wp\/v2\/comments?post=38853"}],"version-history":[{"count":1,"href":"https:\/\/euapp01.newsmemory.com\/lamarseillaise\/news\/wp-json\/wp\/v2\/posts\/38853\/revisions"}],"predecessor-version":[{"id":38855,"href":"https:\/\/euapp01.newsmemory.com\/lamarseillaise\/news\/wp-json\/wp\/v2\/posts\/38853\/revisions\/38855"}],"wp:featuredmedia":[{"embeddable":true,"href":"https:\/\/euapp01.newsmemory.com\/lamarseillaise\/news\/wp-json\/wp\/v2\/media\/38854"}],"wp:attachment":[{"href":"https:\/\/euapp01.newsmemory.com\/lamarseillaise\/news\/wp-json\/wp\/v2\/media?parent=38853"}],"wp:term":[{"taxonomy":"category","embeddable":true,"href":"https:\/\/euapp01.newsmemory.com\/lamarseillaise\/news\/wp-json\/wp\/v2\/categories?post=38853"},{"taxonomy":"post_tag","embeddable":true,"href":"https:\/\/euapp01.newsmemory.com\/lamarseillaise\/news\/wp-json\/wp\/v2\/tags?post=38853"},{"taxonomy":"news-destination","embeddable":true,"href":"https:\/\/euapp01.newsmemory.com\/lamarseillaise\/news\/wp-json\/wp\/v2\/news-destination?post=38853"},{"taxonomy":"news-source","embeddable":true,"href":"https:\/\/euapp01.newsmemory.com\/lamarseillaise\/news\/wp-json\/wp\/v2\/news-source?post=38853"},{"taxonomy":"is_homepage","embeddable":true,"href":"https:\/\/euapp01.newsmemory.com\/lamarseillaise\/news\/wp-json\/wp\/v2\/is_homepage?post=38853"},{"taxonomy":"ta_other","embeddable":true,"href":"https:\/\/euapp01.newsmemory.com\/lamarseillaise\/news\/wp-json\/wp\/v2\/ta_other?post=38853"}],"curies":[{"name":"wp","href":"https:\/\/api.w.org\/{rel}","templated":true}]}}