{"id":38850,"date":"2026-08-08T06:55:00","date_gmt":"2026-08-08T04:55:00","guid":{"rendered":"https:\/\/euapp01.newsmemory.com\/lamarseillaise\/news\/?p=38850"},"modified":"2026-08-10T12:42:52","modified_gmt":"2026-08-10T10:42:52","slug":"le-punch-intact-de-yuris-ventura-a-gordes","status":"publish","type":"post","link":"https:\/\/euapp01.newsmemory.com\/lamarseillaise\/news\/2026\/08\/08\/le-punch-intact-de-yuris-ventura-a-gordes\/","title":{"rendered":"Le punch intact de Yuris Ventura \u00e0 Gordes"},"content":{"rendered":"<div class=\"paragraph\">\n<p>Jeudi 6 Ao\u00fbt 2026, le festival de Gordes accueillait\u00a0: Yuri Buenaventura et sa formation musicale pour une soir\u00e9e exceptionnelle de rythmes et bonne humeur. Entour\u00e9 de six\u00a0musiciens\u00a0: saxos, pianiste, percussions, batterie, basse et contrebasse, ce fut un moment musical d\u2019une rare beaut\u00e9. Quant \u00e0 Yuri il a donn\u00e9 toute la dimension de son talent. Il dansait, et \u00ab\u00a0vivait ses chansons \u00e0 fond\u00a0\u00bb. C\u2019\u00e9tait sa deuxi\u00e8me prestation au festival de Gordes. Le public n\u2019en a pas rat\u00e9 une miette allant m\u00eame jusqu\u2019\u00e0 danser la salsa. Un v\u00e9ritable moment de bonheur.<\/p>\n<p>Il a d\u00e9but\u00e9 son tour de chant par \u00ab\u00a0Amame\u00a0\u00bb et poursuit avec \u00ab\u00a0Mi Rico Son\u00a0\u00bb puis les titres se sont encha\u00een\u00e9s. Il y a eu aussi plusieurs solos musicaux, un pianiste qui a \u00e9t\u00e9 remarquable, avec les belles sonorit\u00e9s de son instrument, puis de la contrebasse, et de batterie\u00a0; Rappelons qu\u2019en 2001 il a compos\u00e9 la bande originale du film <i>Ma femme s\u2019appelle Maurice<\/i> de Jean-Marie Poir\u00e9. Yuri s\u2019est senti bien sur la sc\u00e8ne de Gordes, il a salu\u00e9 B\u00e9nabar pr\u00e9sident du festival, il a remerci\u00e9 le public de son accueil et de sa bienveillance. Il faut rappeler aussi que Yuri vient de la ville portuaire o\u00f9 il est n\u00e9, sur la c\u00f4te pacifique de Colombie. Il est notamment connu pour son interpr\u00e9tation de <i>Ne me quitte pas <\/i>chant\u00e9e par Jacques Brel et \u00e9crite par le pianiste de celui-ci, G\u00e9rard Jouqnnest. D\u2019ailleurs il la chantera \u00e0 la fin du spectacle. \u00c0 un moment du spectacle il lancera aux spectateurs\u00a0: \u00ab\u00a0Nous avons des combats \u00e0 mener.\u00a0\u00bb Une soir\u00e9e qui restera dans le souvenir des participants n\u2019en doutons pas. Il terminera en rappel par la chanson \u00ab\u00a0salsa\u00a0\u00bb la bien nomm\u00e9e, qui emballa le public d\u00e9j\u00e0 tout acquis.<\/p>\n<\/p><\/div>\n","protected":false},"excerpt":{"rendered":"","protected":false},"author":1,"featured_media":38851,"comment_status":"open","ping_status":"open","sticky":false,"template":"","format":"standard","meta":{"footnotes":""},"categories":[3926,3925,32],"tags":[34,325,171,988,2001],"news-destination":[3944],"news-source":[475],"is_homepage":[],"ta_other":[],"class_list":["post-38850","post","type-post","status-publish","format-standard","has-post-thumbnail","hentry","category-accueil-merge","category-accueil-third","category-culture","tag-concert","tag-musique","tag-vaucluse","tag-week-end","tag-weekend","news-destination-homepage","news-source-website"],"_links":{"self":[{"href":"https:\/\/euapp01.newsmemory.com\/lamarseillaise\/news\/wp-json\/wp\/v2\/posts\/38850","targetHints":{"allow":["GET"]}}],"collection":[{"href":"https:\/\/euapp01.newsmemory.com\/lamarseillaise\/news\/wp-json\/wp\/v2\/posts"}],"about":[{"href":"https:\/\/euapp01.newsmemory.com\/lamarseillaise\/news\/wp-json\/wp\/v2\/types\/post"}],"author":[{"embeddable":true,"href":"https:\/\/euapp01.newsmemory.com\/lamarseillaise\/news\/wp-json\/wp\/v2\/users\/1"}],"replies":[{"embeddable":true,"href":"https:\/\/euapp01.newsmemory.com\/lamarseillaise\/news\/wp-json\/wp\/v2\/comments?post=38850"}],"version-history":[{"count":1,"href":"https:\/\/euapp01.newsmemory.com\/lamarseillaise\/news\/wp-json\/wp\/v2\/posts\/38850\/revisions"}],"predecessor-version":[{"id":38852,"href":"https:\/\/euapp01.newsmemory.com\/lamarseillaise\/news\/wp-json\/wp\/v2\/posts\/38850\/revisions\/38852"}],"wp:featuredmedia":[{"embeddable":true,"href":"https:\/\/euapp01.newsmemory.com\/lamarseillaise\/news\/wp-json\/wp\/v2\/media\/38851"}],"wp:attachment":[{"href":"https:\/\/euapp01.newsmemory.com\/lamarseillaise\/news\/wp-json\/wp\/v2\/media?parent=38850"}],"wp:term":[{"taxonomy":"category","embeddable":true,"href":"https:\/\/euapp01.newsmemory.com\/lamarseillaise\/news\/wp-json\/wp\/v2\/categories?post=38850"},{"taxonomy":"post_tag","embeddable":true,"href":"https:\/\/euapp01.newsmemory.com\/lamarseillaise\/news\/wp-json\/wp\/v2\/tags?post=38850"},{"taxonomy":"news-destination","embeddable":true,"href":"https:\/\/euapp01.newsmemory.com\/lamarseillaise\/news\/wp-json\/wp\/v2\/news-destination?post=38850"},{"taxonomy":"news-source","embeddable":true,"href":"https:\/\/euapp01.newsmemory.com\/lamarseillaise\/news\/wp-json\/wp\/v2\/news-source?post=38850"},{"taxonomy":"is_homepage","embeddable":true,"href":"https:\/\/euapp01.newsmemory.com\/lamarseillaise\/news\/wp-json\/wp\/v2\/is_homepage?post=38850"},{"taxonomy":"ta_other","embeddable":true,"href":"https:\/\/euapp01.newsmemory.com\/lamarseillaise\/news\/wp-json\/wp\/v2\/ta_other?post=38850"}],"curies":[{"name":"wp","href":"https:\/\/api.w.org\/{rel}","templated":true}]}}