{"id":38847,"date":"2026-08-08T07:04:00","date_gmt":"2026-08-08T05:04:00","guid":{"rendered":"https:\/\/euapp01.newsmemory.com\/lamarseillaise\/news\/?p=38847"},"modified":"2026-08-14T07:29:10","modified_gmt":"2026-08-14T05:29:10","slug":"un-nouveau-centre-medical-a-ouvert-ses-portes-a-beziers","status":"publish","type":"post","link":"https:\/\/euapp01.newsmemory.com\/lamarseillaise\/news\/2026\/08\/08\/un-nouveau-centre-medical-a-ouvert-ses-portes-a-beziers\/","title":{"rendered":"Un nouveau centre m\u00e9dical a ouvert ses portes \u00e0 B\u00e9ziers"},"content":{"rendered":"<div class=\"paragraph\">\n<p>\u00ab <i>N<\/i><i>ous nous sommes rendu compte que nous avions de plus en plus de patients sans m\u00e9decins traitants. \u00c0 peu pr\u00e8s 18<\/i><i>\u00a0<\/i><i>000 sur 185<\/i><i>\u00a0<\/i><i>000<\/i><i>\u00a0<\/i><i>habitants. L\u2019id\u00e9e nous est donc venue de cr\u00e9er ce centre en lien avec l\u2019h\u00f4pital de B\u00e9ziers, dont les urgences explosent. Les gens qui n\u2019ont pas de m\u00e9decin traitant se rendent aux urgences. On s\u2019est dit qu\u2019il fallait les urgences de ces patients qui ont simplement besoin d\u2019une consultation m\u00e9dicale<\/i><i>\u00a0<\/i>\u00bb<i>, <\/i>explique Laurence Safont, pneumologue et pr\u00e9sidente de la CPTS Ouest H\u00e9rault, structure porteuse du projet qui couvre un territoire allant \u00ab<i>\u00a0<\/i><i>d\u2019Olonzac \u00e0 Saint-Pons, jusqu\u2019\u00e0 la mer<\/i><i>\u00a0<\/i>\u00bb.<\/p>\n<p>Ce nouveau centre territorial m\u00e9dical du Biterrois (CTMB), inaugur\u00e9 le 3 ao\u00fbt, propose donc, en journ\u00e9e (du lundi au vendredi de 9h \u00e0 13h et de 14h \u00e0 19h), des consultations au sein de la maison m\u00e9dicale de garde situ\u00e9e face \u00e0 l\u2019h\u00f4pital et g\u00e9r\u00e9e par lui, laquelle fonctionne de nuit et les week-ends. \u00ab<i>\u00a0<\/i><i>L\u2019h\u00f4pital de B\u00e9ziers a \u00e9t\u00e9 tout \u00e0 fait favorable \u00e0 nous la mettre \u00e0 disposition gratuitement en journ\u00e9e<\/i><i>\u00a0<\/i>\u00bb<i>,<\/i> rapporte Laurence Safont.<\/p>\n<\/p><\/div>\n<div class=\"intext\"> Un acc\u00e8s sur r\u00e9gulation via le 15\n              <\/div>\n<div class=\"paragraph\">\n<p>La structure s\u2019appuie sur une rotation de m\u00e9decins lib\u00e9raux.<i> <\/i>\u00ab<i>\u00a0<\/i><i>Sur les 90 m\u00e9decins actuellement pr\u00e9sents sur le territoire, 30 ont d\u00e9j\u00e0 adh\u00e9r\u00e9 au principe de ce centre. Et il est probable que d\u2019autres se manifestent en septembre, car certains confr\u00e8res sont en vacances ou en effectifs r\u00e9duits \u00e0 cette p\u00e9riode<\/i><i>\u00a0<\/i>\u00bb<i>, <\/i>indique la<i> <\/i>pr\u00e9sidente de la CPTS Ouest H\u00e9rault<i>.<\/i> \u00ab<i>\u00a0<\/i><i>Dans 80% des cas, les consultations auront lieu en pr\u00e9sentiel. 20% des m\u00e9decins, qui sont un peu \u00e9loign\u00e9s sur le territoire, pr\u00e9f\u00e8rent opter pour la t\u00e9l\u00e9consultation assist\u00e9e <\/i><i>par un infirmier lib\u00e9ral, qui aide le patient dans la d\u00e9marche<\/i><i>. La CPTS s\u2019est donc \u00e9quip\u00e9e d\u2019une valise de t\u00e9l\u00e9consultation assist\u00e9e avec stockage des donn\u00e9es des patients, pour qu\u2019ils puissent revenir pour le suivi en cas de prescription d\u2019imagerie ou de biologie.<\/i><i>\u00a0<\/i>\u00bb<\/p>\n<p>Chose importante\u00a0: l\u2019acc\u00e8s au CTMB se fait uniquement sur r\u00e9gulation via le 15. \u00ab<i>\u00a0<\/i><i>Les patients appellent le 15, d\u2019o\u00f9 ils sont bascul\u00e9s sur le SAS (service d\u2019acc\u00e8s aux soins) qui prend rendez-vous sur notre agenda. On s\u2019est engag\u00e9 \u00e0 r\u00e9pondre \u00e0 la demande <\/i><i>sous 48h<\/i><i>\u00a0<\/i>\u00bb<i>, <\/i>pr\u00e9cise Laurence Safont. Des patients se trouvant aux urgences de l\u2019h\u00f4pital de B\u00e9ziers ou de la polyclinique Saint-Privat peuvent \u00e9galement \u00eatre adress\u00e9s au SAS par l\u2019infirmier d\u2019orientation. De quoi offrir une bonne bouff\u00e9e d\u2019oxyg\u00e8ne aux services d\u2019urgences.<\/p>\n<p>Les m\u00e9decins g\u00e9n\u00e9ralistes du territoire devraient, en outre, recevoir d\u00e8s novembre le renfort de 12 \u00ab\u00a0docteurs juniors\u00a0\u00bb\u00a0: \u00ab<i>\u00a0<\/i><i>Des 4<\/i><i><sup>e<\/sup><\/i><i> ann\u00e9e d\u2019internat de m\u00e9decine sp\u00e9cialis\u00e9s en m\u00e9decine g\u00e9n\u00e9rale, qui vont travailler en autonomie. Ils seront l\u00e0 pour 6<\/i><i>\u00a0<\/i><i>mois \u00e0 un an et j\u2019esp\u00e8re que nous serons assez attractifs pour leur donner envie de s\u2019installer.<\/i><i>\u00a0<\/i>\u00bb<i> <\/i><\/p>\n<\/p><\/div>\n","protected":false},"excerpt":{"rendered":"&laquo; Nous nous sommes rendu compte que nous avions de plus en plus de patients sans m&eacute;decins traitants. &Agrave; peu pr&egrave;s 18&nbsp;000 sur 185&nbsp;000&nbsp;habitants. L&rsquo;id&eacute;e nous est donc venue de cr&eacute;er ce centre &#8230;","protected":false},"author":1,"featured_media":38848,"comment_status":"open","ping_status":"open","sticky":false,"template":"","format":"standard","meta":{"footnotes":""},"categories":[3926,3925,20],"tags":[257,239,292,1665,256,1544],"news-destination":[3944],"news-source":[475],"is_homepage":[],"ta_other":[],"class_list":["post-38847","post","type-post","status-publish","format-standard","has-post-thumbnail","hentry","category-accueil-merge","category-accueil-third","category-societe","tag-deserts-medicaux","tag-herault","tag-medecins","tag-penurie","tag-sante","tag-urgences","news-destination-homepage","news-source-website"],"_links":{"self":[{"href":"https:\/\/euapp01.newsmemory.com\/lamarseillaise\/news\/wp-json\/wp\/v2\/posts\/38847","targetHints":{"allow":["GET"]}}],"collection":[{"href":"https:\/\/euapp01.newsmemory.com\/lamarseillaise\/news\/wp-json\/wp\/v2\/posts"}],"about":[{"href":"https:\/\/euapp01.newsmemory.com\/lamarseillaise\/news\/wp-json\/wp\/v2\/types\/post"}],"author":[{"embeddable":true,"href":"https:\/\/euapp01.newsmemory.com\/lamarseillaise\/news\/wp-json\/wp\/v2\/users\/1"}],"replies":[{"embeddable":true,"href":"https:\/\/euapp01.newsmemory.com\/lamarseillaise\/news\/wp-json\/wp\/v2\/comments?post=38847"}],"version-history":[{"count":1,"href":"https:\/\/euapp01.newsmemory.com\/lamarseillaise\/news\/wp-json\/wp\/v2\/posts\/38847\/revisions"}],"predecessor-version":[{"id":38849,"href":"https:\/\/euapp01.newsmemory.com\/lamarseillaise\/news\/wp-json\/wp\/v2\/posts\/38847\/revisions\/38849"}],"wp:featuredmedia":[{"embeddable":true,"href":"https:\/\/euapp01.newsmemory.com\/lamarseillaise\/news\/wp-json\/wp\/v2\/media\/38848"}],"wp:attachment":[{"href":"https:\/\/euapp01.newsmemory.com\/lamarseillaise\/news\/wp-json\/wp\/v2\/media?parent=38847"}],"wp:term":[{"taxonomy":"category","embeddable":true,"href":"https:\/\/euapp01.newsmemory.com\/lamarseillaise\/news\/wp-json\/wp\/v2\/categories?post=38847"},{"taxonomy":"post_tag","embeddable":true,"href":"https:\/\/euapp01.newsmemory.com\/lamarseillaise\/news\/wp-json\/wp\/v2\/tags?post=38847"},{"taxonomy":"news-destination","embeddable":true,"href":"https:\/\/euapp01.newsmemory.com\/lamarseillaise\/news\/wp-json\/wp\/v2\/news-destination?post=38847"},{"taxonomy":"news-source","embeddable":true,"href":"https:\/\/euapp01.newsmemory.com\/lamarseillaise\/news\/wp-json\/wp\/v2\/news-source?post=38847"},{"taxonomy":"is_homepage","embeddable":true,"href":"https:\/\/euapp01.newsmemory.com\/lamarseillaise\/news\/wp-json\/wp\/v2\/is_homepage?post=38847"},{"taxonomy":"ta_other","embeddable":true,"href":"https:\/\/euapp01.newsmemory.com\/lamarseillaise\/news\/wp-json\/wp\/v2\/ta_other?post=38847"}],"curies":[{"name":"wp","href":"https:\/\/api.w.org\/{rel}","templated":true}]}}