{"id":38844,"date":"2026-08-08T08:21:00","date_gmt":"2026-08-08T06:21:00","guid":{"rendered":"https:\/\/euapp01.newsmemory.com\/lamarseillaise\/news\/?p=38844"},"modified":"2026-08-16T09:35:20","modified_gmt":"2026-08-16T07:35:20","slug":"dans-lherault-sos-racisme-epingle-une-boite-de-nuit-et-une-plage-privee","status":"publish","type":"post","link":"https:\/\/euapp01.newsmemory.com\/lamarseillaise\/news\/2026\/08\/08\/dans-lherault-sos-racisme-epingle-une-boite-de-nuit-et-une-plage-privee\/","title":{"rendered":"Dans l\u2019H\u00e9rault, SOS Racisme \u00e9pingle une bo\u00eete de nuit et une plage priv\u00e9e"},"content":{"rendered":"<div class=\"paragraph\">\n<p>Depuis 2024, l\u2019association SOS Racisme applique une technique venue des \u00c9tats-Unis pour mettre en \u00e9vidence la persistance de pratiques discriminatoires, pourtant prohib\u00e9es par le droit p\u00e9nal, dans l\u2019acc\u00e8s aux loisirs.<\/p>\n<p>Diff\u00e9rents groupes d\u2019\u00e2ges similaires, v\u00eatus de la m\u00eame mani\u00e8re, se pr\u00e9sentent \u00e0 l\u2019entr\u00e9e de plages priv\u00e9es ou d\u2019\u00e9tablissements de nuit. Seule diff\u00e9rence\u00a0: leur identification comme personnes noires, blanches ou d\u2019origine maghr\u00e9bine. Cette ann\u00e9e, deux des sept \u00e9tablissements test\u00e9s \u00e0 Montpellier, Palavas-les-Flots et La Grande-Motte ont appliqu\u00e9 des diff\u00e9rences de traitement discriminatoires au cours de ces op\u00e9rations\u00a0: une discoth\u00e8que \u00e0 Montpellier et une plage priv\u00e9e \u00e0 la Grande Motte. \u00ab<i>\u00a0<\/i><i>Par exemple dans une bo\u00eete de nuit \u00e0 Montpellier, le groupe per\u00e7u comme noir s\u2019est vu refuser l\u2019entr\u00e9e au motif que l\u2019\u00e9tablissement \u00e9tait complet. Les groupes per\u00e7us comme arabe et blanc, arriv\u00e9s ensuite, ont pourtant \u00e9t\u00e9 accept\u00e9s<\/i><i>\u00a0<\/i>\u00bb, pr\u00e9cise SOS Racisme dans le compte-rendu de cette op\u00e9ration.<\/p>\n<p>\u00ab<i>\u00a0<\/i><i>Il y a derri\u00e8re ces testings un objectif de m\u00e9diatisation de la probl\u00e9matique des discriminations<\/i><i>\u00a0<\/i><i>: rappeler aux gens que \u00e7a existe encore aujourd\u2019hui<\/i><i>\u00a0<\/i>\u00bb, pr\u00e9cise Dina El Sayed, militante et charg\u00e9e de d\u00e9veloppement au sein de l\u2019association, qui \u00e9tait sur place au moment de ces tests. Malgr\u00e9 la r\u00e9it\u00e9ration de ces missions et leur m\u00e9diatisation depuis plusieurs ann\u00e9es, la militante confesse que la tendance observ\u00e9e reste malheureusement la m\u00eame. \u00ab<i>\u00a0<\/i><i>\u00c0 Montpellier, les chiffres qu\u2019on a eus cette ann\u00e9e correspondent \u00e0 peu pr\u00e8s \u00e0 ceux des ann\u00e9es pr\u00e9c\u00e9dentes<\/i><i>\u00a0<\/i><i>: une plage sur trois et une bo\u00eete de nuit sur quatre qui discriminent<\/i><i>\u00a0<\/i>\u00bb, affirme-t-elle.<\/p>\n<\/p><\/div>\n<div class=\"intext\"> Une plainte d\u00e9pos\u00e9e\n              <\/div>\n<div class=\"paragraph\">\n<p>Au lendemain de cette vague de tests, une plainte a \u00e9t\u00e9 d\u00e9pos\u00e9e par des groupes militants victimes de ces discriminations.<i> <\/i>\u00ab<i>\u00a0<\/i><i>Ils se sont rendus au poste de police et ont re\u00e7u un accueil pour le moins questionnable<\/i><i>\u00a0<\/i>\u00bb, d\u00e9plore Dina El Sayed. \u00ab<i>\u00a0<\/i><i>Ils ont \u00e9t\u00e9 accueillis avec une forme d\u2019inversion de la culpabilit\u00e9, et une tentative des forces de l\u2019ordre de les d\u00e9courager de porter plainte en affirmant qu\u2019en l\u2019absence d\u2019insultes racistes explicites, les faits ne constituaient pas une infraction p\u00e9nale.<\/i><i>\u00a0<\/i>\u00bb Bien au fait de leurs droits, les militants ont tout de m\u00eame r\u00e9ussi \u00e0 d\u00e9poser plainte contre les \u00e9tablissements en question et sont en attente des suites de l\u2019enqu\u00eate.<\/p>\n<p>Ces op\u00e9rations men\u00e9es par SOS Racisme sont pourtant reconnues comme preuve recevable par les cours de justice. Plusieurs param\u00e8tres sont en effet appliqu\u00e9s pour ne laisser aucun doute quant \u00e0 l\u2019exercice d\u2019une pratique discriminatoire\u00a0: les groupes se pr\u00e9sentent tous \u00e0 la suite, dans un laps de temps tr\u00e8s court, sans qu\u2019il n\u2019y ait d\u2019autres entr\u00e9es ou sorties dans l\u2019\u00e9tablissement test\u00e9 afin d\u2019\u00e9viter qu\u2019il ne soit plaid\u00e9 une sortie soudaine de visiteurs qui aurait lib\u00e9r\u00e9 de l\u2019espace. Ces techniques ne laissent que la couleur de peau comme crit\u00e8re de diff\u00e9renciation possible. \u00ab<i>\u00a0<\/i><i>C\u2019est pour \u00e7a aussi qu\u2019il y a des vid\u00e9os qui sont prises en cam\u00e9ra cach\u00e9e, pour qu\u2019il puisse y avoir ensuite une analyse r\u00e9alis\u00e9e par les autorit\u00e9s comp\u00e9tentes<\/i><i>\u00a0<\/i>\u00bb<i>, <\/i>rappelle la militante Dina El Sayed.<\/p>\n<p>SOS Racisme a, cette ann\u00e9e, test\u00e9 23 plages entre Nice, Marseille et Montpellier, mettant en \u00e9vidence des pratiques r\u00e9currentes de discriminations. L\u2019association continue d\u2019appeler les pouvoirs publics \u00e0 r\u00e9agir.<\/p>\n<\/p><\/div>\n","protected":false},"excerpt":{"rendered":"Depuis 2024, l&rsquo;association SOS Racisme applique une technique venue des &Eacute;tats-Unis pour mettre en &eacute;vidence la persistance de pratiques discriminatoires, pourtant prohib&eacute;es par le droit p&eacute;nal, dans &#8230;","protected":false},"author":1,"featured_media":38845,"comment_status":"open","ping_status":"open","sticky":false,"template":"","format":"standard","meta":{"footnotes":""},"categories":[3926,3925,20],"tags":[168,5601,922,239,2637,5409,1260,240,284,6260,3694,888,857],"news-destination":[3944],"news-source":[475],"is_homepage":[],"ta_other":[],"class_list":["post-38844","post","type-post","status-publish","format-standard","has-post-thumbnail","hentry","category-accueil-merge","category-accueil-third","category-societe","tag-association","tag-boites-de-nuit","tag-discriminations","tag-herault","tag-insultes","tag-la-grande-motte","tag-lutte","tag-montpellier","tag-occitanie","tag-palavas-les-flots","tag-plage","tag-plages","tag-racisme","news-destination-homepage","news-source-website"],"_links":{"self":[{"href":"https:\/\/euapp01.newsmemory.com\/lamarseillaise\/news\/wp-json\/wp\/v2\/posts\/38844","targetHints":{"allow":["GET"]}}],"collection":[{"href":"https:\/\/euapp01.newsmemory.com\/lamarseillaise\/news\/wp-json\/wp\/v2\/posts"}],"about":[{"href":"https:\/\/euapp01.newsmemory.com\/lamarseillaise\/news\/wp-json\/wp\/v2\/types\/post"}],"author":[{"embeddable":true,"href":"https:\/\/euapp01.newsmemory.com\/lamarseillaise\/news\/wp-json\/wp\/v2\/users\/1"}],"replies":[{"embeddable":true,"href":"https:\/\/euapp01.newsmemory.com\/lamarseillaise\/news\/wp-json\/wp\/v2\/comments?post=38844"}],"version-history":[{"count":1,"href":"https:\/\/euapp01.newsmemory.com\/lamarseillaise\/news\/wp-json\/wp\/v2\/posts\/38844\/revisions"}],"predecessor-version":[{"id":38846,"href":"https:\/\/euapp01.newsmemory.com\/lamarseillaise\/news\/wp-json\/wp\/v2\/posts\/38844\/revisions\/38846"}],"wp:featuredmedia":[{"embeddable":true,"href":"https:\/\/euapp01.newsmemory.com\/lamarseillaise\/news\/wp-json\/wp\/v2\/media\/38845"}],"wp:attachment":[{"href":"https:\/\/euapp01.newsmemory.com\/lamarseillaise\/news\/wp-json\/wp\/v2\/media?parent=38844"}],"wp:term":[{"taxonomy":"category","embeddable":true,"href":"https:\/\/euapp01.newsmemory.com\/lamarseillaise\/news\/wp-json\/wp\/v2\/categories?post=38844"},{"taxonomy":"post_tag","embeddable":true,"href":"https:\/\/euapp01.newsmemory.com\/lamarseillaise\/news\/wp-json\/wp\/v2\/tags?post=38844"},{"taxonomy":"news-destination","embeddable":true,"href":"https:\/\/euapp01.newsmemory.com\/lamarseillaise\/news\/wp-json\/wp\/v2\/news-destination?post=38844"},{"taxonomy":"news-source","embeddable":true,"href":"https:\/\/euapp01.newsmemory.com\/lamarseillaise\/news\/wp-json\/wp\/v2\/news-source?post=38844"},{"taxonomy":"is_homepage","embeddable":true,"href":"https:\/\/euapp01.newsmemory.com\/lamarseillaise\/news\/wp-json\/wp\/v2\/is_homepage?post=38844"},{"taxonomy":"ta_other","embeddable":true,"href":"https:\/\/euapp01.newsmemory.com\/lamarseillaise\/news\/wp-json\/wp\/v2\/ta_other?post=38844"}],"curies":[{"name":"wp","href":"https:\/\/api.w.org\/{rel}","templated":true}]}}