{"id":38841,"date":"2026-08-08T08:25:00","date_gmt":"2026-08-08T06:25:00","guid":{"rendered":"https:\/\/euapp01.newsmemory.com\/lamarseillaise\/news\/?p=38841"},"modified":"2026-08-15T19:21:37","modified_gmt":"2026-08-15T17:21:37","slug":"amelie-lavin-comment-traverser-le-passe-et-le-present-de-marseille","status":"publish","type":"post","link":"https:\/\/euapp01.newsmemory.com\/lamarseillaise\/news\/2026\/08\/08\/amelie-lavin-comment-traverser-le-passe-et-le-present-de-marseille\/","title":{"rendered":"Am\u00e9lie Lavin : comment traverser le pass\u00e9 et le pr\u00e9sent de Marseille ?"},"content":{"rendered":"<div class=\"paragraph\">\n<p>Pour tenter d\u2019\u00e9clairer son parcours personnel, Am\u00e9lie Lavin explique qu\u2019une pr\u00e9occupation simple et forte l\u2019habite depuis toujours\u00a0: parmi les flux d\u2019une \u00e9poque qui recycle, efface et transforme constamment nos repr\u00e9sentations du monde, \u00ab\u00a0comment relier ici et maintenant, les textes et les images\u00a0?\u00a0\u00bb. Un peu tardivement, la trentaine venue, apr\u00e8s \u00eatre pass\u00e9e par des \u00e9tudes d\u2019histoire et de s\u00e9miologie, pendant qu\u2019elle entamait un recadrage transdisciplinaire \u00e0 propos d\u2019un grand primitif de la photographie, Hippolyte Bayard, son directeur de recherche Michel Poivert ainsi qu\u2019Alexia Fabre, rencontr\u00e9e au Mac Val, l\u2019avaient convaincue\u00a0: sans \u00eatre une vocation, le m\u00e9tier de conservatrice de mus\u00e9e pouvait devenir une r\u00e9ponse \u00e0 ses interrogations.<\/p>\n<p>Sans contradictions avec sa personnalit\u00e9 fonci\u00e8rement frondeuse et ind\u00e9pendante, une autre de ses convictions, son souci des exigences du service public lui permet d\u2019appr\u00e9hender les privil\u00e8ges et les contraintes d\u2019une institution dont elle fut avec honn\u00eatet\u00e9 et franc-parler, pour le personnel du Mucem, une impeccable repr\u00e9sentante syndicale. Sa m\u00e8re, Marie Lavin est une historienne passionn\u00e9e par l\u2019histoire de l\u2019art, l\u2019appartement de son enfance en r\u00e9gion parisienne \u00e9tait bourr\u00e9 de livres. Pendant ses vacances, ses parents l\u2019emmenaient visiter la Provence et l\u2019Italie. Universitaire \u00e0 Paris, son fr\u00e8re cadet, Mathieu Lavin est l\u2019auteur de monographies \u00e0 propos des cin\u00e9astes Ozu et Manuel de Oliviera.<\/p>\n<p>Des fragments de r\u00e9cits et les t\u00e9moignages de proches amis ach\u00e8veront ce rapide portrait. Loin des assignations et de l\u2019entre-soi parisiens, dix ann\u00e9es libres et inventives \u00e0 la t\u00eate d\u2019un mus\u00e9e de sous-pr\u00e9fecture (en Franche-Comt\u00e9, Dole compte 27\u00a0000\u00a0habitants) lui auront permis d\u2019\u00e9laborer sa m\u00e9thode de travail, ses r\u00e8gles de conduite. Elle se souvient avoir rencontr\u00e9 Henri Cueco, atteint par Elzheimer, communiquant avec elle, avec des dessins qu\u2019il griffonnait sur une petite toile. Au t\u00e9l\u00e9phone, le peintre-photographe Jean-Marc Cerino qu\u2019elle avait expos\u00e9 en 2014 et dont elle aime les multiples \u00ab\u00a0entr\u00e9es en r\u00e9sistance\u00a0\u00bb parle d\u2019elle comme si elle \u00ab\u00a0n\u2019\u00e9tait pas du s\u00e9rail\u00a0\u00bb\u00a0: chaque fois qu\u2019il la rencontre de nouveau, il affectionne son allant et son int\u00e9grit\u00e9 qu\u2019il trouve proches de la \u00ab\u00a0petite esp\u00e9rance\u00a0\u00bb que Walter Benjamin pr\u00e9conisait farouchement. Sinc\u00e8rement \u00e9logieux, Vincent Giovannoni qui fut pendant presque trois ans son voisin de bureau au Mucem tandis qu\u2019elle orchestrait le succ\u00e8s public de \u00ab\u00a0Paradis naturistes\u00a0\u00bb, une exposition souhait\u00e9e par Jean-Fran\u00e7ois Chougnet, estime que sa maturit\u00e9 \u00e9motionnelle et son respect vis-\u00e0-vis des personnes avec qui elle travaille, lui ont souvent rappel\u00e9 la vision lucide de Jean Genet qui affirmait qu\u2019\u00ab\u00a0on n\u2019est pas artiste sans qu\u2019un grand malheur s\u2019en soit m\u00eal\u00e9\u00a0\u00bb.<\/p>\n<p>Cantini, un \u00ab\u00a0matrimoine\u00a0\u00bb<\/p>\n<p>qu\u2019il faut r\u00e9inventer<\/p>\n<p>Elle avait quitt\u00e9 Dole en 2022 pour venir travailler \u00e0 Marseille, entre autres raisons parce qu\u2019elle pensait que les deux adolescents qui sont ses enfants avaient besoin d\u2019une grande ville. La donne de Marseille, les vives complicit\u00e9s et les remises en question qu\u2019elle per\u00e7oit quotidiennement en compagnie de l\u2019autre conservatrice de Cantini, Louise Madinier ou bien avec St\u00e9phanie Airaud qui pilote le Mac ainsi qu\u2019avec le directeur des mus\u00e9es de Marseille Nicolas Misery, son \u00e9coute d\u2019un territoire complexe o\u00f9 les amn\u00e9sies et les renaissances sont multiples, lui donnent la joie et les stimulations d\u2019un travail collectif. Titr\u00e9 \u00ab\u00a0Une langue \u00e9chapp\u00e9e\u00a0\u00bb, cor\u00e9alis\u00e9 avec Louise Madinier, le r\u00e9cent accrochage des collections du mus\u00e9e qui fait la part belle \u00e0 des artistes provisoirement marginalis\u00e9s, souvent des femmes qui \u0153uvr\u00e8rent sur la sc\u00e8ne m\u00e9diterran\u00e9enne ainsi que son projet d\u2019exposition \u00ab\u00a0Juste au-dessus du silence\u00a0\u00bb, donnent une id\u00e9e de l\u2019inflexion qu\u2019elle veut donner \u00e0 son mus\u00e9e. \u00c0 partir de la donation et de la restauration d\u2019un \u00ab\u00a0grand tableau antifasciste et collectif\u00a0\u00bb initi\u00e9 par Jean-Jacques Lebel, il s\u2019agira de r\u00e9\u00e9valuer le r\u00f4le des femmes et des artistes alg\u00e9riennes engag\u00e9es depuis les ann\u00e9es 1950 contre les violences, les censures et les tortures.<\/p>\n<p>En face de l\u2019audace de ce projet on comprendra que sa programmation se situe dans le droit fil de la meilleure tradition de Cantini dont les responsables furent presque exclusivement des femmes\u00a0: entre autres, Marielle Latour qui r\u00e9alisa \u00e0 Marseille en 1982 avec la premi\u00e8re r\u00e9trospective consacr\u00e9e \u00e0 Baya et Dani\u00e8le Giraudy qui exposa Jean de Maisonseul \u00e0 Antibes, autrice de l\u2019autre c\u00f4t\u00e9 de la M\u00e9diterran\u00e9e, en 1987, d\u2019un hommage \u00e0 Picasso et aux Femmes d\u2019Alger.<\/p>\n<\/p><\/div>\n","protected":false},"excerpt":{"rendered":"Pour tenter d&rsquo;&eacute;clairer son parcours personnel, Am&eacute;lie Lavin explique qu&rsquo;une pr&eacute;occupation simple et forte l&rsquo;habite depuis toujours&nbsp;: parmi les flux d&rsquo;une &eacute;poque qui recycle, efface et &#8230;","protected":false},"author":1,"featured_media":38842,"comment_status":"open","ping_status":"open","sticky":false,"template":"","format":"standard","meta":{"footnotes":""},"categories":[3926,3925,32],"tags":[10,387,16,37,2647,2034,335,99,988,2001],"news-destination":[3944],"news-source":[475],"is_homepage":[],"ta_other":[],"class_list":["post-38841","post","type-post","status-publish","format-standard","has-post-thumbnail","hentry","category-accueil-merge","category-accueil-third","category-culture","tag-bouches-du-rhone","tag-femmes","tag-marseille","tag-mucem","tag-musee-cantini","tag-musees","tag-portrait","tag-ville-de-marseille","tag-week-end","tag-weekend","news-destination-homepage","news-source-website"],"_links":{"self":[{"href":"https:\/\/euapp01.newsmemory.com\/lamarseillaise\/news\/wp-json\/wp\/v2\/posts\/38841","targetHints":{"allow":["GET"]}}],"collection":[{"href":"https:\/\/euapp01.newsmemory.com\/lamarseillaise\/news\/wp-json\/wp\/v2\/posts"}],"about":[{"href":"https:\/\/euapp01.newsmemory.com\/lamarseillaise\/news\/wp-json\/wp\/v2\/types\/post"}],"author":[{"embeddable":true,"href":"https:\/\/euapp01.newsmemory.com\/lamarseillaise\/news\/wp-json\/wp\/v2\/users\/1"}],"replies":[{"embeddable":true,"href":"https:\/\/euapp01.newsmemory.com\/lamarseillaise\/news\/wp-json\/wp\/v2\/comments?post=38841"}],"version-history":[{"count":1,"href":"https:\/\/euapp01.newsmemory.com\/lamarseillaise\/news\/wp-json\/wp\/v2\/posts\/38841\/revisions"}],"predecessor-version":[{"id":38843,"href":"https:\/\/euapp01.newsmemory.com\/lamarseillaise\/news\/wp-json\/wp\/v2\/posts\/38841\/revisions\/38843"}],"wp:featuredmedia":[{"embeddable":true,"href":"https:\/\/euapp01.newsmemory.com\/lamarseillaise\/news\/wp-json\/wp\/v2\/media\/38842"}],"wp:attachment":[{"href":"https:\/\/euapp01.newsmemory.com\/lamarseillaise\/news\/wp-json\/wp\/v2\/media?parent=38841"}],"wp:term":[{"taxonomy":"category","embeddable":true,"href":"https:\/\/euapp01.newsmemory.com\/lamarseillaise\/news\/wp-json\/wp\/v2\/categories?post=38841"},{"taxonomy":"post_tag","embeddable":true,"href":"https:\/\/euapp01.newsmemory.com\/lamarseillaise\/news\/wp-json\/wp\/v2\/tags?post=38841"},{"taxonomy":"news-destination","embeddable":true,"href":"https:\/\/euapp01.newsmemory.com\/lamarseillaise\/news\/wp-json\/wp\/v2\/news-destination?post=38841"},{"taxonomy":"news-source","embeddable":true,"href":"https:\/\/euapp01.newsmemory.com\/lamarseillaise\/news\/wp-json\/wp\/v2\/news-source?post=38841"},{"taxonomy":"is_homepage","embeddable":true,"href":"https:\/\/euapp01.newsmemory.com\/lamarseillaise\/news\/wp-json\/wp\/v2\/is_homepage?post=38841"},{"taxonomy":"ta_other","embeddable":true,"href":"https:\/\/euapp01.newsmemory.com\/lamarseillaise\/news\/wp-json\/wp\/v2\/ta_other?post=38841"}],"curies":[{"name":"wp","href":"https:\/\/api.w.org\/{rel}","templated":true}]}}