{"id":38837,"date":"2026-08-08T07:00:00","date_gmt":"2026-08-08T05:00:00","guid":{"rendered":"https:\/\/euapp01.newsmemory.com\/lamarseillaise\/news\/?p=38837"},"modified":"2026-08-14T07:29:10","modified_gmt":"2026-08-14T05:29:10","slug":"du-piano-a-gogo-dans-lecrin-du-parc-de-lorangerie","status":"publish","type":"post","link":"https:\/\/euapp01.newsmemory.com\/lamarseillaise\/news\/2026\/08\/08\/du-piano-a-gogo-dans-lecrin-du-parc-de-lorangerie\/","title":{"rendered":"Du piano \u00e0 gogo dans l\u2019\u00e9crin du parc de l\u2019orangerie"},"content":{"rendered":"<div class=\"paragraph\">\n<p>Pour glisser en douceur vers septembre \u00ab\u00a0Un piano sous les arbres\u00a0\u00bb revient, comme chaque ann\u00e9e, adoucir la fin de l\u2019\u00e9t\u00e9 en musique dans le cadre fabuleux du parc de l\u2019Orangerie, transform\u00e9 pour l\u2019occasion en sc\u00e8ne \u00e0 ciel ouvert.<\/p>\n<p>Ce festival municipal port\u00e9 par la commune de Lunel-Viel f\u00eate cette ann\u00e9e ses 18\u00a0ans, la majorit\u00e9, tout en restant fid\u00e8le \u00e0 son esprit de d\u00e9part\u00a0: <i>\u00ab<\/i><i>\u00a0<\/i><i>proposer une programmation \u00e0 la fois exigeante et populaire<\/i><i>\u00a0<\/i><i>\u00bb,<\/i> r\u00e9sume<i> <\/i>le directeur de la manifestation, Fabrice Fenoy. Quatre jours de spectacles et de concerts en plein air, gratuits pour beaucoup, o\u00f9 le piano, d\u00e9nominateur commun, visite tous les styles\u00a0: classique, jazz, rock, musique tzigane, \u00e9lectro&#8230; \u00ab\u00a0<i>On peut faire un tour du monde avec tout ce qu\u2019il est possible de jouer au piano<\/i><i>\u00a0<\/i><i>!<\/i>\u00a0\u00bb<i> <\/i>assure Fabrice Fenoy. \u00ab\u00a0<i>En cassant les barri\u00e8res entre les styles de musique, on casse aussi les barri\u00e8res entre les gens<\/i>\u00a0\u00bb, estime-t-il.<\/p>\n<p>Comme chaque ann\u00e9e, des concerts de classique (Max Walsh, Alessio Massi et un concert \u00e0 4\u00a0mains des deux musiciens) seront propos\u00e9s dans l\u2019Orangerie. \u00c0 la rubrique jazz, un coup de c\u0153ur du programmateur (2\u00a0ao\u00fbt, 21h30)\u00a0: l\u2019\u00e9tonnant hommage d\u2019\u00c9douard Ferlet au K\u00f6ln concert de Keith Jarrett, \u00ab\u00a0<i>l\u2019album de piano-jazz le plus vendu dans le monde. Ce qu\u2019il y a de tr\u00e8s original, c\u2019est qu\u2019il fait \u00e7a avec le concours d\u2019un deuxi\u00e8me piano, pilot\u00e9 par IA, auquel il a appris \u00e0 r\u00e9pondre \u00e0 ses traits d\u2019improvisation. Je l\u2019ai vu \u00e0 Marseille l\u2019ann\u00e9e derni\u00e8re et j\u2019ai pris une claque monumentale. Le r\u00e9sultat est esth\u00e9tiquement bluffant<\/i><i>\u00a0<\/i><i>!<\/i>\u00a0\u00bb, assure Fabrice Fenoy.<\/p>\n<p>Tankus, Magyd Cherfi, Charlie Winston&#8230;<\/p>\n<p>Autre temps fort de cette \u00e9dition, qui promet une ambiance explosive\u00a0: le groupe anglais Tankus (21\u00a0ao\u00fbt, 21h30). \u00ab\u00a0<i>Des artistes qui jouent du piano, et du tr\u00e8s bon, il y en a plein. Par contre trouver du piano \u00e9nergique, c\u2019est plus dur. Tr\u00e8s souvent le piano va \u00eatre classique, jazz, ou accompagner de la chanson, mais c\u2019est rarement tr\u00e8s p\u00eachu. L\u00e0 au contraire on est dans le registre b\u00eates de sc\u00e8ne. C\u2019est rock, avec une base New Orleans au d\u00e9part et beaucoup de soul, parce qu\u2019il y a des cuivres. C\u2019est tr\u00e8s festif<\/i><i>\u00a0<\/i><i>: en live c\u2019est vraiment fabuleux<\/i>\u00a0\u00bb, promet le directeur du festival.<\/p>\n<p>Autre coup de c\u0153ur 2026, plut\u00f4t musique du monde cette fois\u00a0: la chanteuse d\u2019origine iranienne Ariana Vafadari proposera un r\u00e9cital qui m\u00eale chant lyrique et musique persane, jou\u00e9s au oud et au piano (concert gratuit, 23\u00a0ao\u00fbt, 16h30). <i>\u00ab<\/i><i>\u00a0<\/i><i>J\u2019ai trouv\u00e9 qu\u2019il y avait quelque chose d\u2019unique<\/i><i>\u00a0<\/i>\u00bb, confie Fabrice Fenoy.<\/p>\n<p>Deux t\u00eates d\u2019affiche sont \u00e9galement invit\u00e9es cette ann\u00e9e. Magyd Cherfi (23\u00a0ao\u00fbt, 14h30, gratuit), le chanteur de Zebda \u00e9galement \u00e9crivain, proposera une lecture musicale d\u2019extraits de ses textes (<i>Ma part de Gaulois<\/i>, <i>La vie de ma m\u00e8re<\/i><i>\u00a0<\/i><i>!<\/i>) et Charlie Winston, l\u2019auteur du hit \u201cLike a hobo\u201d, cl\u00f4turera quant \u00e0 lui ces 4\u00a0jours de vagabondage musical (23\u00a0ao\u00fbt, 21h30). \u00ab\u00a0<i>J\u2019avais plut\u00f4t l\u2019image du guitariste chanteur de folk, mais en fait c\u2019est un tr\u00e8s bon pianiste. Ce qu\u2019il fait est tr\u00e8s d\u00e9licat, tr\u00e8s m\u00e9lodique<\/i>\u00a0\u00bb<i>,<\/i> d\u00e9crit le programmateur.<\/p>\n<p>\u00c0 ne pas manquer non plus, parmi les nombreuses propositions, la sieste musicale sous les arbres offerte par Bojan\u00a0Z (22\u00a0ao\u00fbt, 16h, gratuit), \u00ab\u00a0<i>un des pianistes de jazz les plus pointus du moment<\/i>.\u00a0\u00bb On citera \u00e9galement les concerts sous les \u00e9toiles, \u00e0 23h (gratuit) qui permettront de d\u00e9couvrir St\u00e9phanie Elbaz et ses reprises des morceaux des Beatles au piano (21\u00a0ao\u00fbt) ainsi le crooner anglais Charlie Wood (22\u00a0ao\u00fbt).<i><\/i><\/p>\n<p>Comme chaque ann\u00e9e, les pianistes amateurs seront encourag\u00e9s \u00e0 s\u2019exprimer eux aussi, avec une sc\u00e8ne ouverte le 22\u00a0ao\u00fbt \u00e0 midi et un piano crochet le 23\u00a0ao\u00fbt \u00e0 18h30 \u00e0 la buvette. Les enfants quant \u00e0 eux, pourront profiter de nombreuses activit\u00e9s (grimpe aux arbres, man\u00e8ge \u201c\u00e0 propulsion parentale\u201d, concert jeune public le 23\u00a0ao\u00fbt \u00e0 15h&#8230;) Enfin, des stands de restauration seront propos\u00e9s en continu, pour nourrir les papilles autant que les oreilles !<\/p>\n<\/p><\/div>\n<div class=\"paragraph\">\n<p><i><\/i><\/p>\n<p><i>* Toute la programmation sur : www.unpianosouslesarbres.com<\/i><\/p>\n<\/p><\/div>\n","protected":false},"excerpt":{"rendered":"Pour glisser en douceur vers septembre &laquo;&nbsp;Un piano sous les arbres&nbsp;&raquo; revient, comme chaque ann&eacute;e, adoucir la fin de l&rsquo;&eacute;t&eacute; en musique dans le cadre fabuleux du parc de l&rsquo;Orangerie, &#8230;","protected":false},"author":1,"featured_media":38838,"comment_status":"open","ping_status":"open","sticky":false,"template":"","format":"standard","meta":{"footnotes":""},"categories":[3926,3925,32],"tags":[35,329,40,1323,325,1310,1291,1324,2000,1258,6228],"news-destination":[3944],"news-source":[475],"is_homepage":[],"ta_other":[],"class_list":["post-38837","post","type-post","status-publish","format-standard","has-post-thumbnail","hentry","category-accueil-merge","category-accueil-third","category-culture","tag-culture","tag-festival","tag-jazz","tag-lunel-viel","tag-musique","tag-musique-classique","tag-parc","tag-piano","tag-plein-air","tag-rock","tag-un-piano-sous-les-arbres","news-destination-homepage","news-source-website"],"_links":{"self":[{"href":"https:\/\/euapp01.newsmemory.com\/lamarseillaise\/news\/wp-json\/wp\/v2\/posts\/38837","targetHints":{"allow":["GET"]}}],"collection":[{"href":"https:\/\/euapp01.newsmemory.com\/lamarseillaise\/news\/wp-json\/wp\/v2\/posts"}],"about":[{"href":"https:\/\/euapp01.newsmemory.com\/lamarseillaise\/news\/wp-json\/wp\/v2\/types\/post"}],"author":[{"embeddable":true,"href":"https:\/\/euapp01.newsmemory.com\/lamarseillaise\/news\/wp-json\/wp\/v2\/users\/1"}],"replies":[{"embeddable":true,"href":"https:\/\/euapp01.newsmemory.com\/lamarseillaise\/news\/wp-json\/wp\/v2\/comments?post=38837"}],"version-history":[{"count":1,"href":"https:\/\/euapp01.newsmemory.com\/lamarseillaise\/news\/wp-json\/wp\/v2\/posts\/38837\/revisions"}],"predecessor-version":[{"id":38839,"href":"https:\/\/euapp01.newsmemory.com\/lamarseillaise\/news\/wp-json\/wp\/v2\/posts\/38837\/revisions\/38839"}],"wp:featuredmedia":[{"embeddable":true,"href":"https:\/\/euapp01.newsmemory.com\/lamarseillaise\/news\/wp-json\/wp\/v2\/media\/38838"}],"wp:attachment":[{"href":"https:\/\/euapp01.newsmemory.com\/lamarseillaise\/news\/wp-json\/wp\/v2\/media?parent=38837"}],"wp:term":[{"taxonomy":"category","embeddable":true,"href":"https:\/\/euapp01.newsmemory.com\/lamarseillaise\/news\/wp-json\/wp\/v2\/categories?post=38837"},{"taxonomy":"post_tag","embeddable":true,"href":"https:\/\/euapp01.newsmemory.com\/lamarseillaise\/news\/wp-json\/wp\/v2\/tags?post=38837"},{"taxonomy":"news-destination","embeddable":true,"href":"https:\/\/euapp01.newsmemory.com\/lamarseillaise\/news\/wp-json\/wp\/v2\/news-destination?post=38837"},{"taxonomy":"news-source","embeddable":true,"href":"https:\/\/euapp01.newsmemory.com\/lamarseillaise\/news\/wp-json\/wp\/v2\/news-source?post=38837"},{"taxonomy":"is_homepage","embeddable":true,"href":"https:\/\/euapp01.newsmemory.com\/lamarseillaise\/news\/wp-json\/wp\/v2\/is_homepage?post=38837"},{"taxonomy":"ta_other","embeddable":true,"href":"https:\/\/euapp01.newsmemory.com\/lamarseillaise\/news\/wp-json\/wp\/v2\/ta_other?post=38837"}],"curies":[{"name":"wp","href":"https:\/\/api.w.org\/{rel}","templated":true}]}}