{"id":38831,"date":"2026-08-08T07:05:01","date_gmt":"2026-08-08T05:05:01","guid":{"rendered":"https:\/\/euapp01.newsmemory.com\/lamarseillaise\/news\/?p=38831"},"modified":"2026-08-14T08:50:05","modified_gmt":"2026-08-14T06:50:05","slug":"un-nouveau-regard-sur-levolution-humaine-grace-a-un-travail-de-fourmis","status":"publish","type":"post","link":"https:\/\/euapp01.newsmemory.com\/lamarseillaise\/news\/2026\/08\/08\/un-nouveau-regard-sur-levolution-humaine-grace-a-un-travail-de-fourmis\/","title":{"rendered":"Un nouveau regard sur l\u2019\u00e9volution humaine gr\u00e2ce \u00e0 un travail de fourmis"},"content":{"rendered":"<div class=\"paragraph\">\n<p>C\u2019\u00e9tait peu apr\u00e8s sa th\u00e8se. \u00ab\u00a0\u00c0 la fin du XX<sup>e<\/sup> si\u00e8cle\u00a0\u00bb, sourit Fran\u00e7ois Marchal. Le chercheur, aujourd\u2019hui pal\u00e9oanthropologue pour le CNRS au laboratoire Anthropologie bio-culturelle, droit et \u00e9thique et sant\u00e9 (ADES) \u00e0 Marseille, a besoin de conna\u00eetre le nombre de fossiles d\u2019hominines \u2013 le groupe de primates auquel nous appartenons &#8211; dont dispose la communaut\u00e9. \u00ab\u00a0Je n\u2019ai pas trouv\u00e9\u00a0\u00bb, se souvient-il. Seules des listes partielles existaient. Il se lance alors dans un travail de fourmis qui va durer des d\u00e9cennies\u00a0: recenser tous les fossiles qu\u2019il croise, au fil de ses lectures, au d\u00e9tour d\u2019un article, ou sur le terrain, en Afrique. Ann\u00e9e apr\u00e8s ann\u00e9e, le tableau s\u2019\u00e9toffe. Jusqu\u2019\u00e0 ce que sa coll\u00e8gue Sandrine Prat, pal\u00e9oanthropologue CNRS au Mus\u00e9e de l\u2019Homme, \u00e9mette l\u2019id\u00e9e de le diffuser.<\/p>\n<p>Des ann\u00e9es plus tard, na\u00eet la premi\u00e8re base de donn\u00e9es de tous les fossiles connus autour du lac Turkana, entre l\u2019\u00c9thiopie et le Kenya\u00a0: 1\u00a0231\u00a0sp\u00e9cimens, surtout des dents, mais aussi des os, des cr\u00e2nes, des mandibules&#8230; qui retracent l\u2019\u00e9volution des hominines entre -7\u00a0millions d\u2019ann\u00e9es (Ma) et -780\u00a0000\u00a0ans dans cette r\u00e9gion d\u2019Afrique. \u00ab\u00a0<i>Nous avons commenc\u00e9 par l\u00e0 car nous y travaillons avec Sandrine Prat<\/i>, explique Fran\u00e7ois Marchal, auteur de deux articles parus dans <i>Journal of Human Evolution<\/i>. <i>C\u2019est aussi une des trois r\u00e9gions d\u2019Afrique les plus riches en fossiles et elle est explor\u00e9e depuis longtemps<\/i>.\u00a0\u00bb Des recherches sur le terrain importantes y ont commenc\u00e9 d\u00e8s les ann\u00e9es 1960.<\/p>\n<p>La r\u00e8gle et l\u2019exception<\/p>\n<p>Ces donn\u00e9es rassembl\u00e9es parlent d\u00e9j\u00e0. \u00ab\u00a0<i>Nous confirmons principalement des choses connues<\/i>, admet Fran\u00e7ois Marchal. <i>Mais nous les pr\u00e9cisons et les quantifions de mani\u00e8re fiable pour la premi\u00e8re fois<\/i>.\u00a0\u00bb Par exemple le fait que les fossiles sont tr\u00e8s abondants pour certaines p\u00e9riodes et beaucoup moins pour d\u2019autres. Et chaque p\u00e9riode d\u2019abondance est associ\u00e9e \u00e0 une r\u00e9gion\u00a0: d\u2019abord \u00e0 l\u2019Ouest du lac pour les fossiles les plus anciens, puis au Nord et enfin \u00e0 l\u2019Est. Rien \u00e0 voir avec une quelconque migration des hominines, pr\u00e9cise Fran\u00e7ois Marchal\u00a0: \u00ab\u00a0<i>C\u2019est probablement li\u00e9 \u00e0 la s\u00e9dimentation qui conserve les fossiles<\/i>.\u00a0\u00bb<\/p>\n<p>Concernant nos anc\u00eatres <br \/>&#8211;\u00a0le genre Homo, apparu il y a 2,8\u00a0Ma\u00a0&#8211; ils occupent la r\u00e9gion en m\u00eame temps qu\u2019un autre genre &#8211; les paranthropes. Mais on retrouve deux fois plus de fossiles de ces derniers. \u00c9taient-ils vraiment deux fois plus nombreux\u00a0? Est-ce d\u00fb \u00e0 un biais de conservation\u00a0? \u00ab\u00a0Le myst\u00e8re est entier\u00a0\u00bb, admet Fran\u00e7ois Marchal. Tout comme la raison pour laquelle cette proportion est vraie partout sauf \u00e0 Koobi Fora, \u00e0 l\u2019Est du lac, entre -2 Ma et -1,8 Ma, o\u00f9 elle s\u2019inverse. Cette m\u00eame r\u00e9gion et cette m\u00eame p\u00e9riode o\u00f9 les fossiles de cr\u00e2nes, mandibules et autres \u00e9l\u00e9ments de squelette sont bien plus abondants que les dents. C\u2019est probablement un apport important de cette base de donn\u00e9es\u00a0: soulever de nouvelles questions.<\/p>\n<\/p><\/div>\n","protected":false},"excerpt":{"rendered":"C&rsquo;&eacute;tait peu apr&egrave;s sa th&egrave;se. &laquo;&nbsp;&Agrave; la fin du XXe si&egrave;cle&nbsp;&raquo;, sourit Fran&ccedil;ois Marchal. Le chercheur, aujourd&rsquo;hui pal&eacute;oanthropologue pour le CNRS au laboratoire &#8230;","protected":false},"author":1,"featured_media":38832,"comment_status":"open","ping_status":"open","sticky":false,"template":"","format":"standard","meta":{"footnotes":""},"categories":[3926,3925,20],"tags":[2318,1709,572,2921,1592,353,988,2001],"news-destination":[3944],"news-source":[475],"is_homepage":[],"ta_other":[],"class_list":["post-38831","post","type-post","status-publish","format-standard","has-post-thumbnail","hentry","category-accueil-merge","category-accueil-third","category-societe","tag-anthropologie","tag-evolution","tag-france","tag-paleontologie","tag-recherche","tag-sciences","tag-week-end","tag-weekend","news-destination-homepage","news-source-website"],"_links":{"self":[{"href":"https:\/\/euapp01.newsmemory.com\/lamarseillaise\/news\/wp-json\/wp\/v2\/posts\/38831","targetHints":{"allow":["GET"]}}],"collection":[{"href":"https:\/\/euapp01.newsmemory.com\/lamarseillaise\/news\/wp-json\/wp\/v2\/posts"}],"about":[{"href":"https:\/\/euapp01.newsmemory.com\/lamarseillaise\/news\/wp-json\/wp\/v2\/types\/post"}],"author":[{"embeddable":true,"href":"https:\/\/euapp01.newsmemory.com\/lamarseillaise\/news\/wp-json\/wp\/v2\/users\/1"}],"replies":[{"embeddable":true,"href":"https:\/\/euapp01.newsmemory.com\/lamarseillaise\/news\/wp-json\/wp\/v2\/comments?post=38831"}],"version-history":[{"count":1,"href":"https:\/\/euapp01.newsmemory.com\/lamarseillaise\/news\/wp-json\/wp\/v2\/posts\/38831\/revisions"}],"predecessor-version":[{"id":38833,"href":"https:\/\/euapp01.newsmemory.com\/lamarseillaise\/news\/wp-json\/wp\/v2\/posts\/38831\/revisions\/38833"}],"wp:featuredmedia":[{"embeddable":true,"href":"https:\/\/euapp01.newsmemory.com\/lamarseillaise\/news\/wp-json\/wp\/v2\/media\/38832"}],"wp:attachment":[{"href":"https:\/\/euapp01.newsmemory.com\/lamarseillaise\/news\/wp-json\/wp\/v2\/media?parent=38831"}],"wp:term":[{"taxonomy":"category","embeddable":true,"href":"https:\/\/euapp01.newsmemory.com\/lamarseillaise\/news\/wp-json\/wp\/v2\/categories?post=38831"},{"taxonomy":"post_tag","embeddable":true,"href":"https:\/\/euapp01.newsmemory.com\/lamarseillaise\/news\/wp-json\/wp\/v2\/tags?post=38831"},{"taxonomy":"news-destination","embeddable":true,"href":"https:\/\/euapp01.newsmemory.com\/lamarseillaise\/news\/wp-json\/wp\/v2\/news-destination?post=38831"},{"taxonomy":"news-source","embeddable":true,"href":"https:\/\/euapp01.newsmemory.com\/lamarseillaise\/news\/wp-json\/wp\/v2\/news-source?post=38831"},{"taxonomy":"is_homepage","embeddable":true,"href":"https:\/\/euapp01.newsmemory.com\/lamarseillaise\/news\/wp-json\/wp\/v2\/is_homepage?post=38831"},{"taxonomy":"ta_other","embeddable":true,"href":"https:\/\/euapp01.newsmemory.com\/lamarseillaise\/news\/wp-json\/wp\/v2\/ta_other?post=38831"}],"curies":[{"name":"wp","href":"https:\/\/api.w.org\/{rel}","templated":true}]}}