{"id":38825,"date":"2026-08-08T07:07:00","date_gmt":"2026-08-08T05:07:00","guid":{"rendered":"https:\/\/euapp01.newsmemory.com\/lamarseillaise\/news\/?p=38825"},"modified":"2026-08-16T16:03:14","modified_gmt":"2026-08-16T14:03:14","slug":"au-camping-arc-en-ciel-a-aix-le-pari-de-la-simplicite","status":"publish","type":"post","link":"https:\/\/euapp01.newsmemory.com\/lamarseillaise\/news\/2026\/08\/08\/au-camping-arc-en-ciel-a-aix-le-pari-de-la-simplicite\/","title":{"rendered":"[Week-end] Au camping Arc-en-ciel \u00e0 Aix, le pari de la simplicit\u00e9"},"content":{"rendered":"<div class=\"paragraph\">\n<p>Dans un monde de camping ou chalets, mobile homes et gestionnaires, dessinent peu \u00e0 peu le paysage des vacances en plein air ici, on arrive en plantant les piquets de sa tente dans les sols, ou sa caravane, devant laquelle on d\u00e9tend les stores banne, au-dessus d\u2019une table en plastique pos\u00e9e pour le mois. Au Camping Arc-en-ciel,<i> \u00ab<\/i><i>\u00a0<\/i><i>ce qu\u2019on a gard\u00e9, c\u2019est l\u2019authenticit\u00e9 du camping, comme il a commenc\u00e9 dans les ann\u00e9es 1950<\/i><i>\u00a0<\/i>\u00bb<i>, <\/i>r\u00e9sume C\u00e9cile. Ici, cinquante-cinq terrains nus composent ce lieu de vacances familial, dont la g\u00e9rance est pass\u00e9e de g\u00e9n\u00e9ration en g\u00e9n\u00e9ration. Avant elle, sa m\u00e8re, Corinne, toujours occup\u00e9e \u00e0 la maintenance dans les all\u00e9es du camping, en \u00e9tait \u00e0 la t\u00eate.<\/p>\n<p>Pour C\u00e9cile\u00a0: \u00ab<i>\u00a0<\/i><i>On r\u00e9siste, en quelque sorte.<\/i><i>\u00a0<\/i>\u00bb<i> <\/i>Notamment aux sp\u00e9culations de promoteurs, gourmands d\u2019un terrain situ\u00e9 aux portes de la ville\u00a0: le centre, est accessible \u00e0 pied. Derri\u00e8re le bureau de l\u2019accueil, l\u2019actuelle g\u00e9rante des lieux jongle entre accueil, administration, r\u00e9servations par t\u00e9l\u00e9phone. \u00ab<i>\u00a0<\/i><i>Je travaille encore un peu \u00e0 l\u2019ancienne, je n\u2019ai pas de centrale de r\u00e9servation, j\u2019ai mon site internet et les gens me font leur demande par mail. Oblig\u00e9. J\u2019ai un camping atypique, avec des coins des recoins, des emplacements qui ne sont pas de la m\u00eame superficie&#8230;<\/i><i>\u00a0<\/i><i>\u00bb <\/i><\/p>\n<p>\u00ab\u00a0On se charge de tout\u00a0\u00bb<\/p>\n<p>La saison a d\u00e9marr\u00e9 d\u00e8s la mi-mai. Au mois de juillet, les journ\u00e9es battent d\u00e9j\u00e0 leur plein, d\u00e9marr\u00e9es \u00e0 sept heures, pour C\u00e9cile, et sans horaire de fin. Il faut r\u00e9pondre aux diverses demandes, accueillir, g\u00e9rer les \u00ab<i>\u00a0<\/i><i>impr\u00e9vus<\/i><i>\u00a0<\/i>\u00bb<i>. <\/i>\u00ab<i>\u00a0<\/i><i>Qui ne sont pas toujours mauvais<\/i><i>\u00a0<\/i><i>! Comme on est un camping familial, on est donc r\u00e9guli\u00e8rement invit\u00e9s \u00e0 manger, boire l\u2019ap\u00e9ro&#8230; C\u2019est du relationnel, \u00e7a fait partie du travail<\/i><i>\u00a0<\/i>\u00bb, pr\u00e9cise-t-elle.<\/p>\n<p>Pour preuve, \u00e0 l\u2019accueil, des photos de vacanciers fid\u00e8les <br \/>&#8211;<i>\u00a0<\/i><i>\u00ab<\/i><i>\u00a0<\/i><i>on n\u2019a quasiment que \u00e7a<\/i><i>\u00a0<\/i><i>\u00bb<\/i><i>\u00a0<\/i>&#8211; tr\u00f4nent de partout. Certaines, ab\u00eem\u00e9es par le temps, capturent les ann\u00e9es 1960, 1970. Idem, dans la salle des f\u00eates ouverte aux jeunes<i> \u00ab<\/i><i>\u00a0<\/i><i>pour qu\u2019ils puissent faire la f\u00eate<\/i><i>\u00a0<\/i><i>\u00bb,<\/i> indique Corinne qui, entre deux t\u00e2ches, d\u00e9signera plusieurs tuiles accroch\u00e9es au mur, peintes par des habitu\u00e9s. Parmi les centaines d\u2019anecdotes que racontent m\u00e8re et fille &#8211;\u00a0sur chacun des vacanciers crois\u00e9s, sur les lieux\u00a0&#8211; il y a ce pont des Trois Sautets, qui enjambe le fleuve de l\u2019Arc et fait le lien entre les communes de Meyreuil et d\u2019Aix. \u00ab<i>\u00a0<\/i><i>Quand mon p\u00e8re a rachet\u00e9 dans les ann\u00e9es 1950, il a eu l\u2019honneur de recevoir Churchill, qui \u00e9tait un peintre magnifique. Il venait l\u00e0, il mettait sa voiture \u00e0 gauche&#8230;<\/i><i>\u00a0<\/i>\u00bb,<i> <\/i>pointe Corinne. \u00ab<i>\u00a0<\/i><i>\u00c0 la fin de sa vie, il avait suivi les pas de C\u00e9zanne. Il est venu deux ann\u00e9es de suite ici<\/i><i>\u00a0<\/i>\u00bb, compl\u00e8te C\u00e9cile. Le temps d\u2019un tour du camping, on prend des nouvelles de l\u2019un, on s\u2019arr\u00eate boire un verre chez cette famille&#8230; Ce qu\u2019elles pr\u00e9f\u00e8rent dans cette vie-l\u00e0\u00a0? \u00ab<i>\u00a0<\/i><i>Le contact avec les gens<\/i><i>\u00a0<\/i>\u00bb<i>,<\/i> r\u00e9pond, sans h\u00e9siter, Corinne.<i> <\/i>\u00ab<i>\u00a0<\/i><i>Sinon, on prendrait du personnel<\/i><i>\u00a0<\/i><i>! C\u2019est un challenge avec chaque client<\/i><i>\u00a0<\/i>\u00bb, poursuit C\u00e9cile. Qui, malgr\u00e9, l\u2019aspect bon enfant des vacances, rappelle\u00a0: c\u2019est \u00ab<i>\u00a0<\/i><i>du travail toute l\u2019ann\u00e9e<\/i><i>\u00a0<\/i>\u00bb, pointe la g\u00e9rante, qui ouvre les portes d\u2019un atelier dont les murs sont emplis d\u2019outils de jardinage, de m\u00e9canique&#8230; Les mois de fermeture sont, entre autres, rythm\u00e9s de journ\u00e9es enti\u00e8res d\u00e9di\u00e9es \u00e0 l\u2019administratif, toujours plus exigeant. Un salari\u00e9 \u00e0 l\u2019ann\u00e9e les aide. \u00ab\u00a0<i>Autrement, on se charge de tout.<\/i><i>\u00a0<\/i>\u00bb<i> <\/i><\/p>\n<\/p><\/div>\n","protected":false},"excerpt":{"rendered":"Dans un monde de camping ou chalets, mobile homes et gestionnaires, dessinent peu &agrave; peu le paysage des vacances en plein air ici, on arrive en plantant les piquets de sa tente dans les sols, ou sa caravane, devant laquelle on d&eacute;tend &#8230;","protected":false},"author":1,"featured_media":38826,"comment_status":"open","ping_status":"open","sticky":false,"template":"","format":"standard","meta":{"footnotes":""},"categories":[3926,3925,20],"tags":[556,10,5238,336,58,378,1749,1361,988,2001],"news-destination":[3944],"news-source":[475],"is_homepage":[],"ta_other":[],"class_list":["post-38825","post","type-post","status-publish","format-standard","has-post-thumbnail","hentry","category-accueil-merge","category-accueil-third","category-societe","tag-aix-en-provence","tag-bouches-du-rhone","tag-camping","tag-ete","tag-famille","tag-local","tag-tradition","tag-vacances","tag-week-end","tag-weekend","news-destination-homepage","news-source-website"],"_links":{"self":[{"href":"https:\/\/euapp01.newsmemory.com\/lamarseillaise\/news\/wp-json\/wp\/v2\/posts\/38825","targetHints":{"allow":["GET"]}}],"collection":[{"href":"https:\/\/euapp01.newsmemory.com\/lamarseillaise\/news\/wp-json\/wp\/v2\/posts"}],"about":[{"href":"https:\/\/euapp01.newsmemory.com\/lamarseillaise\/news\/wp-json\/wp\/v2\/types\/post"}],"author":[{"embeddable":true,"href":"https:\/\/euapp01.newsmemory.com\/lamarseillaise\/news\/wp-json\/wp\/v2\/users\/1"}],"replies":[{"embeddable":true,"href":"https:\/\/euapp01.newsmemory.com\/lamarseillaise\/news\/wp-json\/wp\/v2\/comments?post=38825"}],"version-history":[{"count":2,"href":"https:\/\/euapp01.newsmemory.com\/lamarseillaise\/news\/wp-json\/wp\/v2\/posts\/38825\/revisions"}],"predecessor-version":[{"id":39438,"href":"https:\/\/euapp01.newsmemory.com\/lamarseillaise\/news\/wp-json\/wp\/v2\/posts\/38825\/revisions\/39438"}],"wp:featuredmedia":[{"embeddable":true,"href":"https:\/\/euapp01.newsmemory.com\/lamarseillaise\/news\/wp-json\/wp\/v2\/media\/38826"}],"wp:attachment":[{"href":"https:\/\/euapp01.newsmemory.com\/lamarseillaise\/news\/wp-json\/wp\/v2\/media?parent=38825"}],"wp:term":[{"taxonomy":"category","embeddable":true,"href":"https:\/\/euapp01.newsmemory.com\/lamarseillaise\/news\/wp-json\/wp\/v2\/categories?post=38825"},{"taxonomy":"post_tag","embeddable":true,"href":"https:\/\/euapp01.newsmemory.com\/lamarseillaise\/news\/wp-json\/wp\/v2\/tags?post=38825"},{"taxonomy":"news-destination","embeddable":true,"href":"https:\/\/euapp01.newsmemory.com\/lamarseillaise\/news\/wp-json\/wp\/v2\/news-destination?post=38825"},{"taxonomy":"news-source","embeddable":true,"href":"https:\/\/euapp01.newsmemory.com\/lamarseillaise\/news\/wp-json\/wp\/v2\/news-source?post=38825"},{"taxonomy":"is_homepage","embeddable":true,"href":"https:\/\/euapp01.newsmemory.com\/lamarseillaise\/news\/wp-json\/wp\/v2\/is_homepage?post=38825"},{"taxonomy":"ta_other","embeddable":true,"href":"https:\/\/euapp01.newsmemory.com\/lamarseillaise\/news\/wp-json\/wp\/v2\/ta_other?post=38825"}],"curies":[{"name":"wp","href":"https:\/\/api.w.org\/{rel}","templated":true}]}}