{"id":38821,"date":"2026-08-08T07:08:00","date_gmt":"2026-08-08T05:08:00","guid":{"rendered":"https:\/\/euapp01.newsmemory.com\/lamarseillaise\/news\/?p=38821"},"modified":"2026-08-14T12:05:29","modified_gmt":"2026-08-14T10:05:29","slug":"hiroshima-nagasaki-une-journee-pour-se-souvenir","status":"publish","type":"post","link":"https:\/\/euapp01.newsmemory.com\/lamarseillaise\/news\/2026\/08\/08\/hiroshima-nagasaki-une-journee-pour-se-souvenir\/","title":{"rendered":"Hiroshima &#8211; Nagasaki : une journ\u00e9e pour se souvenir"},"content":{"rendered":"<div class=\"paragraph\">\n<p>Comme chaque \u00e9t\u00e9 depuis l\u2019an 2000, des personnes de tous les horizons se r\u00e9unissent autour d\u2019une journ\u00e9e de comm\u00e9moration. L\u2019objectif\u00a0? Se souvenir, tous ensemble, des bombardements qui ont frapp\u00e9 Hiroshima et Nagasaki les 6 et 9 ao\u00fbt 1945.<\/p>\n<p>81\u00a0ans apr\u00e8s, le collectif du Mouvement de la paix accueillera les participants au c\u0153ur du camping du Bousquet d\u2019Orb, le 9 ao\u00fbt prochain. Ce collectif, n\u00e9 en 1982 lutte contre la course \u00e0 l\u2019armement et s\u2019engage en faveur du d\u00e9sarmement nucl\u00e9aire.<\/p>\n<\/p><\/div>\n<div class=\"intext\"> Un combat commun\n              <\/div>\n<div class=\"paragraph\">\n<p>Dans une ambiance qui se veut festive, Raymond Cubells, l\u2019un des organisateurs de l\u2019\u00e9v\u00e9nement, souhaite r\u00e9unir petits et grands autour d\u2019un combat unique\u00a0: \u00ab<i>\u00a0<\/i><i>Faire la promotion de la paix.<\/i><i>\u00a0<\/i>\u00bb<i> <\/i>Stands d\u2019associations et divers producteurs locaux pr\u00e9senteront \u00e9galement leurs produits \u00e0 l\u2019occasion de cet apr\u00e8s-midi consacr\u00e9 au souvenir.<\/p>\n<p>\u00ab<i>\u00a0<\/i><i>On ajoute toujours un c\u00f4t\u00e9 culturel<\/i><i>\u00a0<\/i>\u00bb, explique l\u2019organisateur. D\u00e8s 10h, le collectif proposera aux curieux une visite du Mus\u00e9e des lumi\u00e8res de la mine, fleuron culturel de la ville. Chaque ann\u00e9e, de plus en plus de locaux participent \u00e0 ce rassemblement itin\u00e9rant. En 2025, \u00e0 Joncels, 80\u00a0personnes avaient fait le d\u00e9placement. \u00ab<i>\u00a0<\/i><i>\u00c7a prouve que les gens se mobilisent<\/i><i>\u00a0<\/i>\u00bb<i>,<\/i> conclut Raymond Cubells.<\/p>\n<\/p><\/div>\n<div class=\"paragraph\">\n<p><i>* Comm\u00e9moration des bombardements sur Hiroshima et Nagasaki, camping du Bousquet d\u2019Orb, le 9 ao\u00fbt, <br \/>\u00e0 partir de 10h. <\/i><\/p>\n<\/p><\/div>\n","protected":false},"excerpt":{"rendered":"Comme chaque &eacute;t&eacute; depuis l&rsquo;an 2000, des personnes de tous les horizons se r&eacute;unissent autour d&rsquo;une journ&eacute;e de comm&eacute;moration. L&rsquo;objectif&nbsp;? Se souvenir, tous ensemble, des bombardements qui ont &#8230;","protected":false},"author":1,"featured_media":38823,"comment_status":"open","ping_status":"open","sticky":false,"template":"","format":"standard","meta":{"footnotes":""},"categories":[3926,3925,32,331,20],"tags":[340,3119,3325,3680,239,280,6227,121],"news-destination":[3944],"news-source":[475],"is_homepage":[],"ta_other":[],"class_list":["post-38821","post","type-post","status-publish","format-standard","has-post-thumbnail","hentry","category-accueil-merge","category-accueil-third","category-culture","category-social","category-societe","tag-armes-nucleaires","tag-bombardements","tag-commemoration","tag-desarmement","tag-herault","tag-histoire","tag-le-bousquet-dorb","tag-paix","news-destination-homepage","news-source-website"],"_links":{"self":[{"href":"https:\/\/euapp01.newsmemory.com\/lamarseillaise\/news\/wp-json\/wp\/v2\/posts\/38821","targetHints":{"allow":["GET"]}}],"collection":[{"href":"https:\/\/euapp01.newsmemory.com\/lamarseillaise\/news\/wp-json\/wp\/v2\/posts"}],"about":[{"href":"https:\/\/euapp01.newsmemory.com\/lamarseillaise\/news\/wp-json\/wp\/v2\/types\/post"}],"author":[{"embeddable":true,"href":"https:\/\/euapp01.newsmemory.com\/lamarseillaise\/news\/wp-json\/wp\/v2\/users\/1"}],"replies":[{"embeddable":true,"href":"https:\/\/euapp01.newsmemory.com\/lamarseillaise\/news\/wp-json\/wp\/v2\/comments?post=38821"}],"version-history":[{"count":1,"href":"https:\/\/euapp01.newsmemory.com\/lamarseillaise\/news\/wp-json\/wp\/v2\/posts\/38821\/revisions"}],"predecessor-version":[{"id":38824,"href":"https:\/\/euapp01.newsmemory.com\/lamarseillaise\/news\/wp-json\/wp\/v2\/posts\/38821\/revisions\/38824"}],"wp:featuredmedia":[{"embeddable":true,"href":"https:\/\/euapp01.newsmemory.com\/lamarseillaise\/news\/wp-json\/wp\/v2\/media\/38823"}],"wp:attachment":[{"href":"https:\/\/euapp01.newsmemory.com\/lamarseillaise\/news\/wp-json\/wp\/v2\/media?parent=38821"}],"wp:term":[{"taxonomy":"category","embeddable":true,"href":"https:\/\/euapp01.newsmemory.com\/lamarseillaise\/news\/wp-json\/wp\/v2\/categories?post=38821"},{"taxonomy":"post_tag","embeddable":true,"href":"https:\/\/euapp01.newsmemory.com\/lamarseillaise\/news\/wp-json\/wp\/v2\/tags?post=38821"},{"taxonomy":"news-destination","embeddable":true,"href":"https:\/\/euapp01.newsmemory.com\/lamarseillaise\/news\/wp-json\/wp\/v2\/news-destination?post=38821"},{"taxonomy":"news-source","embeddable":true,"href":"https:\/\/euapp01.newsmemory.com\/lamarseillaise\/news\/wp-json\/wp\/v2\/news-source?post=38821"},{"taxonomy":"is_homepage","embeddable":true,"href":"https:\/\/euapp01.newsmemory.com\/lamarseillaise\/news\/wp-json\/wp\/v2\/is_homepage?post=38821"},{"taxonomy":"ta_other","embeddable":true,"href":"https:\/\/euapp01.newsmemory.com\/lamarseillaise\/news\/wp-json\/wp\/v2\/ta_other?post=38821"}],"curies":[{"name":"wp","href":"https:\/\/api.w.org\/{rel}","templated":true}]}}