{"id":38818,"date":"2026-08-08T07:09:00","date_gmt":"2026-08-08T05:09:00","guid":{"rendered":"https:\/\/euapp01.newsmemory.com\/lamarseillaise\/news\/?p=38818"},"modified":"2026-08-14T20:04:22","modified_gmt":"2026-08-14T18:04:22","slug":"lolassonn-djouhan-ambitieux-a-birmingham","status":"publish","type":"post","link":"https:\/\/euapp01.newsmemory.com\/lamarseillaise\/news\/2026\/08\/08\/lolassonn-djouhan-ambitieux-a-birmingham\/","title":{"rendered":"Lolassonn Djouhan, ambitieux \u00e0 Birmingham"},"content":{"rendered":"<div class=\"paragraph\">\n<p>Il est tout simplement l\u2019athl\u00e8te le plus exp\u00e9riment\u00e9 de l\u2019\u00e9quipe de France, en compagnie du marcheur Aur\u00e9lien Quinion. Du haut de ses 35\u00a0ans, le lanceur de disque Lolassonn Djouhan a d\u00e9j\u00e0 23\u00a0s\u00e9lections avec les Bleus et va en compter une de plus d\u00e8s la semaine prochaine. Sur le sol anglais, \u00e0 Birmingham, le pensionnaire du Martigues Sport Athl\u00e9tisme va vivre de nouveaux championnats d\u2019Europe. Une \u00e9ni\u00e8me comp\u00e9tition internationale avec des objectifs importants. \u00ab\u00a0<i>Je suis le 12<\/i><i><sup>e<\/sup><\/i><i>\u00a0<\/i><i>Europ\u00e9en de l\u2019ann\u00e9e en comptant Ramona <\/i>[site de lancer aux \u00c9tats-Unis avec des conditions extr\u00eamement favorables pour performer, ndlr]<i>, mais sans Ramona je suis 4<\/i><i><sup>e<\/sup><\/i><i>. Je me souhaite le meilleur, j\u2019aimerais d\u00e9j\u00e0 passer les qualifs et une fois que je suis en finale, m\u2019approcher le plus possible de la bo\u00eete. C\u2019est vraiment l\u2019objectif principal<\/i>\u00a0\u00bb, \u00e9nonce-t-il.<\/p>\n<p>Lolassonn Djouhan vit actuellement une saison pleine, de par la r\u00e9gularit\u00e9 de ses lancers lointains. Une ann\u00e9e\u00a02026 qui lui apporte de la confiance avant la principale \u00e9ch\u00e9ance de son \u00e9t\u00e9. Pas moins de quatre jets \u00e0 plus de 67\u00a0m\u00e8tres recens\u00e9s, dont un \u00e0 68m97, de quoi en faire un outsider \u00e0 Birmingham. \u00ab\u00a0<i>Je pense que c\u2019est la meilleure saison que je fais depuis tr\u00e8s longtemps. Je suis r\u00e9gulier \u00e0 plus de 66<\/i><i>\u00a0<\/i><i>m\u00e8tres. J\u2019ai appris plein de choses sur ma technique, sur ce que j\u2019\u00e9tais encore capable de faire. Apr\u00e8s, j\u2019ai eu des petits p\u00e9pins physiques \u00e0 la hanche et une double hernie discale, qui sont venus un peu me rattraper en fin de saison. J\u2019ai fait une infiltration la semaine derni\u00e8re et \u00e7a va beaucoup mieux. Maintenant, on croise les doigts pour que le corps se remette et qu\u2019il soit en forme pour les Europe<\/i>.\u00a0\u00bb<i><\/i><\/p>\n<\/p><\/div>\n<div class=\"intext\"> Un 11e\u00a0titre de champion malgr\u00e9 la douleur\n              <\/div>\n<div class=\"paragraph\">\n<p>Ces blessures arrivent de toute \u00e9vidence au pire moment. L\u2019hernie discale s\u2019est d\u00e9clar\u00e9e il y a un mois, freinant la progression du discobole n\u00e9 \u00e0 Montargis (Loiret). \u00ab\u00a0<i>Je vais \u00e0 Al\u00e8s, puis je relance \u00e0 Cannes et l\u00e0 mon dos est mort, il ne veut rien savoir. J\u2019ai fait les France comme \u00e7a, en serrant les dents. J\u2019ai quand m\u00eame gagn\u00e9, c\u2019\u00e9tait l\u2019essentiel.<\/i>\u00a0\u00bb<i> <\/i>Une victoire avec un peu plus de 61\u00a0m\u00e8tres mesur\u00e9s, mais, en effet, l\u2019essentiel \u00e9tait ailleurs puisque Lolassonn Djouhan s\u2019est empar\u00e9 d\u2019un 11<sup>e<\/sup>\u00a0titre national au lancer du disque. Une collection d\u00e9j\u00e0 bien remplie pour le recordman de France de la discipline (70m25).<\/p>\n<p>Ces performances de pointe, le lanceur les doit \u00e9galement \u00e0 sa coach Magali Brisseault Waldet. Le duo s\u2019entra\u00eene au p\u00f4le France de Boulouris (Var) et l\u2019athl\u00e8te n\u2019adresse que des louanges \u00e0 son entra\u00eeneuse marseillaise. \u00ab\u00a0<i>On va dire que souvent, \u00eatre coach\u00e9, c\u2019est savoir entendre ce que la personne a \u00e0 dire. Ce n\u2019est pas juste choisir quelqu\u2019un ou s\u2019entra\u00eener. Il faut que le cerveau de la personne en face soit r\u00e9ceptif. Ce que j\u2019aime bien avec Magali, c\u2019est que je suis tr\u00e8s r\u00e9ceptif \u00e0 ce qu\u2019elle me dit. Techniquement parlant, elle est tr\u00e8s forte. Elle arrive \u00e0 me recentrer quand je commence \u00e0 faire n\u2019importe quoi dans mon plateau. C\u2019est pour \u00e7a qu\u2019elle m\u2019apporte beaucoup d\u2019un point de vue professionnel.<\/i>\u00a0\u00bb Les valises sont d\u00e9sormais pr\u00eates pour Birmingham, avec le but qu\u2019elles soient lourdes de quelques centaines de grammes au retour.<\/p>\n<\/p><\/div>\n","protected":false},"excerpt":{"rendered":"Il est tout simplement l&rsquo;athl&egrave;te le plus exp&eacute;riment&eacute; de l&rsquo;&eacute;quipe de France, en compagnie du marcheur Aur&eacute;lien Quinion. Du haut de ses 35&nbsp;ans, le lanceur de disque Lolassonn Djouhan a &#8230;","protected":false},"author":1,"featured_media":38819,"comment_status":"open","ping_status":"open","sticky":false,"template":"","format":"standard","meta":{"footnotes":""},"categories":[3926,3925,7],"tags":[1987,10,63],"news-destination":[3944],"news-source":[475],"is_homepage":[],"ta_other":[],"class_list":["post-38818","post","type-post","status-publish","format-standard","has-post-thumbnail","hentry","category-accueil-merge","category-accueil-third","category-sports","tag-athletisme","tag-bouches-du-rhone","tag-martigues","news-destination-homepage","news-source-website"],"_links":{"self":[{"href":"https:\/\/euapp01.newsmemory.com\/lamarseillaise\/news\/wp-json\/wp\/v2\/posts\/38818","targetHints":{"allow":["GET"]}}],"collection":[{"href":"https:\/\/euapp01.newsmemory.com\/lamarseillaise\/news\/wp-json\/wp\/v2\/posts"}],"about":[{"href":"https:\/\/euapp01.newsmemory.com\/lamarseillaise\/news\/wp-json\/wp\/v2\/types\/post"}],"author":[{"embeddable":true,"href":"https:\/\/euapp01.newsmemory.com\/lamarseillaise\/news\/wp-json\/wp\/v2\/users\/1"}],"replies":[{"embeddable":true,"href":"https:\/\/euapp01.newsmemory.com\/lamarseillaise\/news\/wp-json\/wp\/v2\/comments?post=38818"}],"version-history":[{"count":1,"href":"https:\/\/euapp01.newsmemory.com\/lamarseillaise\/news\/wp-json\/wp\/v2\/posts\/38818\/revisions"}],"predecessor-version":[{"id":38820,"href":"https:\/\/euapp01.newsmemory.com\/lamarseillaise\/news\/wp-json\/wp\/v2\/posts\/38818\/revisions\/38820"}],"wp:featuredmedia":[{"embeddable":true,"href":"https:\/\/euapp01.newsmemory.com\/lamarseillaise\/news\/wp-json\/wp\/v2\/media\/38819"}],"wp:attachment":[{"href":"https:\/\/euapp01.newsmemory.com\/lamarseillaise\/news\/wp-json\/wp\/v2\/media?parent=38818"}],"wp:term":[{"taxonomy":"category","embeddable":true,"href":"https:\/\/euapp01.newsmemory.com\/lamarseillaise\/news\/wp-json\/wp\/v2\/categories?post=38818"},{"taxonomy":"post_tag","embeddable":true,"href":"https:\/\/euapp01.newsmemory.com\/lamarseillaise\/news\/wp-json\/wp\/v2\/tags?post=38818"},{"taxonomy":"news-destination","embeddable":true,"href":"https:\/\/euapp01.newsmemory.com\/lamarseillaise\/news\/wp-json\/wp\/v2\/news-destination?post=38818"},{"taxonomy":"news-source","embeddable":true,"href":"https:\/\/euapp01.newsmemory.com\/lamarseillaise\/news\/wp-json\/wp\/v2\/news-source?post=38818"},{"taxonomy":"is_homepage","embeddable":true,"href":"https:\/\/euapp01.newsmemory.com\/lamarseillaise\/news\/wp-json\/wp\/v2\/is_homepage?post=38818"},{"taxonomy":"ta_other","embeddable":true,"href":"https:\/\/euapp01.newsmemory.com\/lamarseillaise\/news\/wp-json\/wp\/v2\/ta_other?post=38818"}],"curies":[{"name":"wp","href":"https:\/\/api.w.org\/{rel}","templated":true}]}}