{"id":38812,"date":"2026-08-08T07:07:00","date_gmt":"2026-08-08T05:07:00","guid":{"rendered":"https:\/\/euapp01.newsmemory.com\/lamarseillaise\/news\/?p=38812"},"modified":"2026-08-14T08:10:17","modified_gmt":"2026-08-14T06:10:17","slug":"lathletic-bilbao-adversaire-de-prestige-des-olympiens","status":"publish","type":"post","link":"https:\/\/euapp01.newsmemory.com\/lamarseillaise\/news\/2026\/08\/08\/lathletic-bilbao-adversaire-de-prestige-des-olympiens\/","title":{"rendered":"L\u2019Athletic Bilbao, adversaire de prestige des Olympiens"},"content":{"rendered":"<div class=\"paragraph\">\n<p>Le 17\u00a0mai, c\u2019\u00e9tait il y a pr\u00e8s de trois mois. Trois mois que l\u2019Olympique de Marseille n\u2019a pas jou\u00e9 de match au stade V\u00e9lodrome. Ce dimanche, sur les coups de 17h30, les hommes de Bruno Genesio vont retrouver leur antre pour une rencontre amicale de gala. L\u2019Athletic Bilbao se d\u00e9place sur le boulevard Michelet, pour ce qui sera un 4<sup>e<\/sup>\u00a0rendez-vous de pr\u00e9-saison pour les Phoc\u00e9ens. Apr\u00e8s Nice (0-3), N\u00eemes (2-1) et Al-Shahania (3-0), l\u2019adversaire monte encore d\u2019un cran avec le club espagnol. Les Basques font partie des \u00e9pouvantails de la Liga, bien qu\u2019ils sortent d\u2019une saison m\u00e9diocre, boucl\u00e9e \u00e0 la 12<sup>e<\/sup>\u00a0place.<\/p>\n<p>Leur pr\u00e9paration estivale est pour le moment sans d\u00e9faite, avec six rencontres face \u00e0 d\u2019autres formations ib\u00e9riques, dont trois professionnelles. Il y a eu Eibar (2-2), Santander (3-0) et plus r\u00e9cemment Burgos (3-0). Les pensionnaires de San Mames ont d\u2019ailleurs pu compter sur le retour d\u2019Inaki Williams, leur ailier star, pr\u00e9sent \u00e0 la Coupe du monde avec le Ghana.<\/p>\n<\/p><\/div>\n<div class=\"intext\"> Genesio fait avec<br \/>\n               <br \/>les moyens du bord\n              <\/div>\n<div class=\"paragraph\">\n<p>La pr\u00e9-saison marseillaise prend un autre virage avec ce match face \u00e0 Bilbao. Apr\u00e8s ce face-\u00e0-face, il ne restera plus que 12\u00a0jours avant l\u2019ouverture du championnat, contre Strasbourg, toujours au stade V\u00e9lodrome. M\u00eame si l\u2019\u00e9quipe a encore du mal \u00e0 se dessiner, certains joueurs ont obtenu beaucoup de minutes ces derni\u00e8res semaines. C\u2019est le cas des plus jeunes, comme Alexi Koum et Kelyann Bezahaf, mais aussi d\u2019Igor Paixao, Jeffrey De Lange ou encore Angel Gomes.<\/p>\n<p>Aussi engag\u00e9s dans \u00ab\u00a0leur\u00a0\u00bb Coupe du monde, l\u2019Am\u00e9ricain Timothy Weah et le Canadien Derek Cornelius sont revenus \u00e0 l\u2019entra\u00eenement et pourraient fouler la pelouse, ce dimanche.<\/p>\n<\/p><\/div>\n<div class=\"paragraph\">\n<p><i>Match amical<\/i><\/p>\n<p>Stade V\u00e9lodrome (17h30)<\/p>\n<p>MARSEILLE : De Lange &#8211; Emerson, Koum, Balerdi, Weah &#8211; Hojbjerg, Gomes, Nnadi &#8211; Paixao, Abdallah, Maupay<\/p>\n<p>BILBAO : Padilla &#8211; Berchiche, Areso, Alvarez, Paredes, Rego &#8211; Jauregizar, Sancet, Sanchez &#8211; Berenguer, I.Williams<\/p>\n<\/p><\/div>\n","protected":false},"excerpt":{"rendered":"Le 17&nbsp;mai, c&rsquo;&eacute;tait il y a pr&egrave;s de trois mois. Trois mois que l&rsquo;Olympique de Marseille n&rsquo;a pas jou&eacute; de match au stade V&eacute;lodrome. Ce dimanche, sur les coups de 17h30, les hommes de Bruno Genesio vont &#8230;","protected":false},"author":1,"featured_media":38813,"comment_status":"open","ping_status":"open","sticky":false,"template":"","format":"standard","meta":{"footnotes":""},"categories":[3926,3925,7],"tags":[10,13,16,5298,14],"news-destination":[3944],"news-source":[475],"is_homepage":[],"ta_other":[],"class_list":["post-38812","post","type-post","status-publish","format-standard","has-post-thumbnail","hentry","category-accueil-merge","category-accueil-third","category-sports","tag-bouches-du-rhone","tag-football","tag-marseille","tag-match-amical","tag-om","news-destination-homepage","news-source-website"],"_links":{"self":[{"href":"https:\/\/euapp01.newsmemory.com\/lamarseillaise\/news\/wp-json\/wp\/v2\/posts\/38812","targetHints":{"allow":["GET"]}}],"collection":[{"href":"https:\/\/euapp01.newsmemory.com\/lamarseillaise\/news\/wp-json\/wp\/v2\/posts"}],"about":[{"href":"https:\/\/euapp01.newsmemory.com\/lamarseillaise\/news\/wp-json\/wp\/v2\/types\/post"}],"author":[{"embeddable":true,"href":"https:\/\/euapp01.newsmemory.com\/lamarseillaise\/news\/wp-json\/wp\/v2\/users\/1"}],"replies":[{"embeddable":true,"href":"https:\/\/euapp01.newsmemory.com\/lamarseillaise\/news\/wp-json\/wp\/v2\/comments?post=38812"}],"version-history":[{"count":1,"href":"https:\/\/euapp01.newsmemory.com\/lamarseillaise\/news\/wp-json\/wp\/v2\/posts\/38812\/revisions"}],"predecessor-version":[{"id":38814,"href":"https:\/\/euapp01.newsmemory.com\/lamarseillaise\/news\/wp-json\/wp\/v2\/posts\/38812\/revisions\/38814"}],"wp:featuredmedia":[{"embeddable":true,"href":"https:\/\/euapp01.newsmemory.com\/lamarseillaise\/news\/wp-json\/wp\/v2\/media\/38813"}],"wp:attachment":[{"href":"https:\/\/euapp01.newsmemory.com\/lamarseillaise\/news\/wp-json\/wp\/v2\/media?parent=38812"}],"wp:term":[{"taxonomy":"category","embeddable":true,"href":"https:\/\/euapp01.newsmemory.com\/lamarseillaise\/news\/wp-json\/wp\/v2\/categories?post=38812"},{"taxonomy":"post_tag","embeddable":true,"href":"https:\/\/euapp01.newsmemory.com\/lamarseillaise\/news\/wp-json\/wp\/v2\/tags?post=38812"},{"taxonomy":"news-destination","embeddable":true,"href":"https:\/\/euapp01.newsmemory.com\/lamarseillaise\/news\/wp-json\/wp\/v2\/news-destination?post=38812"},{"taxonomy":"news-source","embeddable":true,"href":"https:\/\/euapp01.newsmemory.com\/lamarseillaise\/news\/wp-json\/wp\/v2\/news-source?post=38812"},{"taxonomy":"is_homepage","embeddable":true,"href":"https:\/\/euapp01.newsmemory.com\/lamarseillaise\/news\/wp-json\/wp\/v2\/is_homepage?post=38812"},{"taxonomy":"ta_other","embeddable":true,"href":"https:\/\/euapp01.newsmemory.com\/lamarseillaise\/news\/wp-json\/wp\/v2\/ta_other?post=38812"}],"curies":[{"name":"wp","href":"https:\/\/api.w.org\/{rel}","templated":true}]}}