{"id":38809,"date":"2026-08-08T07:16:00","date_gmt":"2026-08-08T05:16:00","guid":{"rendered":"https:\/\/euapp01.newsmemory.com\/lamarseillaise\/news\/?p=38809"},"modified":"2026-08-15T08:40:33","modified_gmt":"2026-08-15T06:40:33","slug":"bruno-genesio-poursuit-sa-prise-de-marques-a-lom","status":"publish","type":"post","link":"https:\/\/euapp01.newsmemory.com\/lamarseillaise\/news\/2026\/08\/08\/bruno-genesio-poursuit-sa-prise-de-marques-a-lom\/","title":{"rendered":"Bruno Genesio poursuit sa prise de marques \u00e0 l\u2019OM"},"content":{"rendered":"<div class=\"paragraph\">\n<p>Lundi dernier, l\u2019Olympique de Marseille a retrouv\u00e9 le KNVB Campus, le Clairefontaine n\u00e9erlandais, <br \/>bas\u00e9 dans la localit\u00e9 de Zeist. Comme l\u2019\u00e9t\u00e9 pr\u00e9c\u00e9dent, les Olympiens ont pris leur quartier dans ce centre moderne, avec plus de fra\u00eecheur que sur les bords de la M\u00e9diterran\u00e9e. Un stage qui permet \u00e0 Bruno Genesio de poursuivre la pr\u00e9paration de son \u00e9quipe. L\u2019ancien coach du Losc s\u2019applique, avec son staff, \u00e0 d\u00e9velopper tous les joueurs sous ses ordres. \u00ab<i>\u00a0<\/i><i>Pour l\u2019instant, j\u2019ai un groupe \u00e0 ma disposition, que j\u2019entra\u00eene, que je pr\u00e9pare, comme si ce groupe allait \u00eatre pr\u00e9sent au 31<\/i><i>\u00a0<\/i><i>ao\u00fbt ou au 21<\/i><i>\u00a0<\/i><i>ao\u00fbt, pour d\u00e9buter contre Strasbourg. C\u2019est le plus important pour nous, le staff, pour eux aussi, parce que, comme je leur ai dit, quelle que soit leur situation, c\u2019est important de se pr\u00e9parer et d\u2019\u00eatre pr\u00eat \u00e0 tout<\/i><i>\u00a0<\/i>\u00bb, analyse le Lyonnais.<\/p>\n<p>Genesio a pass\u00e9 la barre du mois franchi \u00e0 la t\u00eate de l\u2019OM. Dans ce laps de temps, ce dernier a d\u00e9couvert l\u2019environnement dans lequel il allait \u00e9voluer, ainsi que les joueurs disponibles. Une p\u00e9riode d\u2019analyse. \u00ab<i>\u00a0<\/i><i>\u00c7a fait maintenant 4<\/i><i>\u00a0<\/i><i>ou 5<\/i><i>\u00a0<\/i><i>semaines qu\u2019on est pr\u00e9sent, nous, le staff. J\u2019ai beaucoup observ\u00e9 depuis mon arriv\u00e9e. Maintenant, je suis un peu plus en capacit\u00e9 d\u2019\u00e9valuer le niveau des jeunes joueurs, le niveau global de l\u2019\u00e9quipe. On prendra les d\u00e9cisions les mieux adapt\u00e9es pour avoir un groupe comp\u00e9titif.<\/i><i>\u00a0<\/i>\u00bb<i><\/i><\/p>\n<p><i><\/i><\/p>\n<\/p><\/div>\n<div class=\"intext\"> Une efficacit\u00e9 \u00e0 travailler\n              <\/div>\n<div class=\"paragraph\">\n<p>Globalement, c\u2019est la participation et l\u2019envie de tous qui est en train de satisfaire le n\u00e9ocoach olympien. L\u2019effectif avance dans le bon sens, d\u2019apr\u00e8s lui\u00a0: \u00ab<i>\u00a0<\/i><i>Honn\u00eatement, je suis tr\u00e8s agr\u00e9ablement surpris de l\u2019investissement et de l\u2019engagement de tous les joueurs qui sont pr\u00e9sents ici. Que ce soit ceux qui peuvent \u00eatre amen\u00e9s \u00e0 nous quitter, les jeunes, les moins jeunes. On a retrouv\u00e9 un groupe vraiment qui adh\u00e8re \u00e0 ce qu\u2019on demande.<\/i><i>\u00a0<\/i>\u00bb<i> <\/i>L\u2019entra\u00eeneur compte \u00e9galement s\u2019appuyer sur des cadres, des leaders, mais \u00ab<i>\u00a0<\/i><i>une fois que l\u2019effectif sera d\u00e9finitif, au 1<\/i><i><sup>er<\/sup><\/i><i>\u00a0<\/i><i>septembre<\/i><i>\u00a0<\/i>\u00bb.<i><\/i><\/p>\n<p>Bien entendu, les axes de progression sont encore nombreux, \u00e0 deux semaines de la reprise de la Ligue\u00a01. \u00ab<i>\u00a0<\/i><i>Je trouve qu\u2019on aurait d\u00fb \u00eatre beaucoup plus efficaces sur ces premiers matches de pr\u00e9paration, y compris celui contre Nice, o\u00f9, m\u00eame si le score a \u00e9t\u00e9 lourd, je pense qu\u2019on aurait pu ouvrir le score. Je pense aussi que l\u2019on doit \u00eatre plus vigilants sur les transitions attaque-d\u00e9fense, avec la gestion de la profondeur<\/i><i>\u00a0<\/i>\u00bb, soulignait Bruno Genesio.<\/p>\n<p>Ce dernier dit comprendre l\u2019inqui\u00e9tude des supporters sur le mercato et esp\u00e8re des arriv\u00e9es rapidement. En attendant, le retour en France s\u2019est fait ce samedi, avant de recevoir, dimanche, Bilbao, puis l\u2019Atletico Madrid, vendredi prochain.<\/p>\n<\/p><\/div>\n","protected":false},"excerpt":{"rendered":"Lundi dernier, l&rsquo;Olympique de Marseille a retrouv&eacute; le KNVB Campus, le Clairefontaine n&eacute;erlandais, bas&eacute; dans la localit&eacute; de Zeist. Comme l&rsquo;&eacute;t&eacute; pr&eacute;c&eacute;dent, les Olympiens ont pris leur &#8230;","protected":false},"author":1,"featured_media":38810,"comment_status":"open","ping_status":"open","sticky":false,"template":"","format":"standard","meta":{"footnotes":""},"categories":[3926,3925,7],"tags":[13,5298,14,3224],"news-destination":[3944],"news-source":[475],"is_homepage":[],"ta_other":[],"class_list":["post-38809","post","type-post","status-publish","format-standard","has-post-thumbnail","hentry","category-accueil-merge","category-accueil-third","category-sports","tag-football","tag-match-amical","tag-om","tag-pays-bas","news-destination-homepage","news-source-website"],"_links":{"self":[{"href":"https:\/\/euapp01.newsmemory.com\/lamarseillaise\/news\/wp-json\/wp\/v2\/posts\/38809","targetHints":{"allow":["GET"]}}],"collection":[{"href":"https:\/\/euapp01.newsmemory.com\/lamarseillaise\/news\/wp-json\/wp\/v2\/posts"}],"about":[{"href":"https:\/\/euapp01.newsmemory.com\/lamarseillaise\/news\/wp-json\/wp\/v2\/types\/post"}],"author":[{"embeddable":true,"href":"https:\/\/euapp01.newsmemory.com\/lamarseillaise\/news\/wp-json\/wp\/v2\/users\/1"}],"replies":[{"embeddable":true,"href":"https:\/\/euapp01.newsmemory.com\/lamarseillaise\/news\/wp-json\/wp\/v2\/comments?post=38809"}],"version-history":[{"count":1,"href":"https:\/\/euapp01.newsmemory.com\/lamarseillaise\/news\/wp-json\/wp\/v2\/posts\/38809\/revisions"}],"predecessor-version":[{"id":38811,"href":"https:\/\/euapp01.newsmemory.com\/lamarseillaise\/news\/wp-json\/wp\/v2\/posts\/38809\/revisions\/38811"}],"wp:featuredmedia":[{"embeddable":true,"href":"https:\/\/euapp01.newsmemory.com\/lamarseillaise\/news\/wp-json\/wp\/v2\/media\/38810"}],"wp:attachment":[{"href":"https:\/\/euapp01.newsmemory.com\/lamarseillaise\/news\/wp-json\/wp\/v2\/media?parent=38809"}],"wp:term":[{"taxonomy":"category","embeddable":true,"href":"https:\/\/euapp01.newsmemory.com\/lamarseillaise\/news\/wp-json\/wp\/v2\/categories?post=38809"},{"taxonomy":"post_tag","embeddable":true,"href":"https:\/\/euapp01.newsmemory.com\/lamarseillaise\/news\/wp-json\/wp\/v2\/tags?post=38809"},{"taxonomy":"news-destination","embeddable":true,"href":"https:\/\/euapp01.newsmemory.com\/lamarseillaise\/news\/wp-json\/wp\/v2\/news-destination?post=38809"},{"taxonomy":"news-source","embeddable":true,"href":"https:\/\/euapp01.newsmemory.com\/lamarseillaise\/news\/wp-json\/wp\/v2\/news-source?post=38809"},{"taxonomy":"is_homepage","embeddable":true,"href":"https:\/\/euapp01.newsmemory.com\/lamarseillaise\/news\/wp-json\/wp\/v2\/is_homepage?post=38809"},{"taxonomy":"ta_other","embeddable":true,"href":"https:\/\/euapp01.newsmemory.com\/lamarseillaise\/news\/wp-json\/wp\/v2\/ta_other?post=38809"}],"curies":[{"name":"wp","href":"https:\/\/api.w.org\/{rel}","templated":true}]}}