{"id":38803,"date":"2026-08-08T07:06:00","date_gmt":"2026-08-08T05:06:00","guid":{"rendered":"https:\/\/euapp01.newsmemory.com\/lamarseillaise\/news\/?p=38803"},"modified":"2026-08-16T16:03:14","modified_gmt":"2026-08-16T14:03:14","slug":"dans-le-var-le-feu-du-gros-bessillon-est-enfin-fixe","status":"publish","type":"post","link":"https:\/\/euapp01.newsmemory.com\/lamarseillaise\/news\/2026\/08\/08\/dans-le-var-le-feu-du-gros-bessillon-est-enfin-fixe\/","title":{"rendered":"Le feu de Bayons contenu, le risque incendie reste tr\u00e8s \u00e9lev\u00e9"},"content":{"rendered":"<div class=\"paragraph\">\n<p>\u00ab\u00a0Apr\u00e8s 18 jours, le feu du Gros Bessillon est d\u00e9clar\u00e9 officiellement fix\u00e9\u00a0\u00bb, a indiqu\u00e9 vendredi soir la pr\u00e9fecture du Var. \u00ab\u00a0Pour autant, le travail des sapeurs-pompiers se poursuit et une extr\u00eame vigilance reste de mise car ce feu in\u00e9dit par sa dur\u00e9e et ses trois d\u00e9parts cons\u00e9cutifs (les 21, 24\u00a0et 31\u00a0juillet) qui interrogent les sp\u00e9cialistes comme les enqu\u00eateurs, couve encore\u00a0\u00bb, \u00e9crit-elle dans un communiqu\u00e9. \u00ab\u00a0Il faudra encore plusieurs jours avant de le ma\u00eetriser et l\u2019\u00e9teindre d\u00e9finitivement\u00a0; il faudra de nombreux mois pour reconstruire (70\u00a0maisons ont \u00e9t\u00e9 impact\u00e9es et 41\u00a0d\u00e9truites) et oublier le traumatisme des flammes pour les 6\u00a0000\u00a0personnes \u00e9vacu\u00e9es\u00a0\u00bb, rappelle-t-elle. Le feu a parcouru 6\u00a0300\u00a0hectares. 450\u00a0pompiers restent mobilis\u00e9s. L.M.<\/p>\n<\/p><\/div>\n<div class=\"paragraph\">\n<p>Le feu de Bayons n\u2019\u00e9volue plus, mais il est loin d\u2019\u00eatre termin\u00e9. Une semaine apr\u00e8s son d\u00e9part et 95\u00a0hectares parcourus, les pompiers restent mobilis\u00e9s. \u00ab\u00a0<i>On ne peut pas dire qu\u2019il est fix\u00e9, m\u00eame s\u2019il \u00e9volue peu. Il est contenu dans une enveloppe d\u2019une centaine d\u2019hectares<\/i>\u00a0\u00bb, pr\u00e9cise, ce vendredi matin, Sylvain Besson, directeur d\u00e9partemental des services d\u2019incendie et de secours (Sdis\u00a004).<\/p>\n<p>Malgr\u00e9 d\u2019importants renforts, quatre Canadair et un avion Dash, les pompiers estiment devoir maintenir une pr\u00e9sence \u00ab\u00a0<i>au minimum pendant une semaine<\/i>\u00a0\u00bb avant de pouvoir annoncer un feu \u00e9teint. 60\u00a0sapeurs-pompiers restent sur le terrain aux c\u00f4t\u00e9s de l\u2019Office national des for\u00eats (ONF).<\/p>\n<p>Si \u00ab\u00a0<i>la situation n\u2019est plus \u00e9volutive<\/i>\u00a0\u00bb, la chaleur, la faible humidit\u00e9 et le vent maintiennent un risque incendie \u00e9lev\u00e9. Les op\u00e9rations sont compliqu\u00e9es par le relief.<i> <\/i>\u00ab\u00a0<i>On est en moyenne montagne donc ce n\u2019est pas accessible facilement et c\u2019est dangereux<\/i>\u00a0\u00bb, rappelle Sylvain Besson, \u00e9voquant de nombreuses chutes de blocs.<\/p>\n<p>Aucun bless\u00e9 ni aucune habitation touch\u00e9e ne sont \u00e0 d\u00e9plorer. L\u2019incendie laisse n\u00e9anmoins des traces sur le milieu naturel. L\u2019ONF \u00e9voque un secteur pr\u00e9sentant \u00ab\u00a0<i>une vraie richesse en biodiversit\u00e9<\/i>\u00a0\u00bb, avec notamment des esp\u00e8ces prot\u00e9g\u00e9es. Une \u00e9tude environnementale sera engag\u00e9e pour mesurer les cons\u00e9quences de l\u2019incendie.<\/p>\n<\/p><\/div>\n<div class=\"intext\"> Risque incendie tr\u00e8s s\u00e9v\u00e8re dans le d\u00e9partement\n              <\/div>\n<div class=\"paragraph\">\n<p>Les pompiers insistent aussi sur le co\u00fbt consid\u00e9rable d\u2019un feu qui serait d\u2019origine humaine. \u00ab\u00a0<i>\u00c7a aura \u00e9t\u00e9 minimum deux semaines de travail. Tout \u00e7a \u00e0 cause, semble-t-il, d\u2019une n\u00e9gligence<\/i>\u00a0\u00bb<i>, <\/i>pointe Sylvain Besson. Un chauffeur-livreur dignois, suspect\u00e9 d\u2019avoir provoqu\u00e9 l\u2019incendie, a \u00e9t\u00e9 plac\u00e9 en garde \u00e0 vue le 1<sup>er<\/sup>\u00a0ao\u00fbt, tandis que le parquet des Alpes-de-Haute-Provence a ouvert une enqu\u00eate.<\/p>\n<p>Dans le reste du d\u00e9partement, le feu de Thorame-Basse est \u00e9teint apr\u00e8s trois jours d\u2019intervention et 21\u00a0hectares parcourus. Dans ce contexte, la pr\u00e9f\u00e8te a plac\u00e9, l\u2019ensemble des massifs du d\u00e9partement en risque mod\u00e9r\u00e9 \u00e0 l\u2019exception du massif du Luberon et du plateau de Valensole class\u00e9 en risque incendie \u00ab\u00a0<i>\u00e9lev\u00e9<\/i>\u00a0\u00bb.<\/p>\n<\/p><\/div>\n","protected":false},"excerpt":{"rendered":"Le feu de Bayons n&rsquo;&eacute;volue plus, mais il est loin d&rsquo;&ecirc;tre termin&eacute;. Une semaine apr&egrave;s son d&eacute;part et 95&nbsp;hectares parcourus, les pompiers restent mobilis&eacute;s. &laquo;&nbsp;On ne peut pas dire &#8230;","protected":false},"author":1,"featured_media":38804,"comment_status":"open","ping_status":"open","sticky":false,"template":"","format":"standard","meta":{"footnotes":""},"categories":[3926,3925,333],"tags":[4768,4467,84,314,336,318,319,2500,4303,3415,3584,320,1674,5879,2087],"news-destination":[3944],"news-source":[475],"is_homepage":[],"ta_other":[],"class_list":["post-38803","post","type-post","status-publish","format-standard","has-post-thumbnail","hentry","category-accueil-merge","category-accueil-third","category-environnement","tag-alpes","tag-alpes-de-haute-provence","tag-biodiversite","tag-canadair","tag-ete","tag-feu","tag-incendie","tag-massifs","tag-mistral","tag-montagne","tag-onf","tag-pompiers","tag-sapeurs-pompiers","tag-sdis","tag-vigilance","news-destination-homepage","news-source-website"],"_links":{"self":[{"href":"https:\/\/euapp01.newsmemory.com\/lamarseillaise\/news\/wp-json\/wp\/v2\/posts\/38803","targetHints":{"allow":["GET"]}}],"collection":[{"href":"https:\/\/euapp01.newsmemory.com\/lamarseillaise\/news\/wp-json\/wp\/v2\/posts"}],"about":[{"href":"https:\/\/euapp01.newsmemory.com\/lamarseillaise\/news\/wp-json\/wp\/v2\/types\/post"}],"author":[{"embeddable":true,"href":"https:\/\/euapp01.newsmemory.com\/lamarseillaise\/news\/wp-json\/wp\/v2\/users\/1"}],"replies":[{"embeddable":true,"href":"https:\/\/euapp01.newsmemory.com\/lamarseillaise\/news\/wp-json\/wp\/v2\/comments?post=38803"}],"version-history":[{"count":2,"href":"https:\/\/euapp01.newsmemory.com\/lamarseillaise\/news\/wp-json\/wp\/v2\/posts\/38803\/revisions"}],"predecessor-version":[{"id":39440,"href":"https:\/\/euapp01.newsmemory.com\/lamarseillaise\/news\/wp-json\/wp\/v2\/posts\/38803\/revisions\/39440"}],"wp:featuredmedia":[{"embeddable":true,"href":"https:\/\/euapp01.newsmemory.com\/lamarseillaise\/news\/wp-json\/wp\/v2\/media\/38804"}],"wp:attachment":[{"href":"https:\/\/euapp01.newsmemory.com\/lamarseillaise\/news\/wp-json\/wp\/v2\/media?parent=38803"}],"wp:term":[{"taxonomy":"category","embeddable":true,"href":"https:\/\/euapp01.newsmemory.com\/lamarseillaise\/news\/wp-json\/wp\/v2\/categories?post=38803"},{"taxonomy":"post_tag","embeddable":true,"href":"https:\/\/euapp01.newsmemory.com\/lamarseillaise\/news\/wp-json\/wp\/v2\/tags?post=38803"},{"taxonomy":"news-destination","embeddable":true,"href":"https:\/\/euapp01.newsmemory.com\/lamarseillaise\/news\/wp-json\/wp\/v2\/news-destination?post=38803"},{"taxonomy":"news-source","embeddable":true,"href":"https:\/\/euapp01.newsmemory.com\/lamarseillaise\/news\/wp-json\/wp\/v2\/news-source?post=38803"},{"taxonomy":"is_homepage","embeddable":true,"href":"https:\/\/euapp01.newsmemory.com\/lamarseillaise\/news\/wp-json\/wp\/v2\/is_homepage?post=38803"},{"taxonomy":"ta_other","embeddable":true,"href":"https:\/\/euapp01.newsmemory.com\/lamarseillaise\/news\/wp-json\/wp\/v2\/ta_other?post=38803"}],"curies":[{"name":"wp","href":"https:\/\/api.w.org\/{rel}","templated":true}]}}