{"id":38800,"date":"2026-08-08T07:14:00","date_gmt":"2026-08-08T05:14:00","guid":{"rendered":"https:\/\/euapp01.newsmemory.com\/lamarseillaise\/news\/?p=38800"},"modified":"2026-08-15T08:14:19","modified_gmt":"2026-08-15T06:14:19","slug":"les-grands-sites-touristiques-davignon-de-plus-en-plus-boudes","status":"publish","type":"post","link":"https:\/\/euapp01.newsmemory.com\/lamarseillaise\/news\/2026\/08\/08\/les-grands-sites-touristiques-davignon-de-plus-en-plus-boudes\/","title":{"rendered":"Les grands sites touristiques d\u2019Avignon de plus en plus boud\u00e9s"},"content":{"rendered":"<div class=\"paragraph\">\n<p>Ils sont quasiment inratables si l\u2019on s\u2019aventure dans ou autour des remparts d\u2019Avignon. Pourtant, le Palais des Papes et le pont d\u2019Avignon (ou pont Saint-B\u00e9n\u00e9zet) enregistrent tous les deux une baisse consid\u00e9rable de fr\u00e9quentation payante lors de ce mois de juillet compar\u00e9 aux exercices pr\u00e9c\u00e9dents.<\/p>\n<p>Pour l\u2019ancienne demeure papale, 89\u00a0707\u00a0personnes ont d\u00e9ambul\u00e9 entre les \u00e9pais murs du site. Soit une baisse de 12% par rapport \u00e0 2025 et de 11% par rapport \u00e0\u00a02024. En ce qui concerne le pont Saint-B\u00e9n\u00e9zet, la chute est encore plus grande. Avec 59\u00a0256\u00a0visiteurs, la baisse constat\u00e9e est de 31% par rapport \u00e0 2025 et de 17% compar\u00e9 \u00e0 2024. Au cumul, il y a eu 38\u00a0200\u00a0entr\u00e9es en moins qu\u2019\u00e0 la m\u00eame p\u00e9riode l\u2019an dernier.<\/p>\n<p>Une baisse non seulement physique mais aussi num\u00e9rique. Les sites web palais-des-papes.com et avignon-pont.com ont vu leur consultation baisser respectivement de 18,8%, soit 74\u00a0000\u00a0visiteurs sur le site du Palais, et de 23,3%, soit 44\u00a0500\u00a0visiteurs sur le site du pont, par rapport \u00e0 juillet\u00a02025. Des donn\u00e9es qui s\u2019opposent au taux de remplissage de plus de 90% annonc\u00e9 par les professionnels de l\u2019h\u00e9bergement. Comme quoi les rues \u00e9taient bien pleines pendant le Festival. Mais les si\u00e8ges rouges et les planches des th\u00e9\u00e2tres ont visiblement \u00e9t\u00e9 pr\u00e9f\u00e9r\u00e9s aux monuments.<\/p>\n<\/p><\/div>\n<div class=\"intext\"> Ann\u00e9e exceptionnelle\n              <\/div>\n<div class=\"paragraph\">\n<p>Des baisses auxquelles Avignon Tourisme tente de donner diverses explications. Elle rappelle en premier lieu que l\u2019ann\u00e9e 2025 \u00e9tait \u00ab\u00a0<i>exceptionnelle<\/i><i>\u00a0<\/i>\u00bb. Marqu\u00e9e notamment par l\u2019exposition \u00ab\u00a0Othoniel Cosmos ou les Fant\u00f4mes de l\u2019Amour\u00a0\u00bb, d\u00e9ploy\u00e9e sur dix sites patrimoniaux, dont le Palais des Papes et le pont d\u2019Avignon, \u00e0 l\u2019occasion des 25\u00a0ans d\u2019Avignon Capitale europ\u00e9enne de la culture et des 30\u00a0ans du classement Unesco du centre historique. Un succ\u00e8s qui \u00ab\u00a0<i>rend la comparaison m\u00e9caniquement d\u00e9favorable<\/i><i>\u00a0<\/i>\u00bb, assure Avignon Tourisme.<\/p>\n<p>L\u2019exposition de cette ann\u00e9e a \u00e9galement connu quelques retournements. \u00c9tait initialement pr\u00e9vue une sorte de cabinet de curiosit\u00e9s de Macha Make\u00efeff. Mais, pour des raisons administratives et \u00e9conomiques, celle-ci a finalement \u00e9t\u00e9 annul\u00e9e. Et finalement remplac\u00e9e par une exposition de l\u2019artiste sud-cor\u00e9en Lee Ufan. Est \u00e9galement point\u00e9e la \u00ab\u00a0<i>canicule pr\u00e9coce<\/i>\u00a0\u00bb qui a touch\u00e9 le territoire d\u00e8s les premiers jours de la saison estivale. Ce qui aurait \u00ab\u00a0<i>probablement limit\u00e9 les d\u00e9placements durant une bonne partie de la p\u00e9riode \u00e9tudi\u00e9e<\/i>\u00a0\u00bb. Ou encore \u00ab\u00a0<i>un contexte \u00e9conomique moins porteur<\/i><i>\u00a0<\/i>\u00bb, assure Avignon Tourisme. Ce qui \u00ab\u00a0<i>a pu inciter les touristes \u00e0 r\u00e9duire ou r\u00e9orienter leurs d\u00e9penses de loisirs au moment des d\u00e9parts en vacances<\/i>\u00a0\u00bb, analyse l\u2019organisation.<\/p>\n<\/p><\/div>\n","protected":false},"excerpt":{"rendered":"Ils sont quasiment inratables si l&rsquo;on s&rsquo;aventure dans ou autour des remparts d&rsquo;Avignon. Pourtant, le Palais des Papes et le pont d&rsquo;Avignon (ou pont Saint-B&eacute;n&eacute;zet) enregistrent tous les deux une baisse &#8230;","protected":false},"author":1,"featured_media":38801,"comment_status":"open","ping_status":"open","sticky":false,"template":"","format":"standard","meta":{"footnotes":""},"categories":[3926,3925,338],"tags":[174,187,6225,5214,1698,171],"news-destination":[3944],"news-source":[475],"is_homepage":[],"ta_other":[],"class_list":["post-38800","post","type-post","status-publish","format-standard","has-post-thumbnail","hentry","category-accueil-merge","category-accueil-third","category-economie","tag-avignon","tag-frequentation","tag-grands-sites","tag-hausse-des-prix","tag-saison-estivale","tag-vaucluse","news-destination-homepage","news-source-website"],"_links":{"self":[{"href":"https:\/\/euapp01.newsmemory.com\/lamarseillaise\/news\/wp-json\/wp\/v2\/posts\/38800","targetHints":{"allow":["GET"]}}],"collection":[{"href":"https:\/\/euapp01.newsmemory.com\/lamarseillaise\/news\/wp-json\/wp\/v2\/posts"}],"about":[{"href":"https:\/\/euapp01.newsmemory.com\/lamarseillaise\/news\/wp-json\/wp\/v2\/types\/post"}],"author":[{"embeddable":true,"href":"https:\/\/euapp01.newsmemory.com\/lamarseillaise\/news\/wp-json\/wp\/v2\/users\/1"}],"replies":[{"embeddable":true,"href":"https:\/\/euapp01.newsmemory.com\/lamarseillaise\/news\/wp-json\/wp\/v2\/comments?post=38800"}],"version-history":[{"count":1,"href":"https:\/\/euapp01.newsmemory.com\/lamarseillaise\/news\/wp-json\/wp\/v2\/posts\/38800\/revisions"}],"predecessor-version":[{"id":38802,"href":"https:\/\/euapp01.newsmemory.com\/lamarseillaise\/news\/wp-json\/wp\/v2\/posts\/38800\/revisions\/38802"}],"wp:featuredmedia":[{"embeddable":true,"href":"https:\/\/euapp01.newsmemory.com\/lamarseillaise\/news\/wp-json\/wp\/v2\/media\/38801"}],"wp:attachment":[{"href":"https:\/\/euapp01.newsmemory.com\/lamarseillaise\/news\/wp-json\/wp\/v2\/media?parent=38800"}],"wp:term":[{"taxonomy":"category","embeddable":true,"href":"https:\/\/euapp01.newsmemory.com\/lamarseillaise\/news\/wp-json\/wp\/v2\/categories?post=38800"},{"taxonomy":"post_tag","embeddable":true,"href":"https:\/\/euapp01.newsmemory.com\/lamarseillaise\/news\/wp-json\/wp\/v2\/tags?post=38800"},{"taxonomy":"news-destination","embeddable":true,"href":"https:\/\/euapp01.newsmemory.com\/lamarseillaise\/news\/wp-json\/wp\/v2\/news-destination?post=38800"},{"taxonomy":"news-source","embeddable":true,"href":"https:\/\/euapp01.newsmemory.com\/lamarseillaise\/news\/wp-json\/wp\/v2\/news-source?post=38800"},{"taxonomy":"is_homepage","embeddable":true,"href":"https:\/\/euapp01.newsmemory.com\/lamarseillaise\/news\/wp-json\/wp\/v2\/is_homepage?post=38800"},{"taxonomy":"ta_other","embeddable":true,"href":"https:\/\/euapp01.newsmemory.com\/lamarseillaise\/news\/wp-json\/wp\/v2\/ta_other?post=38800"}],"curies":[{"name":"wp","href":"https:\/\/api.w.org\/{rel}","templated":true}]}}