{"id":38794,"date":"2026-08-08T07:07:00","date_gmt":"2026-08-08T05:07:00","guid":{"rendered":"https:\/\/euapp01.newsmemory.com\/lamarseillaise\/news\/?p=38794"},"modified":"2026-08-16T16:23:40","modified_gmt":"2026-08-16T14:23:40","slug":"les-pompiers-de-carpentras-debrayent-a-cause-de-la-chaleur-dans-les-chambres","status":"publish","type":"post","link":"https:\/\/euapp01.newsmemory.com\/lamarseillaise\/news\/2026\/08\/08\/les-pompiers-de-carpentras-debrayent-a-cause-de-la-chaleur-dans-les-chambres\/","title":{"rendered":"Les pompiers de Carpentras d\u00e9brayent \u00e0 cause de la chaleur dans les chambres"},"content":{"rendered":"<div class=\"paragraph\">\n<p>Dans un article de nos confr\u00e8res de <i>La<\/i><i>\u00a0<\/i><i>Provence<\/i>, les pompiers volontaires de Carpentras ont annonc\u00e9 d\u00e9brayer \u00e0 cause de l\u2019absence de climatisation dans les chambres du centre.<\/p>\n<p>Un probl\u00e8me qui concernerait les 24\u00a0chambres de garde o\u00f9 les soldats du feu se reposent. Un devis aurait m\u00eame \u00e9t\u00e9 adress\u00e9 au pr\u00e9sident du conseil d\u2019administration du Sdis, Thierry Lagneau. Le montant estim\u00e9 des travaux est de 25\u00a0000\u00a0euros.<\/p>\n<\/p><\/div>\n<div class=\"intext\"> R\u00e9ponse globale\n              <\/div>\n<div class=\"paragraph\">\n<p>Une demande \u00e0 laquelle la direction du Sdis\u00a084 n\u2019a pas tard\u00e9 \u00e0 r\u00e9pondre. Dans un communiqu\u00e9 de presse ce vendredi 7\u00a0ao\u00fbt, elle pr\u00e9cise que \u00ab\u00a0<i>la question de la climatisation des chambres de garde ne se pose pas qu\u2019\u00e0 Carpentras<\/i><i>\u00a0<\/i><i>: elle concerne \u00e9galement 10<\/i><i>\u00a0<\/i><i>autres centres de secours<\/i><i>\u00a0<\/i>\u00bb. Et assure que des dispositions ont \u00e9t\u00e9 prises \u00ab\u00a0d\u00e8s le d\u00e9but de l\u2019\u00e9t\u00e9\u00a0\u00bb pour que des espaces climatis\u00e9s soient am\u00e9nag\u00e9s en espaces de repos.<\/p>\n<p>Une r\u00e9ponse dont \u00ab\u00a0<i>chacun convient qu\u2019elle n\u2019est pas suffisante<\/i>\u00a0\u00bb, poursuit la direction du Sdis, qui cherche \u00e0 mettre en place des mesures plus p\u00e9rennes. Mais celles-ci \u00ab\u00a0<i>se doivent d\u2019\u00eatre \u00e9quitables \u00e0 l\u2019\u00e9chelle d\u00e9partementale<\/i>\u00a0\u00bb. L\u2019organisme assure donc que le pr\u00e9sident du conseil d\u2019administration a pris l\u2019engagement, le 13\u00a0juillet dernier, que d\u2019ici \u00e0 l\u2019\u00e9t\u00e9\u00a02027, chaque centre de secours disposera d\u2019un nombre suffisant de chambres climatis\u00e9es pour accueillir l\u2019effectif de sapeurs-pompiers de garde. \u00ab\u00a0<i>Dans l\u2019attente, toutes les dispositions sont prises pour maintenir le niveau de r\u00e9ponse op\u00e9rationnelle sur le secteur de Carpentras<\/i><i>\u00a0<\/i>\u00bb, assure le Sdis\u00a084.<\/p>\n<\/p><\/div>\n","protected":false},"excerpt":{"rendered":"Dans un article de nos confr&egrave;res de La&nbsp;Provence, les pompiers volontaires de Carpentras ont annonc&eacute; d&eacute;brayer &agrave; cause de l&rsquo;absence de climatisation dans les chambres du centre.","protected":false},"author":1,"featured_media":38795,"comment_status":"open","ping_status":"open","sticky":false,"template":"","format":"standard","meta":{"footnotes":""},"categories":[3926,3925,331,20],"tags":[373,3001,1428,1674,5879,171],"news-destination":[3944],"news-source":[475],"is_homepage":[],"ta_other":[],"class_list":["post-38794","post","type-post","status-publish","format-standard","has-post-thumbnail","hentry","category-accueil-merge","category-accueil-third","category-social","category-societe","tag-chaleur","tag-chambres","tag-climatisation","tag-sapeurs-pompiers","tag-sdis","tag-vaucluse","news-destination-homepage","news-source-website"],"_links":{"self":[{"href":"https:\/\/euapp01.newsmemory.com\/lamarseillaise\/news\/wp-json\/wp\/v2\/posts\/38794","targetHints":{"allow":["GET"]}}],"collection":[{"href":"https:\/\/euapp01.newsmemory.com\/lamarseillaise\/news\/wp-json\/wp\/v2\/posts"}],"about":[{"href":"https:\/\/euapp01.newsmemory.com\/lamarseillaise\/news\/wp-json\/wp\/v2\/types\/post"}],"author":[{"embeddable":true,"href":"https:\/\/euapp01.newsmemory.com\/lamarseillaise\/news\/wp-json\/wp\/v2\/users\/1"}],"replies":[{"embeddable":true,"href":"https:\/\/euapp01.newsmemory.com\/lamarseillaise\/news\/wp-json\/wp\/v2\/comments?post=38794"}],"version-history":[{"count":1,"href":"https:\/\/euapp01.newsmemory.com\/lamarseillaise\/news\/wp-json\/wp\/v2\/posts\/38794\/revisions"}],"predecessor-version":[{"id":38796,"href":"https:\/\/euapp01.newsmemory.com\/lamarseillaise\/news\/wp-json\/wp\/v2\/posts\/38794\/revisions\/38796"}],"wp:featuredmedia":[{"embeddable":true,"href":"https:\/\/euapp01.newsmemory.com\/lamarseillaise\/news\/wp-json\/wp\/v2\/media\/38795"}],"wp:attachment":[{"href":"https:\/\/euapp01.newsmemory.com\/lamarseillaise\/news\/wp-json\/wp\/v2\/media?parent=38794"}],"wp:term":[{"taxonomy":"category","embeddable":true,"href":"https:\/\/euapp01.newsmemory.com\/lamarseillaise\/news\/wp-json\/wp\/v2\/categories?post=38794"},{"taxonomy":"post_tag","embeddable":true,"href":"https:\/\/euapp01.newsmemory.com\/lamarseillaise\/news\/wp-json\/wp\/v2\/tags?post=38794"},{"taxonomy":"news-destination","embeddable":true,"href":"https:\/\/euapp01.newsmemory.com\/lamarseillaise\/news\/wp-json\/wp\/v2\/news-destination?post=38794"},{"taxonomy":"news-source","embeddable":true,"href":"https:\/\/euapp01.newsmemory.com\/lamarseillaise\/news\/wp-json\/wp\/v2\/news-source?post=38794"},{"taxonomy":"is_homepage","embeddable":true,"href":"https:\/\/euapp01.newsmemory.com\/lamarseillaise\/news\/wp-json\/wp\/v2\/is_homepage?post=38794"},{"taxonomy":"ta_other","embeddable":true,"href":"https:\/\/euapp01.newsmemory.com\/lamarseillaise\/news\/wp-json\/wp\/v2\/ta_other?post=38794"}],"curies":[{"name":"wp","href":"https:\/\/api.w.org\/{rel}","templated":true}]}}