{"id":38791,"date":"2026-08-08T07:11:00","date_gmt":"2026-08-08T05:11:00","guid":{"rendered":"https:\/\/euapp01.newsmemory.com\/lamarseillaise\/news\/?p=38791"},"modified":"2026-08-15T08:01:49","modified_gmt":"2026-08-15T06:01:49","slug":"lhopital-edouard-toulouse-restera-desservi-par-la-rtm","status":"publish","type":"post","link":"https:\/\/euapp01.newsmemory.com\/lamarseillaise\/news\/2026\/08\/08\/lhopital-edouard-toulouse-restera-desservi-par-la-rtm\/","title":{"rendered":"L\u2019h\u00f4pital Edouard Toulouse restera desservi par la RTM"},"content":{"rendered":"<div class=\"paragraph\">\n<p>Dans le cadre de la refonte de son r\u00e9seau de bus, la RTM pr\u00e9voit de supprimer l\u2019historique ligne\u00a097. Le 31\u00a0ao\u00fbt elle sera remplac\u00e9e par la ligne B14 qui relie le centre-ville \u00e0 Notre-Dame-Limite et \u00e0 l\u2019h\u00f4pital Nord. Mais dans le trac\u00e9 r\u00e9v\u00e9l\u00e9 en 2023, la d\u00e9ception \u00e9tait de taille\u00a0: l\u2019arr\u00eat devant l\u2019h\u00f4pital psychiatrique dispara\u00eet de la carte.<\/p>\n<\/p><\/div>\n<div class=\"intext\"> L\u2019arr\u00eat r\u00e9int\u00e9gr\u00e9\n              <\/div>\n<div class=\"paragraph\">\n<p>L\u2019h\u00f4pital \u00c9douard Toulouse et son millier d\u2019agents hospitaliers couvrent un secteur en patient\u00e8le en sant\u00e9 mentale qui comprend les 1<sup>er<\/sup>, 2<sup>e<\/sup>, 3<sup>e<\/sup>, 13<sup>e<\/sup>, 14<sup>e<\/sup>\u00a0et 15<sup>e<\/sup>\u00a0arrondissements de Marseille ainsi que les communes de Sept\u00e8mes-les-Vallons et des Pennes-Mirabeau. \u00ab<i>\u00a0<\/i><i>Le besoin en transport en commun y est \u00e9norme<\/i><i>\u00a0<\/i><i>! Comment imaginer un service public hospitalier sans liaisons<\/i><i>\u00a0<\/i><i>?<\/i><i>\u00a0<\/i>\u00bb s\u2019\u00e9tranglait le secr\u00e9taire d\u00e9partemental adjoint de Sud Sant\u00e9 Sociaux en d\u00e9couvrant le trac\u00e9. Sur les r\u00e9seaux sociaux, les riverains et les usagers se sont aussi tr\u00e8s largement alarm\u00e9s de cette d\u00e9cision. Les courriels et alertes adress\u00e9s \u00e0 Martine Vassal, alors pr\u00e9sidente (DVD) de la M\u00e9tropole n\u2019y avaient jusque-l\u00e0 rien chang\u00e9. \u00ab<i>\u00a0<\/i><i>Supprimer la ligne<\/i><i>\u00a0<\/i><i>97, ce n\u2019est pas seulement modifier un r\u00e9seau de bus<\/i>\u00a0\u00bb, a appuy\u00e9 le 5<i>\u00a0<\/i>ao\u00fbt dernier, \u00e0 quelques semaines de la mise en service de la nouvelle ligne, le syndicat Sud Sant\u00e9 dans un mail \u00e0 l\u2019adresse du nouveau pr\u00e9sident (LR) de la M\u00e9tropole, Nicolas Isnard. \u00ab<i>\u00a0<\/i><i>C\u2019est compliquer l\u2019acc\u00e8s aux soins, fragiliser les conditions de travail des personnels et abandonner des milliers d\u2019usagers qui d\u00e9pendent au quotidien des transports en commun<\/i><i>\u00a0<\/i>\u00bb.<\/p>\n<p>Et la nouvelle est arriv\u00e9e. La direction de la RTM indique que le trac\u00e9 envisag\u00e9 par la m\u00e9tropole dans le cadre de la r\u00e9organisation du r\u00e9seau n\u2019a pas \u00e9t\u00e9 celui qui a \u00e9t\u00e9 valid\u00e9 par la r\u00e9gie.<\/p>\n<p>La nouvelle pr\u00e9sidente (DVG) du conseil d\u2019administration de la RTM, Samia Ghali, \u00ab<i>\u00a0<\/i><i>ne souhaite pas enclaver la desserte de l\u2019h\u00f4pital. Elle a demand\u00e9 de r\u00e9introduire l\u2019arr\u00eat \u00c9douard Toulouse dans le trac\u00e9<\/i><i>\u00a0<\/i>\u00bb, pr\u00e9cise la direction. \u00ab<i>\u00a0<\/i><i>Apr\u00e8s plus de trois ann\u00e9es de mobilisation, de courriers, d\u2019interpellations et une p\u00e9tition r\u00e9unissant plus de 240<\/i><i>\u00a0<\/i><i>signatures, nous avons obtenu&#8230; le maintien d\u2019un service public qui existe depuis plus de 48 ans<\/i><i>\u00a0<\/i><i>!<\/i><i>\u00a0<\/i>\u00bb se f\u00e9licite avec soulagement le syndicat.<\/p>\n<\/p><\/div>\n","protected":false},"excerpt":{"rendered":"Dans le cadre de la refonte de son r&eacute;seau de bus, la RTM pr&eacute;voit de supprimer l&rsquo;historique ligne&nbsp;97. Le 31&nbsp;ao&ucirc;t elle sera remplac&eacute;e par la ligne B14 qui relie le centre-ville &agrave; Notre-Dame-Limite et &#8230;","protected":false},"author":1,"featured_media":38792,"comment_status":"open","ping_status":"open","sticky":false,"template":"","format":"standard","meta":{"footnotes":""},"categories":[3926,3925,20],"tags":[10,1086,16,709,1787],"news-destination":[3944],"news-source":[475],"is_homepage":[],"ta_other":[],"class_list":["post-38791","post","type-post","status-publish","format-standard","has-post-thumbnail","hentry","category-accueil-merge","category-accueil-third","category-societe","tag-bouches-du-rhone","tag-centre-hospitalier","tag-marseille","tag-rtm","tag-transports-publics","news-destination-homepage","news-source-website"],"_links":{"self":[{"href":"https:\/\/euapp01.newsmemory.com\/lamarseillaise\/news\/wp-json\/wp\/v2\/posts\/38791","targetHints":{"allow":["GET"]}}],"collection":[{"href":"https:\/\/euapp01.newsmemory.com\/lamarseillaise\/news\/wp-json\/wp\/v2\/posts"}],"about":[{"href":"https:\/\/euapp01.newsmemory.com\/lamarseillaise\/news\/wp-json\/wp\/v2\/types\/post"}],"author":[{"embeddable":true,"href":"https:\/\/euapp01.newsmemory.com\/lamarseillaise\/news\/wp-json\/wp\/v2\/users\/1"}],"replies":[{"embeddable":true,"href":"https:\/\/euapp01.newsmemory.com\/lamarseillaise\/news\/wp-json\/wp\/v2\/comments?post=38791"}],"version-history":[{"count":1,"href":"https:\/\/euapp01.newsmemory.com\/lamarseillaise\/news\/wp-json\/wp\/v2\/posts\/38791\/revisions"}],"predecessor-version":[{"id":38793,"href":"https:\/\/euapp01.newsmemory.com\/lamarseillaise\/news\/wp-json\/wp\/v2\/posts\/38791\/revisions\/38793"}],"wp:featuredmedia":[{"embeddable":true,"href":"https:\/\/euapp01.newsmemory.com\/lamarseillaise\/news\/wp-json\/wp\/v2\/media\/38792"}],"wp:attachment":[{"href":"https:\/\/euapp01.newsmemory.com\/lamarseillaise\/news\/wp-json\/wp\/v2\/media?parent=38791"}],"wp:term":[{"taxonomy":"category","embeddable":true,"href":"https:\/\/euapp01.newsmemory.com\/lamarseillaise\/news\/wp-json\/wp\/v2\/categories?post=38791"},{"taxonomy":"post_tag","embeddable":true,"href":"https:\/\/euapp01.newsmemory.com\/lamarseillaise\/news\/wp-json\/wp\/v2\/tags?post=38791"},{"taxonomy":"news-destination","embeddable":true,"href":"https:\/\/euapp01.newsmemory.com\/lamarseillaise\/news\/wp-json\/wp\/v2\/news-destination?post=38791"},{"taxonomy":"news-source","embeddable":true,"href":"https:\/\/euapp01.newsmemory.com\/lamarseillaise\/news\/wp-json\/wp\/v2\/news-source?post=38791"},{"taxonomy":"is_homepage","embeddable":true,"href":"https:\/\/euapp01.newsmemory.com\/lamarseillaise\/news\/wp-json\/wp\/v2\/is_homepage?post=38791"},{"taxonomy":"ta_other","embeddable":true,"href":"https:\/\/euapp01.newsmemory.com\/lamarseillaise\/news\/wp-json\/wp\/v2\/ta_other?post=38791"}],"curies":[{"name":"wp","href":"https:\/\/api.w.org\/{rel}","templated":true}]}}