{"id":38788,"date":"2026-08-08T07:06:00","date_gmt":"2026-08-08T05:06:00","guid":{"rendered":"https:\/\/euapp01.newsmemory.com\/lamarseillaise\/news\/?p=38788"},"modified":"2026-08-16T16:03:14","modified_gmt":"2026-08-16T14:03:14","slug":"le-plan-de-vegetalisation-darles-recu-froidement-par-lopposition","status":"publish","type":"post","link":"https:\/\/euapp01.newsmemory.com\/lamarseillaise\/news\/2026\/08\/08\/le-plan-de-vegetalisation-darles-recu-froidement-par-lopposition\/","title":{"rendered":"Le plan de v\u00e9g\u00e9talisation d\u2019Arles re\u00e7u froidement par l\u2019opposition"},"content":{"rendered":"<div class=\"paragraph\">\n<p>L<i>\u2019urgence climatique appelle une strat\u00e9gie beaucoup plus globale<\/i>\u00a0\u00bb, affirme le groupe d\u2019opposition de l\u2019Union pour Arles dans son communiqu\u00e9 de jeudi, en r\u00e9ponse au plan de v\u00e9g\u00e9talisation d\u2019Arles annonc\u00e9 le 22\u00a0juillet par la Ville dirig\u00e9e par Patrick de Carolis (Horizons).<\/p>\n<p>Au menu du plan municipal, \u00ab\u00a0<i>v\u00e9g\u00e9taliser davantage la ville et identifier les espaces o\u00f9 le v\u00e9g\u00e9tal peut apporter un b\u00e9n\u00e9fice climatique concret<\/i>\u00a0\u00bb, \u00ab\u00a0<i>cr\u00e9er davantage d\u2019ombre et de fra\u00eecheur dans les espaces publics<\/i>\u00a0\u00bb, et \u00ab\u00a0<i>mieux adapter les logements et les b\u00e2timents anciens aux enjeux du confort d\u2019\u00e9t\u00e9<\/i>\u00a0\u00bb. La Ville indique planter 300\u00a0arbres chaque ann\u00e9e pour un investissement moyen de 100\u00a0000\u00a0euros \u00e0 cet effet.<\/p>\n<p>Les oppositions r\u00e9publicaines ont accueilli froidement ces propositions. \u00c0 gauche, l\u2019Union pour Arles regrette de ne pas y \u00ab<i>\u00a0<\/i><i>int\u00e9grer la r\u00e9novation thermique des logements, la d\u00e9simperm\u00e9abilisation massive des sols, des \u00eelots de fra\u00eecheur, des fontaines et points d\u2019eau, des ombri\u00e8res, la v\u00e9g\u00e9talisation des \u00e9coles, l\u2019adaptation des mat\u00e9riaux utilis\u00e9s dans l\u2019espace public, mais \u00e9galement la protection des populations les plus fragiles<\/i>\u00a0\u00bb car \u00ab<i>\u00a0<\/i><i>le changement climatique est aussi une question de justice sociale<\/i>\u00a0\u00bb selon le groupe.<\/p>\n<\/p><\/div>\n<div class=\"intext\"> \u00ab\u00a0Impossible seuls\u00a0\u00bb\n              <\/div>\n<div class=\"paragraph\">\n<p>\u00ab\u00a0<i>Nous ne pourrons pas relever seuls un d\u00e9fi d\u2019une telle ampleur<\/i>\u00a0\u00bb alerte l\u2019Union pour Arles, qui demande comme durant la campagne \u00ab\u00a0<i>l\u2019ouverture d\u2019une n\u00e9gociation avec l\u2019\u00c9tat<\/i>\u00a0\u00bb pour obtenir un statut particulier pour la plus grande commune de France, pour \u00ab\u00a0<i>financer durablement l\u2019adaptation au changement climatique<\/i>\u00a0\u00bb et les propositions du groupe.<\/p>\n<p>L\u2019opposant (DVC) Jean-Michel Jalabert estime quant \u00e0 lui que \u00ab\u00a0<i>l\u2019effet d\u2019annonce prend le pas sur une v\u00e9ritable strat\u00e9gie<\/i><i>\u00a0<\/i><i>: on rebaptise l\u2019existant<\/i>\u00a0\u00bb, pointant \u00ab\u00a0<i>des plantations d\u2019arbres d\u00e9j\u00e0 engag\u00e9es et difficilement entretenues<\/i>\u00a0\u00bb et \u00ab\u00a0<i>un permis de v\u00e9g\u00e9taliser qui existe d\u00e9j\u00e0 depuis 15 ans<\/i>\u00a0\u00bb.<\/p>\n<\/p><\/div>\n","protected":false},"excerpt":{"rendered":"&laquo; L&rsquo;urgence climatique appelle une strat&eacute;gie beaucoup plus globale&nbsp;&raquo;, affirme le groupe d&rsquo;opposition de l&rsquo;Union pour Arles dans son communiqu&eacute; de jeudi, en r&eacute;ponse au plan de &#8230;","protected":false},"author":1,"featured_media":38789,"comment_status":"open","ping_status":"open","sticky":false,"template":"","format":"standard","meta":{"footnotes":""},"categories":[3926,3925,333,330],"tags":[2605,1234,10,207,4724,411,540,4046,1480,489,551,1546,1547],"news-destination":[3944],"news-source":[475],"is_homepage":[],"ta_other":[],"class_list":["post-38788","post","type-post","status-publish","format-standard","has-post-thumbnail","hentry","category-accueil-merge","category-accueil-third","category-environnement","category-politique","tag-arbres","tag-arles","tag-bouches-du-rhone","tag-changement-climatique","tag-desimpermeabilisation","tag-ecoles","tag-gauche","tag-ilots-de-fraicheur","tag-justice-sociale","tag-logements","tag-patrick-de-carolis","tag-renovation-thermique","tag-vegetalisation","news-destination-homepage","news-source-website"],"_links":{"self":[{"href":"https:\/\/euapp01.newsmemory.com\/lamarseillaise\/news\/wp-json\/wp\/v2\/posts\/38788","targetHints":{"allow":["GET"]}}],"collection":[{"href":"https:\/\/euapp01.newsmemory.com\/lamarseillaise\/news\/wp-json\/wp\/v2\/posts"}],"about":[{"href":"https:\/\/euapp01.newsmemory.com\/lamarseillaise\/news\/wp-json\/wp\/v2\/types\/post"}],"author":[{"embeddable":true,"href":"https:\/\/euapp01.newsmemory.com\/lamarseillaise\/news\/wp-json\/wp\/v2\/users\/1"}],"replies":[{"embeddable":true,"href":"https:\/\/euapp01.newsmemory.com\/lamarseillaise\/news\/wp-json\/wp\/v2\/comments?post=38788"}],"version-history":[{"count":2,"href":"https:\/\/euapp01.newsmemory.com\/lamarseillaise\/news\/wp-json\/wp\/v2\/posts\/38788\/revisions"}],"predecessor-version":[{"id":39437,"href":"https:\/\/euapp01.newsmemory.com\/lamarseillaise\/news\/wp-json\/wp\/v2\/posts\/38788\/revisions\/39437"}],"wp:featuredmedia":[{"embeddable":true,"href":"https:\/\/euapp01.newsmemory.com\/lamarseillaise\/news\/wp-json\/wp\/v2\/media\/38789"}],"wp:attachment":[{"href":"https:\/\/euapp01.newsmemory.com\/lamarseillaise\/news\/wp-json\/wp\/v2\/media?parent=38788"}],"wp:term":[{"taxonomy":"category","embeddable":true,"href":"https:\/\/euapp01.newsmemory.com\/lamarseillaise\/news\/wp-json\/wp\/v2\/categories?post=38788"},{"taxonomy":"post_tag","embeddable":true,"href":"https:\/\/euapp01.newsmemory.com\/lamarseillaise\/news\/wp-json\/wp\/v2\/tags?post=38788"},{"taxonomy":"news-destination","embeddable":true,"href":"https:\/\/euapp01.newsmemory.com\/lamarseillaise\/news\/wp-json\/wp\/v2\/news-destination?post=38788"},{"taxonomy":"news-source","embeddable":true,"href":"https:\/\/euapp01.newsmemory.com\/lamarseillaise\/news\/wp-json\/wp\/v2\/news-source?post=38788"},{"taxonomy":"is_homepage","embeddable":true,"href":"https:\/\/euapp01.newsmemory.com\/lamarseillaise\/news\/wp-json\/wp\/v2\/is_homepage?post=38788"},{"taxonomy":"ta_other","embeddable":true,"href":"https:\/\/euapp01.newsmemory.com\/lamarseillaise\/news\/wp-json\/wp\/v2\/ta_other?post=38788"}],"curies":[{"name":"wp","href":"https:\/\/api.w.org\/{rel}","templated":true}]}}