{"id":38785,"date":"2026-08-08T07:07:01","date_gmt":"2026-08-08T05:07:01","guid":{"rendered":"https:\/\/euapp01.newsmemory.com\/lamarseillaise\/news\/?p=38785"},"modified":"2026-08-14T09:02:29","modified_gmt":"2026-08-14T07:02:29","slug":"le-departement-du-vaucluse-fait-la-part-belle-au-velo","status":"publish","type":"post","link":"https:\/\/euapp01.newsmemory.com\/lamarseillaise\/news\/2026\/08\/08\/le-departement-du-vaucluse-fait-la-part-belle-au-velo\/","title":{"rendered":"Le d\u00e9partement du Vaucluse fait la part belle au v\u00e9lo"},"content":{"rendered":"<div class=\"paragraph\">\n<p>Aux abords et sur le Mont Ventoux, mais aussi sur les v\u00e9loroutes de la ViaRh\u00f4na, de la Via Venaissia et du Calavon, les cyclistes sont omnipr\u00e9sents dans le d\u00e9partement de Vaucluse. Le r\u00e9sultat d\u2019une politique en faveur de son d\u00e9veloppement au cours des derni\u00e8res ann\u00e9es.<\/p>\n<p>Preuve en est, le Vaucluse est le premier d\u00e9partement de France labellis\u00e9 \u00ab\u00a0D\u00e9partement \u00e0 v\u00e9lo\u00a0\u00bb par ASO, l\u2019organisateur du Tour de France. Avec pr\u00e9cis\u00e9ment deux \u00ab\u00a0v\u00e9los\u00a0\u00bb sur le barom\u00e8tre de l\u2019organisation. Une distinction qui \u00ab\u00a0<i>vient r\u00e9compenser l\u2019ensemble des politiques publiques vauclusiennes en mati\u00e8re de v\u00e9lo men\u00e9es de longue date<\/i>\u00a0\u00bb, se r\u00e9jouit la collectivit\u00e9. Ce ne sont au total pas moins de 185\u00a0000\u00a0Vauclusiens, sur environ 570\u00a0000, qui utilisent leur v\u00e9lo r\u00e9guli\u00e8rement.<\/p>\n<p>En ce qui concerne le G\u00e9ant de Provence, ce ne sont pas moins de 125\u00a0000\u00a0cyclistes qui tentent de le gravir chaque ann\u00e9e. Un chiffre qui monte m\u00eame \u00e0 150\u00a0000 les ann\u00e9es de passage du Tour de France, comme ce vendredi 7\u00a0juillet pour le Tour f\u00e9minin (voir ci-contre). Aux alentours, les autres disciplines sont aussi mises en avant. C\u00f4t\u00e9 VTT, une \u00ab\u00a0Grande Travers\u00e9e\u00a0\u00bb de 500\u00a0kilom\u00e8tres a \u00e9t\u00e9 cr\u00e9\u00e9e en 2014, \u00ab\u00a0<i>avec de multiples variantes au d\u00e9part de Boll\u00e8ne et de Savoillans, jusqu\u2019\u00e0 Cavaillon ou M\u00e9rindol<\/i>\u00a0\u00bb, est-il pr\u00e9cis\u00e9. Tandis que les sites du Ventoux et du Luberon totalisent \u00e0 eux deux 1\u00a0000\u00a0kilom\u00e8tres d\u2019itin\u00e9raires. Sans oublier le BMX, dont la piste de Sarrians est l\u2019une des capitales fran\u00e7aises, voire m\u00eame europ\u00e9ennes. Elle a notamment accueilli les coureurs fran\u00e7ais de la discipline en amont de leur tripl\u00e9 historique aux Jeux olympiques de Paris en 2024.<\/p>\n<\/p><\/div>\n<div class=\"intext\"> Convergence des routes\n              <\/div>\n<div class=\"paragraph\">\n<p>Comme \u00e9voqu\u00e9 pr\u00e9c\u00e9demment, la convergence des trois v\u00e9loroutes permet d\u2019ouvrir l\u2019horizon des dizaines de milliers de cyclotouristes qui arpentent notre r\u00e9gion. La plus embl\u00e9matique, la ViaRh\u00f4na, permet ainsi de relier le lac L\u00e9man \u00e0 la mer M\u00e9diterran\u00e9e sur 615\u00a0kilom\u00e8tres. Tandis que la Via Venaissia relie, elle, L\u2019Isle-sur-la-Sorgue \u00e0 Orange sur les traces de l\u2019ancienne voie ferr\u00e9e. Enfin, la voie verte du Calavon, au c\u0153ur du parc naturel r\u00e9gional du Luberon, commence au village de Robion et se termine \u00e0 Castellet, 45\u00a0kilom\u00e8tres plus loin.<\/p>\n<p>Le territoire est \u00e9galement l\u2019un des leaders en termes de points d\u2019accueil des cyclistes. Avec 349\u00a0\u00e9tablissements certifi\u00e9s Accueil\u00a0V\u00e9lo, le Vaucluse est en t\u00eate des d\u00e9partements en la mati\u00e8re.<\/p>\n<\/p><\/div>\n","protected":false},"excerpt":{"rendered":"Aux abords et sur le Mont Ventoux, mais aussi sur les v&eacute;loroutes de la ViaRh&ocirc;na, de la Via Venaissia et du Calavon, les cyclistes sont omnipr&eacute;sents dans le d&eacute;partement de Vaucluse. Le r&eacute;sultat d&rsquo;une politique &#8230;","protected":false},"author":1,"featured_media":38786,"comment_status":"open","ping_status":"open","sticky":false,"template":"","format":"standard","meta":{"footnotes":""},"categories":[3926,3925,338,7],"tags":[1146,503,4651,3253,171],"news-destination":[3944],"news-source":[475],"is_homepage":[],"ta_other":[],"class_list":["post-38785","post","type-post","status-publish","format-standard","has-post-thumbnail","hentry","category-accueil-merge","category-accueil-third","category-economie","category-sports","tag-cyclistes","tag-departements","tag-distinction","tag-tour-de-france","tag-vaucluse","news-destination-homepage","news-source-website"],"_links":{"self":[{"href":"https:\/\/euapp01.newsmemory.com\/lamarseillaise\/news\/wp-json\/wp\/v2\/posts\/38785","targetHints":{"allow":["GET"]}}],"collection":[{"href":"https:\/\/euapp01.newsmemory.com\/lamarseillaise\/news\/wp-json\/wp\/v2\/posts"}],"about":[{"href":"https:\/\/euapp01.newsmemory.com\/lamarseillaise\/news\/wp-json\/wp\/v2\/types\/post"}],"author":[{"embeddable":true,"href":"https:\/\/euapp01.newsmemory.com\/lamarseillaise\/news\/wp-json\/wp\/v2\/users\/1"}],"replies":[{"embeddable":true,"href":"https:\/\/euapp01.newsmemory.com\/lamarseillaise\/news\/wp-json\/wp\/v2\/comments?post=38785"}],"version-history":[{"count":1,"href":"https:\/\/euapp01.newsmemory.com\/lamarseillaise\/news\/wp-json\/wp\/v2\/posts\/38785\/revisions"}],"predecessor-version":[{"id":38787,"href":"https:\/\/euapp01.newsmemory.com\/lamarseillaise\/news\/wp-json\/wp\/v2\/posts\/38785\/revisions\/38787"}],"wp:featuredmedia":[{"embeddable":true,"href":"https:\/\/euapp01.newsmemory.com\/lamarseillaise\/news\/wp-json\/wp\/v2\/media\/38786"}],"wp:attachment":[{"href":"https:\/\/euapp01.newsmemory.com\/lamarseillaise\/news\/wp-json\/wp\/v2\/media?parent=38785"}],"wp:term":[{"taxonomy":"category","embeddable":true,"href":"https:\/\/euapp01.newsmemory.com\/lamarseillaise\/news\/wp-json\/wp\/v2\/categories?post=38785"},{"taxonomy":"post_tag","embeddable":true,"href":"https:\/\/euapp01.newsmemory.com\/lamarseillaise\/news\/wp-json\/wp\/v2\/tags?post=38785"},{"taxonomy":"news-destination","embeddable":true,"href":"https:\/\/euapp01.newsmemory.com\/lamarseillaise\/news\/wp-json\/wp\/v2\/news-destination?post=38785"},{"taxonomy":"news-source","embeddable":true,"href":"https:\/\/euapp01.newsmemory.com\/lamarseillaise\/news\/wp-json\/wp\/v2\/news-source?post=38785"},{"taxonomy":"is_homepage","embeddable":true,"href":"https:\/\/euapp01.newsmemory.com\/lamarseillaise\/news\/wp-json\/wp\/v2\/is_homepage?post=38785"},{"taxonomy":"ta_other","embeddable":true,"href":"https:\/\/euapp01.newsmemory.com\/lamarseillaise\/news\/wp-json\/wp\/v2\/ta_other?post=38785"}],"curies":[{"name":"wp","href":"https:\/\/api.w.org\/{rel}","templated":true}]}}