{"id":38782,"date":"2026-08-08T07:08:00","date_gmt":"2026-08-08T05:08:00","guid":{"rendered":"https:\/\/euapp01.newsmemory.com\/lamarseillaise\/news\/?p=38782"},"modified":"2026-08-14T16:10:42","modified_gmt":"2026-08-14T14:10:42","slug":"un-eclairage-exceptionnel-pour-notre-region","status":"publish","type":"post","link":"https:\/\/euapp01.newsmemory.com\/lamarseillaise\/news\/2026\/08\/08\/un-eclairage-exceptionnel-pour-notre-region\/","title":{"rendered":"\u00ab&nbsp;Un \u00e9clairage exceptionnel pour notre r\u00e9gion&nbsp;\u00bb"},"content":{"rendered":"<div class=\"paragraph\">\n<p><b>La Marseillaise : <\/b><b>Le Tour f\u00e9minin qui arrive au Ventoux, cela repr\u00e9sente quoi pour vous ?<\/b><b><\/b><\/p>\n<p>St\u00e9phane Garcia : les femmes s\u2019attaquent enfin \u00e0 un mythe que certains, jusque-l\u00e0, estimaient r\u00e9serv\u00e9 aux hommes. Mais qu\u2019elles y viennent n\u2019est pas une fin en soi. Car, au-del\u00e0 de l\u2019image d\u2019une arriv\u00e9e sur le toit de la Provence, c\u2019est de voir le peloton f\u00e9minin traverser le Vaucluse, passer par Sisteron et les Alpes-de-Haute-Provence pour une arriv\u00e9e finale \u00e0 Nice. Ce qui donne un \u00e9clairage exceptionnel pour notre r\u00e9gion.<\/p>\n<p><b>Pour la Ligue dont vous \u00eates le pr\u00e9sident, c\u2019est une reconnaissance ?<\/b><\/p>\n<p>S.G.\u00a0: C\u2019est surtout un encouragement \u00e0 poursuivre notre politique de f\u00e9minisation de la pratique du v\u00e9lo. Nous venons de cr\u00e9er une \u00e9quipe, D\u00e9voluy &#8211; R\u00e9gion Sud, qui augmente notre visibilit\u00e9 dans les pelotons. Une nouvelle \u00e9tape est proche d\u2019\u00eatre boucl\u00e9e, avec la cr\u00e9ation d\u2019une seconde \u00e9quipe espoirs et avenirs.<\/p>\n<p><b>Pourquoi cette initiative? <\/b><\/p>\n<p>S.G.\u00a0: Nous avons dans notre Ligue de tr\u00e8s bons clubs formateurs, mais, \u00e0 partir de 14-15\u00a0ans, ils n\u2019arrivent pas \u00e0 garder les filles, car il y a un manque de structures pour leur permettre de continuer leur progression. Alors, les championnes vont voir ailleurs. Nous devons faire en sorte de les garder, en leur proposant des possibilit\u00e9s d\u2019\u00e9tudes. L\u2019id\u00e9e \u00e9tant de ne plus voir les autres r\u00e9gions profiter de notre savoir-faire. Ce sont les clubs qui fa\u00e7onnent les moteurs. Nous devons faire en sorte de les accompagner en les aidant \u00e0 cr\u00e9er les carrosseries.<\/p>\n<\/p><\/div>\n","protected":false},"excerpt":{"rendered":"La Marseillaise : Le Tour f&eacute;minin qui arrive au Ventoux, cela repr&eacute;sente quoi pour vous ?","protected":false},"author":1,"featured_media":38783,"comment_status":"open","ping_status":"open","sticky":false,"template":"","format":"standard","meta":{"footnotes":""},"categories":[3926,3925,7],"tags":[171],"news-destination":[3944],"news-source":[475],"is_homepage":[],"ta_other":[],"class_list":["post-38782","post","type-post","status-publish","format-standard","has-post-thumbnail","hentry","category-accueil-merge","category-accueil-third","category-sports","tag-vaucluse","news-destination-homepage","news-source-website"],"_links":{"self":[{"href":"https:\/\/euapp01.newsmemory.com\/lamarseillaise\/news\/wp-json\/wp\/v2\/posts\/38782","targetHints":{"allow":["GET"]}}],"collection":[{"href":"https:\/\/euapp01.newsmemory.com\/lamarseillaise\/news\/wp-json\/wp\/v2\/posts"}],"about":[{"href":"https:\/\/euapp01.newsmemory.com\/lamarseillaise\/news\/wp-json\/wp\/v2\/types\/post"}],"author":[{"embeddable":true,"href":"https:\/\/euapp01.newsmemory.com\/lamarseillaise\/news\/wp-json\/wp\/v2\/users\/1"}],"replies":[{"embeddable":true,"href":"https:\/\/euapp01.newsmemory.com\/lamarseillaise\/news\/wp-json\/wp\/v2\/comments?post=38782"}],"version-history":[{"count":1,"href":"https:\/\/euapp01.newsmemory.com\/lamarseillaise\/news\/wp-json\/wp\/v2\/posts\/38782\/revisions"}],"predecessor-version":[{"id":38784,"href":"https:\/\/euapp01.newsmemory.com\/lamarseillaise\/news\/wp-json\/wp\/v2\/posts\/38782\/revisions\/38784"}],"wp:featuredmedia":[{"embeddable":true,"href":"https:\/\/euapp01.newsmemory.com\/lamarseillaise\/news\/wp-json\/wp\/v2\/media\/38783"}],"wp:attachment":[{"href":"https:\/\/euapp01.newsmemory.com\/lamarseillaise\/news\/wp-json\/wp\/v2\/media?parent=38782"}],"wp:term":[{"taxonomy":"category","embeddable":true,"href":"https:\/\/euapp01.newsmemory.com\/lamarseillaise\/news\/wp-json\/wp\/v2\/categories?post=38782"},{"taxonomy":"post_tag","embeddable":true,"href":"https:\/\/euapp01.newsmemory.com\/lamarseillaise\/news\/wp-json\/wp\/v2\/tags?post=38782"},{"taxonomy":"news-destination","embeddable":true,"href":"https:\/\/euapp01.newsmemory.com\/lamarseillaise\/news\/wp-json\/wp\/v2\/news-destination?post=38782"},{"taxonomy":"news-source","embeddable":true,"href":"https:\/\/euapp01.newsmemory.com\/lamarseillaise\/news\/wp-json\/wp\/v2\/news-source?post=38782"},{"taxonomy":"is_homepage","embeddable":true,"href":"https:\/\/euapp01.newsmemory.com\/lamarseillaise\/news\/wp-json\/wp\/v2\/is_homepage?post=38782"},{"taxonomy":"ta_other","embeddable":true,"href":"https:\/\/euapp01.newsmemory.com\/lamarseillaise\/news\/wp-json\/wp\/v2\/ta_other?post=38782"}],"curies":[{"name":"wp","href":"https:\/\/api.w.org\/{rel}","templated":true}]}}