{"id":38779,"date":"2026-08-08T07:09:00","date_gmt":"2026-08-08T05:09:00","guid":{"rendered":"https:\/\/euapp01.newsmemory.com\/lamarseillaise\/news\/?p=38779"},"modified":"2026-08-15T08:01:49","modified_gmt":"2026-08-15T06:01:49","slug":"la-gestion-du-couvent-levat-devrait-changer-de-main","status":"publish","type":"post","link":"https:\/\/euapp01.newsmemory.com\/lamarseillaise\/news\/2026\/08\/08\/la-gestion-du-couvent-levat-devrait-changer-de-main\/","title":{"rendered":"La gestion du couvent Levat devrait changer de main"},"content":{"rendered":"<div class=\"paragraph\">\n<p>La convention d\u2019occupation de l\u2019ancien couvent des s\u0153urs de la congr\u00e9gation des Victimes du Sacr\u00e9-C\u0153ur de J\u00e9sus arrive \u00e0 son terme. Pour d\u00e9cider de l\u2019avenir de ce site remarquable de 17\u00a0000\u00a0m<sup>2<\/sup>, dernier poumon vert du quartier, la municipalit\u00e9 va lancer tr\u00e8s prochainement un AMI, sur lequel elle devra statuer en janvier\u00a02027.<\/p>\n<p>Depuis sa bascule dans le domaine communal, le couvent accueille une p\u00e9pini\u00e8re d\u2019artistes, des \u00e9v\u00e9nements culturels y sont programm\u00e9s et dans son vaste parc, les jardins familiaux continuent \u00e0 y \u00eatre cultiv\u00e9s. L\u2019acc\u00e8s au public y \u00e9tait cependant \u00ab\u00a0<i>trop conditionn\u00e9 aux activit\u00e9s des gestionnaires<\/i><i>\u00a0<\/i>\u00bb reprochaient les associations du quartier r\u00e9unies au sein du Collectif des habitants organis\u00e9s du 3<sup>e<\/sup> (CHO3).<\/p>\n<p>Interrog\u00e9 sur l\u2019avenir du couvent, le maire (PS) du secteur, Anthony Krehmeier nous assurait il y a quelques semaines\u00a0: \u00ab\u00a0<i>la vocation du site restera artistique et culturelle, la quarantaine d\u2019ateliers d\u2019artistes seront p\u00e9rennis\u00e9s, car il en faut, c\u2019est un besoin, et ces cellules de 8<\/i><i>\u00a0<\/i><i>m<\/i><i><sup>2<\/sup><\/i><i> ne permettent gu\u00e8re d\u2019autres usages<\/i><i>\u00a0<\/i>\u00bb. Il pr\u00e9cisait que la Ville souhaitait \u00ab<i>\u00a0<\/i><i>ouvrir davantage l\u2019acc\u00e8s du jardin au quartier, au public en g\u00e9n\u00e9ral, sans toutefois le fragiliser<\/i><i>\u00a0<\/i>\u00bb.<\/p>\n<p>La pr\u00e9servation du jardin et du verger cr\u00e9\u00e9s par les religieuses qui y vivaient depuis 1843 en totale autarcie pour se consacrer au silence et \u00e0 la m\u00e9ditation m\u00e9rite en effet une attention particuli\u00e8re. En 2023, un manque d\u2019attention lors des manifestations organis\u00e9es, avait conduit \u00e0 retirer la gestion de la serre et du verger \u00e0 la structure gestionnaire, au profit de L\u2019Hydre. Pour la nouvelle convention, la Ville pr\u00e9voit d\u2019int\u00e9grer le jardin au domaine public. Ce changement de statut juridique exige d\u2019en passer par un appel \u00e0 manifestation d\u2019int\u00e9r\u00eat (AMI). La gestion future du site est donc ouverte \u00e0 la concurrence. Mais le jardin devrait tomber sous l\u2019administration de la direction municipale de la Nature en Ville.<\/p>\n<\/p><\/div>\n<div class=\"intext\"> L.E.V.A.T. seul en lice\u00a0?\n              <\/div>\n<div class=\"paragraph\">\n<p>En janvier\u00a02025, en proie \u00e0 des difficult\u00e9s financi\u00e8res, le gestionnaire avait annonc\u00e9 ne plus souhaiter continuer l\u2019aventure au couvent. D\u00e9j\u00e0 investies sur le site, mais avec une vision collective de la gouvernance, 18\u00a0structures du quartier se r\u00e9unissent au sein d\u2019un collectif L.E.V.A.T. et apr\u00e8s 18\u00a0mois de r\u00e9unions, d\u00e9finissent leur feuille de route. Pr\u00e9sent\u00e9e le 11\u00a0juillet, elle dresse les grands axes d\u2019un projet pour un lieu \u00ab\u00a0<i>davantage tourn\u00e9 vers les besoins du quartier<\/i>\u00a0\u00bb. Les 41\u00a0ateliers d\u2019artistes y sont maintenus sur les deux \u00e9tages du b\u00e2timent principal. Le rez-de-chauss\u00e9e accueillerait des espaces partag\u00e9s pour les associations avec une cuisine collective.<\/p>\n<p>Dans un article de Marsactu publi\u00e9 le 11\u00a0juillet dernier, Karine Terlizzi, directrice de Juxtapoz, annon\u00e7ait avoir finalement d\u00e9cid\u00e9 de r\u00e9pondre \u00e0 l\u2019AMI. Avec des propos plus que maladroits \u00e0 l\u2019adresse du collectif concurrent, elle attisait le feu dans la bataille pour la reprise de gestion. Dans une publication sur les r\u00e9seaux sociaux le 6\u00a0ao\u00fbt, face au toll\u00e9 de L.E.V.A.T., cette derni\u00e8re fait son mea culpa \u00ab\u00a0<i>Des mots que je regrette<\/i>\u00a0\u00bb admet-elle en pr\u00e9sentant des excuses accompagn\u00e9es d\u2019une volte-face\u00a0: \u00ab\u00a0<i>Dans ce contexte, nous avons pris la d\u00e9cision de ne pas r\u00e9pondre \u00e0 l\u2019AMI lanc\u00e9 prochainement par la Ville de Marseille<\/i><i>\u00a0<\/i>\u00bb.<\/p>\n<\/p><\/div>\n","protected":false},"excerpt":{"rendered":"La convention d&rsquo;occupation de l&rsquo;ancien couvent des s&oelig;urs de la congr&eacute;gation des Victimes du Sacr&eacute;-C&oelig;ur de J&eacute;sus arrive &agrave; son terme. Pour d&eacute;cider de l&rsquo;avenir de ce site remarquable de &#8230;","protected":false},"author":1,"featured_media":38780,"comment_status":"open","ping_status":"open","sticky":false,"template":"","format":"standard","meta":{"footnotes":""},"categories":[3926,3925,20],"tags":[1124,10,4629,35,2324,4434],"news-destination":[3944],"news-source":[475],"is_homepage":[],"ta_other":[],"class_list":["post-38779","post","type-post","status-publish","format-standard","has-post-thumbnail","hentry","category-accueil-merge","category-accueil-third","category-societe","tag-belle-de-mai","tag-bouches-du-rhone","tag-couvent","tag-culture","tag-jardin","tag-marseille-3e-arrondissement","news-destination-homepage","news-source-website"],"_links":{"self":[{"href":"https:\/\/euapp01.newsmemory.com\/lamarseillaise\/news\/wp-json\/wp\/v2\/posts\/38779","targetHints":{"allow":["GET"]}}],"collection":[{"href":"https:\/\/euapp01.newsmemory.com\/lamarseillaise\/news\/wp-json\/wp\/v2\/posts"}],"about":[{"href":"https:\/\/euapp01.newsmemory.com\/lamarseillaise\/news\/wp-json\/wp\/v2\/types\/post"}],"author":[{"embeddable":true,"href":"https:\/\/euapp01.newsmemory.com\/lamarseillaise\/news\/wp-json\/wp\/v2\/users\/1"}],"replies":[{"embeddable":true,"href":"https:\/\/euapp01.newsmemory.com\/lamarseillaise\/news\/wp-json\/wp\/v2\/comments?post=38779"}],"version-history":[{"count":1,"href":"https:\/\/euapp01.newsmemory.com\/lamarseillaise\/news\/wp-json\/wp\/v2\/posts\/38779\/revisions"}],"predecessor-version":[{"id":38781,"href":"https:\/\/euapp01.newsmemory.com\/lamarseillaise\/news\/wp-json\/wp\/v2\/posts\/38779\/revisions\/38781"}],"wp:featuredmedia":[{"embeddable":true,"href":"https:\/\/euapp01.newsmemory.com\/lamarseillaise\/news\/wp-json\/wp\/v2\/media\/38780"}],"wp:attachment":[{"href":"https:\/\/euapp01.newsmemory.com\/lamarseillaise\/news\/wp-json\/wp\/v2\/media?parent=38779"}],"wp:term":[{"taxonomy":"category","embeddable":true,"href":"https:\/\/euapp01.newsmemory.com\/lamarseillaise\/news\/wp-json\/wp\/v2\/categories?post=38779"},{"taxonomy":"post_tag","embeddable":true,"href":"https:\/\/euapp01.newsmemory.com\/lamarseillaise\/news\/wp-json\/wp\/v2\/tags?post=38779"},{"taxonomy":"news-destination","embeddable":true,"href":"https:\/\/euapp01.newsmemory.com\/lamarseillaise\/news\/wp-json\/wp\/v2\/news-destination?post=38779"},{"taxonomy":"news-source","embeddable":true,"href":"https:\/\/euapp01.newsmemory.com\/lamarseillaise\/news\/wp-json\/wp\/v2\/news-source?post=38779"},{"taxonomy":"is_homepage","embeddable":true,"href":"https:\/\/euapp01.newsmemory.com\/lamarseillaise\/news\/wp-json\/wp\/v2\/is_homepage?post=38779"},{"taxonomy":"ta_other","embeddable":true,"href":"https:\/\/euapp01.newsmemory.com\/lamarseillaise\/news\/wp-json\/wp\/v2\/ta_other?post=38779"}],"curies":[{"name":"wp","href":"https:\/\/api.w.org\/{rel}","templated":true}]}}