{"id":38776,"date":"2026-08-08T07:14:00","date_gmt":"2026-08-08T05:14:00","guid":{"rendered":"https:\/\/euapp01.newsmemory.com\/lamarseillaise\/news\/?p=38776"},"modified":"2026-08-15T08:28:42","modified_gmt":"2026-08-15T06:28:42","slug":"des-olympiades-aquatiques-pour-se-reapproprier-la-mer-a-tout-age","status":"publish","type":"post","link":"https:\/\/euapp01.newsmemory.com\/lamarseillaise\/news\/2026\/08\/08\/des-olympiades-aquatiques-pour-se-reapproprier-la-mer-a-tout-age\/","title":{"rendered":"Des Olympiades aquatiques pour se r\u00e9approprier la mer \u00e0 tout \u00e2ge"},"content":{"rendered":"<div class=\"paragraph\">\n<p>\u00c0 vos maillots de bain\u00a0! Apr\u00e8s l\u2019\u00e9dition\u00a02024 des \u00ab\u00a0<i>JO des Corbi\u00e8res<\/i>\u00a0\u00bb, Le Grand Bleu renouvelle ses Olympiades ce samedi 8\u00a0ao\u00fbt, de 13h \u00e0 17h. \u00ab\u00a0<i>On a v\u00e9cu un moment tr\u00e8s intense en 2024 avec les familles, les jeunes et les moins jeunes<\/i>\u00a0\u00bb, se rappelle Brahim Timricht, fondateur et directeur du Grand Bleu. \u00c9v\u00e8nement concomitant \u00e0 l\u2019accueil des \u00e9preuves olympiques de voile \u00e0 Marseille.<\/p>\n<p>L\u2019association, fond\u00e9e en 2000, souhaite \u00ab<i>\u00a0<\/i><i>rendre accessible l\u2019\u00e9ducation \u00e0 la natation, la formation aux m\u00e9tiers de l\u2019eau et l\u2019offre d\u2019activit\u00e9s nautiques \u00e0 tous<\/i><i>\u00a0<\/i>\u00bb. Pour son fondateur, lui-m\u00eame n\u00e9 dans la cit\u00e9 phoc\u00e9enne, \u00ab\u00a0<i>savoir nager, c\u2019est aussi important que de savoir lire et \u00e9crire. On apprend \u00e0 nager \u00e0 2<\/i><i>\u00a0<\/i><i>500<\/i><i>\u00a0<\/i><i>enfants par an \u00e0 Marseille et on fait naviguer 16<\/i><i>\u00a0<\/i><i>000<\/i><i>\u00a0<\/i><i>pratiquants \u00e0 travers diverses activit\u00e9s<\/i><i>\u00a0<\/i>\u00bb, se f\u00e9licite-t-il. Le Grand Bleu, actif toute l\u2019ann\u00e9e, est install\u00e9 au stade nautique Florence-Arthaud ainsi qu\u2019\u00e0 la base nautique des Corbi\u00e8res, o\u00f9 se d\u00e9rouleront les Olympiades de ce samedi. La journ\u00e9e commencera par \u00ab\u00a0<i>un \u00e9chauffement le matin, pour pouvoir pratiquer les activit\u00e9s en toute s\u00e9curit\u00e9<\/i>. <i>Puis, autour de 13h, ce sera le d\u00e9part des Olympiades<\/i><i>\u00a0<\/i><i>!<\/i><i>\u00a0<\/i>\u00bb, annonce Brahim Timricht. Au programme, \u00ab\u00a0<i>on a des challenges de paddle g\u00e9ants, des relais en kayak, des pirogues polyn\u00e9siennes&#8230;<\/i>\u00a0\u00bb, \u00e9num\u00e8re l\u2019organisateur du challenge. \u00ab\u00a0<i>On a aussi un tournoi de water-polo en mer. \u00c7a, \u00e7a n\u2019existe que chez nous, \u00e0 Corbi\u00e8res<\/i>\u00a0<i>!<\/i>\u00a0\u00bb, s\u2019impatiente-t-il.<\/p>\n<\/p><\/div>\n<div class=\"intext\"> L\u2019acc\u00e8s \u00e0 la mer d\u00e9mocratis\u00e9\n              <\/div>\n<div class=\"paragraph\">\n<p>\u00ab\u00a0<i>Le projet est n\u00e9 en 2021, d\u2019une volont\u00e9 de la pr\u00e9fecture pour l\u2019\u00e9galit\u00e9 des chances, de mettre en place des activit\u00e9s pour les familles qui ne partaient pas en vacances<\/i><i>\u00a0<\/i>\u00bb, explique le directeur de l\u2019association. \u00ab\u00a0<i>Il a \u00e9t\u00e9 pens\u00e9 pour inclure les parents, compos\u00e9s \u00e0 95% de mamans qui accompagnent leurs enfants. Elles font partie int\u00e9grante du projet depuis 6<\/i><i>\u00a0<\/i><i>ans. Maintenant, elles savent nager et le plaisir est partag\u00e9 entre les enfants et les parents.<\/i><i>\u00a0<\/i>\u00bb Brahim Timricht pr\u00e9voit pr\u00e8s de 200\u00a0participants cette ann\u00e9e, \u00ab\u00a0<i>encadr\u00e9s par des moniteurs et ma\u00eetres-nageurs dipl\u00f4m\u00e9s, salari\u00e9s \u00e0 l\u2019ann\u00e9e ou vacataires du Grand Bleu<\/i>\u00a0\u00bb.<\/p>\n<p>En attendant samedi, tout le monde semble impatient, enfants comme adultes&#8230; \u00ab\u00a0<i>Il y a d\u00e9j\u00e0 des invitations qui sont parties vers les associations et les centres de la ville qui sont venus s\u2019entra\u00eener toute la saison. Les Olympiades du 8<\/i><i>\u00a0<\/i><i>ao\u00fbt, c\u2019est le point d\u2019orgue de ce projet<\/i><i>\u00a0<\/i><i>! Moi, je vis ces Olympiades avec autant d\u2019enthousiasme que je les pr\u00e9pare<\/i>\u00a0\u00bb, se r\u00e9jouit Brahim Timricht.<\/p>\n<\/p><\/div>\n<div class=\"paragraph\">\n<p><i>Olympiades du Grand bleu, <\/i><i>samedi 8<\/i><i>\u00a0<\/i><i>ao\u00fbt, plage de Corbi\u00e8res, <\/i><i>\u00e0 partir de 13h. Gratuit.<\/i><\/p>\n<\/p><\/div>\n","protected":false},"excerpt":{"rendered":"&Agrave; vos maillots de bain&nbsp;! Apr&egrave;s l&rsquo;&eacute;dition&nbsp;2024 des &laquo;&nbsp;JO des Corbi&egrave;res&nbsp;&raquo;, Le Grand Bleu renouvelle ses Olympiades ce samedi 8&nbsp;ao&ucirc;t, de 13h &agrave; 17h. &laquo;&nbsp;On a &#8230;","protected":false},"author":1,"featured_media":38777,"comment_status":"open","ping_status":"open","sticky":false,"template":"","format":"standard","meta":{"footnotes":""},"categories":[3926,3925,20],"tags":[138,5975,10,57,754,6174,16,85,1815,3072,978,3694,394,3336,1829],"news-destination":[3944],"news-source":[475],"is_homepage":[],"ta_other":[],"class_list":["post-38776","post","type-post","status-publish","format-standard","has-post-thumbnail","hentry","category-accueil-merge","category-accueil-third","category-societe","tag-associations","tag-base-nautique","tag-bouches-du-rhone","tag-enfants","tag-familles","tag-kayak","tag-marseille","tag-mer","tag-olympiades","tag-paddle","tag-parents","tag-plage","tag-sport","tag-tournoi","tag-water-polo","news-destination-homepage","news-source-website"],"_links":{"self":[{"href":"https:\/\/euapp01.newsmemory.com\/lamarseillaise\/news\/wp-json\/wp\/v2\/posts\/38776","targetHints":{"allow":["GET"]}}],"collection":[{"href":"https:\/\/euapp01.newsmemory.com\/lamarseillaise\/news\/wp-json\/wp\/v2\/posts"}],"about":[{"href":"https:\/\/euapp01.newsmemory.com\/lamarseillaise\/news\/wp-json\/wp\/v2\/types\/post"}],"author":[{"embeddable":true,"href":"https:\/\/euapp01.newsmemory.com\/lamarseillaise\/news\/wp-json\/wp\/v2\/users\/1"}],"replies":[{"embeddable":true,"href":"https:\/\/euapp01.newsmemory.com\/lamarseillaise\/news\/wp-json\/wp\/v2\/comments?post=38776"}],"version-history":[{"count":1,"href":"https:\/\/euapp01.newsmemory.com\/lamarseillaise\/news\/wp-json\/wp\/v2\/posts\/38776\/revisions"}],"predecessor-version":[{"id":38778,"href":"https:\/\/euapp01.newsmemory.com\/lamarseillaise\/news\/wp-json\/wp\/v2\/posts\/38776\/revisions\/38778"}],"wp:featuredmedia":[{"embeddable":true,"href":"https:\/\/euapp01.newsmemory.com\/lamarseillaise\/news\/wp-json\/wp\/v2\/media\/38777"}],"wp:attachment":[{"href":"https:\/\/euapp01.newsmemory.com\/lamarseillaise\/news\/wp-json\/wp\/v2\/media?parent=38776"}],"wp:term":[{"taxonomy":"category","embeddable":true,"href":"https:\/\/euapp01.newsmemory.com\/lamarseillaise\/news\/wp-json\/wp\/v2\/categories?post=38776"},{"taxonomy":"post_tag","embeddable":true,"href":"https:\/\/euapp01.newsmemory.com\/lamarseillaise\/news\/wp-json\/wp\/v2\/tags?post=38776"},{"taxonomy":"news-destination","embeddable":true,"href":"https:\/\/euapp01.newsmemory.com\/lamarseillaise\/news\/wp-json\/wp\/v2\/news-destination?post=38776"},{"taxonomy":"news-source","embeddable":true,"href":"https:\/\/euapp01.newsmemory.com\/lamarseillaise\/news\/wp-json\/wp\/v2\/news-source?post=38776"},{"taxonomy":"is_homepage","embeddable":true,"href":"https:\/\/euapp01.newsmemory.com\/lamarseillaise\/news\/wp-json\/wp\/v2\/is_homepage?post=38776"},{"taxonomy":"ta_other","embeddable":true,"href":"https:\/\/euapp01.newsmemory.com\/lamarseillaise\/news\/wp-json\/wp\/v2\/ta_other?post=38776"}],"curies":[{"name":"wp","href":"https:\/\/api.w.org\/{rel}","templated":true}]}}