{"id":38773,"date":"2026-08-08T07:24:00","date_gmt":"2026-08-08T05:24:00","guid":{"rendered":"https:\/\/euapp01.newsmemory.com\/lamarseillaise\/news\/?p=38773"},"modified":"2026-08-16T16:23:40","modified_gmt":"2026-08-16T14:23:40","slug":"la-lumiere-dalpha-un-jeune-migrant-aux-multiples-talents","status":"publish","type":"post","link":"https:\/\/euapp01.newsmemory.com\/lamarseillaise\/news\/2026\/08\/08\/la-lumiere-dalpha-un-jeune-migrant-aux-multiples-talents\/","title":{"rendered":"La lumi\u00e8re d\u2019Alpha, un jeune migrant aux multiples talents"},"content":{"rendered":"<div class=\"paragraph\">\n<p>C\u2019est dans la m\u00e9diath\u00e8que du Pont du Las que les militants de la section de Toulon-La Seyne tombent sur quelques \u0153uvres d\u2019Alpha Boubacar Barry. \u00ab\u00a0<i>J\u2019ai trouv\u00e9 \u00e7a int\u00e9ressant, donc je suis all\u00e9 voir la directrice pour lui demander qui en \u00e9tait \u00e0 l\u2019origine<\/i><i>\u00a0<\/i>\u00bb, explique son pr\u00e9sident Roland Biache.<\/p>\n<p>La rencontre se produit et il leur raconte son parcours qui va l\u2019amener, \u00e0 14\u00a0ans \u00e0 peine, \u00e0 prendre le chemin de l\u2019exil suite au d\u00e9c\u00e8s de son p\u00e8re. Entamant un p\u00e9riple difficile de Guin\u00e9e Conakry, son pays, jusqu\u2019\u00e0 Toulon, en passant par le Mali, l\u2019Alg\u00e9rie et l\u2019Espagne. Son oncle qui l\u2019accompagnait perdra la vie au cours de la travers\u00e9e de la M\u00e9diterran\u00e9e.<\/p>\n<p>Mais ce n\u2019est pas pour \u00e9voquer le drame v\u00e9cu quotidiennement par ceux qu\u2019on appelle les migrants que les d\u00e9fenseurs des droits humains ont accept\u00e9 de nous rencontrer aujourd\u2019hui. Mais plut\u00f4t, pour mettre en avant une prise en charge r\u00e9ussie de ce mineur isol\u00e9 tr\u00e8s talentueux. Son absence le jour de la rencontre va leur permettre de brosser sans retenue son portrait.<\/p>\n<p>\u00ab\u00a0<i>C\u2019est un gamin un peu exceptionnel, extr\u00eamement d\u00e9brouillard<\/i> <i>avec un niveau de communication qui est largement sup\u00e9rieur au commun des mortels<\/i><i>\u00a0<\/i>\u00bb, confie Roland Biache.<\/p>\n<p>Si bien que le jeune Peul a non seulement r\u00e9ussi le circuit de l\u2019int\u00e9gration mais est parvenu aussi \u00e0 se constituer \u00ab\u00a0<i>un r\u00e9seau hyper \u00e9tendu<\/i><i>\u00a0<\/i>\u00bb. \u00ab\u00a0<i>Il est toujours en train de r\u00e9fl\u00e9chir, de cr\u00e9er<\/i><i>\u00a0<\/i>\u00bb, ajoute responsable associatif. Un jeune artiste dou\u00e9 qui sait aussi parler de ses peintures qui retracent son histoire, son parcours.<\/p>\n<p>La Ligue a photographi\u00e9 l\u2019ensemble de ses \u0153uvres pour r\u00e9aliser une expo itin\u00e9rante sur b\u00e2ches et faire d\u00e9couvrir son travail. Au-del\u00e0 d\u2019\u00eatre peintre, il est \u00e9galement conteur et a mont\u00e9 une cha\u00eene YouTube qui s\u2019appelle Bab\u00a0TV, BAB dans laquelle il commente le monde. \u00ab\u00a0<i>On a l\u2019impression qu\u2019il a v\u00e9cu plusieurs vies<\/i><i>\u00a0<\/i>\u00bb, pr\u00e9cise Roland Duthach. Et comme \u00e7a ne suffisait pas, il vient de cr\u00e9er une collection de v\u00eatements. Et il fait d\u00e9filer ses camarades du lyc\u00e9e Claret o\u00f9 il est actuellement scolaris\u00e9.<\/p>\n<\/p><\/div>\n<div class=\"intext\"> Histoire d\u2019un parcours\n              <\/div>\n<div class=\"paragraph\">\n<p>\u00ab\u00a0<i>Ces jeunes-l\u00e0 ne viennent pas, comme disait l\u2019autre, voler le pain au chocolat des petits Fran\u00e7ais. Ils viennent parce que leur situation personnelle a fait qu\u2019ils n\u2019ont eu que le choix de partir<\/i><i>\u00a0<\/i>\u00bb, profitent pour rappeler les militants des droits humains. Alpha \u00e9voque aussi la rencontre avec les policiers dans certains pays, les agressions subies. C\u2019est l\u2019histoire d\u2019un parcours migratoire qui se termine bien, du moins \u00e0 ce jour. Mais bient\u00f4t majeur, \u00e7a pourrait peut-\u00eatre se compliquer \u00ab\u00a0<i>vu la politique migratoire aujourd\u2019hui de l\u2019actuel gouvernement<\/i><i>\u00a0<\/i>\u00bb. \u00ab\u00a0<i>Parce qu\u2019en la mati\u00e8re, je ne sais pas ce que le Rassemblement national pourrait faire de plus si par malheur il arrivait au pouvoir<\/i><i>\u00a0<\/i>\u00bb, temp\u00eate Roland Biache. Et de poursuivre\u00a0: \u00ab\u00a0<i>Le drame dans l\u2019histoire, c\u2019est que c\u2019est une vraie perte pour son pays. On ne parle pas suffisamment de \u00e7a, je trouve. De tous ces talents oblig\u00e9s de partir pour des raisons politiques, mais qui feraient la renomm\u00e9e de leurs pays, qui feraient leur richesse<\/i>\u00a0\u00bb.<\/p>\n<p>La section de Toulon-La Seyne de la LDH est en tout cas tr\u00e8s fi\u00e8re d\u2019accompagner ce jeune homme dont on devrait continuer \u00e0 entendre parler dans le milieu de la culture et des arts.<\/p>\n<p>\u00ab\u00a0<i>Ce qui est assez exceptionnel c\u2019est qu\u2019il arrive \u00e9galement \u00e0 agr\u00e9ger les \u00e9nergies, \u00e0 agr\u00e9ger un tas de monde autour de lui qu\u2019il fait aussi avancer<\/i><i>\u00a0<\/i>\u00bb, conclut Roland Dutach. Comme ses copains de classe.<\/p>\n<p>Une force transmise par ses parents, a expliqu\u00e9 Alpha\u00a0: \u00ab\u00a0<i>Ma m\u00e8re nous r\u00e9p\u00e9tait toujours de ne jamais voir notre souffrance comme une mal\u00e9diction, mais comme une arme pour construire notre avenir. Et me disait souvent<\/i><i>\u00a0<\/i><i>:<\/i> &#8220;Sors, avance, vise haut, va jusqu\u2019aux \u00e9toiles&#8221;\u00a0\u00bb.<\/p>\n<\/p><\/div>\n<div class=\"paragraph\">\n<p>\u00ab\u00a0Ces jeunes <br \/>ne viennent pas voler le pain au chocolat des petits Fran\u00e7ais. Ils viennent parce que leur situation a fait qu\u2019ils n\u2019ont eu que le choix <br \/>de partir.\u00a0\u00bb<\/p>\n<\/p><\/div>\n","protected":false},"excerpt":{"rendered":"C&rsquo;est dans la m&eacute;diath&egrave;que du Pont du Las que les militants de la section de Toulon-La Seyne tombent sur quelques &oelig;uvres d&rsquo;Alpha Boubacar Barry. &laquo;&nbsp;J&rsquo;ai trouv&eacute; &ccedil;a int&eacute;ressant, donc &#8230;","protected":false},"author":1,"featured_media":38774,"comment_status":"open","ping_status":"open","sticky":false,"template":"","format":"standard","meta":{"footnotes":""},"categories":[3926,3925,20],"tags":[964,2012,992,1995,5910,2914,1897,3331,5499,2795,253,3580,597,31],"news-destination":[3944],"news-source":[475],"is_homepage":[],"ta_other":[],"class_list":["post-38773","post","type-post","status-publish","format-standard","has-post-thumbnail","hentry","category-accueil-merge","category-accueil-third","category-societe","tag-accompagnement","tag-aide-sociale-a-lenfance","tag-artiste","tag-bibliotheques","tag-defenseurs-des-droits","tag-droits-des-etrangers","tag-etrangers","tag-exil","tag-ligue-des-droits-de-lhomme","tag-migrants","tag-mineurs","tag-peintre","tag-toulon","tag-var","news-destination-homepage","news-source-website"],"_links":{"self":[{"href":"https:\/\/euapp01.newsmemory.com\/lamarseillaise\/news\/wp-json\/wp\/v2\/posts\/38773","targetHints":{"allow":["GET"]}}],"collection":[{"href":"https:\/\/euapp01.newsmemory.com\/lamarseillaise\/news\/wp-json\/wp\/v2\/posts"}],"about":[{"href":"https:\/\/euapp01.newsmemory.com\/lamarseillaise\/news\/wp-json\/wp\/v2\/types\/post"}],"author":[{"embeddable":true,"href":"https:\/\/euapp01.newsmemory.com\/lamarseillaise\/news\/wp-json\/wp\/v2\/users\/1"}],"replies":[{"embeddable":true,"href":"https:\/\/euapp01.newsmemory.com\/lamarseillaise\/news\/wp-json\/wp\/v2\/comments?post=38773"}],"version-history":[{"count":1,"href":"https:\/\/euapp01.newsmemory.com\/lamarseillaise\/news\/wp-json\/wp\/v2\/posts\/38773\/revisions"}],"predecessor-version":[{"id":38775,"href":"https:\/\/euapp01.newsmemory.com\/lamarseillaise\/news\/wp-json\/wp\/v2\/posts\/38773\/revisions\/38775"}],"wp:featuredmedia":[{"embeddable":true,"href":"https:\/\/euapp01.newsmemory.com\/lamarseillaise\/news\/wp-json\/wp\/v2\/media\/38774"}],"wp:attachment":[{"href":"https:\/\/euapp01.newsmemory.com\/lamarseillaise\/news\/wp-json\/wp\/v2\/media?parent=38773"}],"wp:term":[{"taxonomy":"category","embeddable":true,"href":"https:\/\/euapp01.newsmemory.com\/lamarseillaise\/news\/wp-json\/wp\/v2\/categories?post=38773"},{"taxonomy":"post_tag","embeddable":true,"href":"https:\/\/euapp01.newsmemory.com\/lamarseillaise\/news\/wp-json\/wp\/v2\/tags?post=38773"},{"taxonomy":"news-destination","embeddable":true,"href":"https:\/\/euapp01.newsmemory.com\/lamarseillaise\/news\/wp-json\/wp\/v2\/news-destination?post=38773"},{"taxonomy":"news-source","embeddable":true,"href":"https:\/\/euapp01.newsmemory.com\/lamarseillaise\/news\/wp-json\/wp\/v2\/news-source?post=38773"},{"taxonomy":"is_homepage","embeddable":true,"href":"https:\/\/euapp01.newsmemory.com\/lamarseillaise\/news\/wp-json\/wp\/v2\/is_homepage?post=38773"},{"taxonomy":"ta_other","embeddable":true,"href":"https:\/\/euapp01.newsmemory.com\/lamarseillaise\/news\/wp-json\/wp\/v2\/ta_other?post=38773"}],"curies":[{"name":"wp","href":"https:\/\/api.w.org\/{rel}","templated":true}]}}