{"id":38770,"date":"2026-08-08T06:49:00","date_gmt":"2026-08-08T04:49:00","guid":{"rendered":"https:\/\/euapp01.newsmemory.com\/lamarseillaise\/news\/?p=38770"},"modified":"2026-08-14T07:15:34","modified_gmt":"2026-08-14T05:15:34","slug":"sisteron-fiere-daccueillir-letape-du-tour-de-france-femmes-ce-samedi","status":"publish","type":"post","link":"https:\/\/euapp01.newsmemory.com\/lamarseillaise\/news\/2026\/08\/08\/sisteron-fiere-daccueillir-letape-du-tour-de-france-femmes-ce-samedi\/","title":{"rendered":"Sisteron fi\u00e8re d\u2019accueillir l\u2019\u00e9tape du Tour de France Femmes ce samedi"},"content":{"rendered":"<div class=\"paragraph\">\n<p>Ce samedi, les coureuses du Tour de France partiront de Sisteron \u00e0 13h40, avant d\u2019emprunter le pont de la Baume, puis de longer la Durance. Elles parcourront ensuite l\u2019historique route Napol\u00e9on, en passant par Malijai, Mallemoisson, Aiglun, M\u00e9zel&#8230; Le maire de Sisteron, Jean-Pierre Templier, esp\u00e8re des \u00ab\u00a0<i>retomb\u00e9es \u00e9conomiques et en termes d\u2019image<\/i><i>\u00a0<\/i>\u00bb et \u00ab\u00a0<i>faire conna\u00eetre la ville de Sisteron<\/i><i>\u00a0<\/i>\u00bb. \u00ab\u00a0<i>Faire parler de soi dans le monde entier, c\u2019est l\u2019avantage de cette \u00e9preuve<\/i><i>\u00a0<\/i>\u00bb, avance Philippe Dubernard, coordinateur de l\u2019accueil du d\u00e9part de l\u2019\u00e9tape pour la ville de Sisteron.<\/p>\n<p>De nombreuses perturbations et fermetures de routes sont pr\u00e9vues sur le parcours de la course, entre 11h et 15h. Pour certains endroits dans le centre-ville de Sisteron, la circulation sera interdite d\u00e8s 4h du matin pour permettre la pose des barri\u00e8res sur pr\u00e8s de 2\u00a0km. Le pont de la Baume fermera lui \u00e0\u00a011h pour laisser passer la caravane du Tour, vers 11h45. Les parkings du centre-ville \u00e9taient d\u00e9j\u00e0 vid\u00e9s vendredi, pour laisser place \u00e0 l\u2019am\u00e9nagement notamment de la fan zone. La place de la R\u00e9publique accueillera le village VIP, r\u00e9serv\u00e9 aux personnes accr\u00e9dit\u00e9es, avec le podium signatures. Les coureuses monteront sur le podium, avant de se ranger sur la ligne de d\u00e9part. \u00ab\u00a0<i>Il a fallu adapter le dispositif mis en place, d\u2019autant plus que cette ann\u00e9e, pour la premi\u00e8re fois, le Tour propose des fan zones avec des stands<\/i><i>\u00a0<\/i>\u00bb, explique Philippe Dubernard. La Ville, la communaut\u00e9 de communes et le d\u00e9partement ont d\u00fb d\u00e9bourser 60\u00a0000\u00a0euros pour accueillir cette \u00e9tape.<\/p>\n<\/p><\/div>\n","protected":false},"excerpt":{"rendered":"Ce samedi, les coureuses du Tour de France partiront de Sisteron &agrave; 13h40, avant d&rsquo;emprunter le pont de la Baume, puis de longer la Durance. Elles parcourront ensuite l&rsquo;historique route Napol&eacute;on, en passant par Malijai, &#8230;","protected":false},"author":1,"featured_media":38771,"comment_status":"open","ping_status":"open","sticky":false,"template":"","format":"standard","meta":{"footnotes":""},"categories":[3926,3925,20,7],"tags":[4768,4467,1149,4039,1144,118,51,394,3254,347],"news-destination":[3944],"news-source":[475],"is_homepage":[],"ta_other":[],"class_list":["post-38770","post","type-post","status-publish","format-standard","has-post-thumbnail","hentry","category-accueil-merge","category-accueil-third","category-societe","category-sports","tag-alpes","tag-alpes-de-haute-provence","tag-course","tag-course-cycliste","tag-cyclisme","tag-economie","tag-societe","tag-sport","tag-tour-de-france-feminin","tag-tourisme","news-destination-homepage","news-source-website"],"_links":{"self":[{"href":"https:\/\/euapp01.newsmemory.com\/lamarseillaise\/news\/wp-json\/wp\/v2\/posts\/38770","targetHints":{"allow":["GET"]}}],"collection":[{"href":"https:\/\/euapp01.newsmemory.com\/lamarseillaise\/news\/wp-json\/wp\/v2\/posts"}],"about":[{"href":"https:\/\/euapp01.newsmemory.com\/lamarseillaise\/news\/wp-json\/wp\/v2\/types\/post"}],"author":[{"embeddable":true,"href":"https:\/\/euapp01.newsmemory.com\/lamarseillaise\/news\/wp-json\/wp\/v2\/users\/1"}],"replies":[{"embeddable":true,"href":"https:\/\/euapp01.newsmemory.com\/lamarseillaise\/news\/wp-json\/wp\/v2\/comments?post=38770"}],"version-history":[{"count":1,"href":"https:\/\/euapp01.newsmemory.com\/lamarseillaise\/news\/wp-json\/wp\/v2\/posts\/38770\/revisions"}],"predecessor-version":[{"id":38772,"href":"https:\/\/euapp01.newsmemory.com\/lamarseillaise\/news\/wp-json\/wp\/v2\/posts\/38770\/revisions\/38772"}],"wp:featuredmedia":[{"embeddable":true,"href":"https:\/\/euapp01.newsmemory.com\/lamarseillaise\/news\/wp-json\/wp\/v2\/media\/38771"}],"wp:attachment":[{"href":"https:\/\/euapp01.newsmemory.com\/lamarseillaise\/news\/wp-json\/wp\/v2\/media?parent=38770"}],"wp:term":[{"taxonomy":"category","embeddable":true,"href":"https:\/\/euapp01.newsmemory.com\/lamarseillaise\/news\/wp-json\/wp\/v2\/categories?post=38770"},{"taxonomy":"post_tag","embeddable":true,"href":"https:\/\/euapp01.newsmemory.com\/lamarseillaise\/news\/wp-json\/wp\/v2\/tags?post=38770"},{"taxonomy":"news-destination","embeddable":true,"href":"https:\/\/euapp01.newsmemory.com\/lamarseillaise\/news\/wp-json\/wp\/v2\/news-destination?post=38770"},{"taxonomy":"news-source","embeddable":true,"href":"https:\/\/euapp01.newsmemory.com\/lamarseillaise\/news\/wp-json\/wp\/v2\/news-source?post=38770"},{"taxonomy":"is_homepage","embeddable":true,"href":"https:\/\/euapp01.newsmemory.com\/lamarseillaise\/news\/wp-json\/wp\/v2\/is_homepage?post=38770"},{"taxonomy":"ta_other","embeddable":true,"href":"https:\/\/euapp01.newsmemory.com\/lamarseillaise\/news\/wp-json\/wp\/v2\/ta_other?post=38770"}],"curies":[{"name":"wp","href":"https:\/\/api.w.org\/{rel}","templated":true}]}}