{"id":38764,"date":"2026-08-08T06:50:00","date_gmt":"2026-08-08T04:50:00","guid":{"rendered":"https:\/\/euapp01.newsmemory.com\/lamarseillaise\/news\/?p=38764"},"modified":"2026-08-14T07:15:33","modified_gmt":"2026-08-14T05:15:33","slug":"lorganisation-du-delta-festival-placee-en-liquidation-judiciaire","status":"publish","type":"post","link":"https:\/\/euapp01.newsmemory.com\/lamarseillaise\/news\/2026\/08\/08\/lorganisation-du-delta-festival-placee-en-liquidation-judiciaire\/","title":{"rendered":"L\u2019organisation du Delta festival plac\u00e9e en liquidation judiciaire"},"content":{"rendered":"<div class=\"paragraph\">\n<p>Douze ans apr\u00e8s sa cr\u00e9ation sur les plages du Prado, l\u2019organisation du Delta Festival a annonc\u00e9 dans un communiqu\u00e9 que le tribunal avait prononc\u00e9 ce vendredi la liquidation judiciaire de la SAS Delta Agency, soci\u00e9t\u00e9 organisatrice de ce qui est devenu l\u2019un des plus importants festivals de musiques actuelles du sud de la France.<\/p>\n<p>Fond\u00e9 en 2014 par les Marseillais Matthieu Predal et Olivier Ledot, alors \u00e9tudiants, le Delta Festival s\u2019est progressivement impos\u00e9 dans le paysage culturel national. \u00c9lectro, rap, pop et musiques actuelles s\u2019y sont succ\u00e9d\u00e9 au fil des \u00e9ditions avec des artistes comme DJ Snake, David Guetta, Martin Garrix, Damso, Soprano ou Ang\u00e8le et jusqu\u2019\u00e0 150\u00a0000\u00a0festivaliers. M\u00eame si la billetterie au rabais des derni\u00e8res semaines (un pass achet\u00e9 pour un pass offert) ne laissait rien pr\u00e9sager de bon, cette liquidation intervient apr\u00e8s une ann\u00e9e 2026 mouvement\u00e9e.<\/p>\n<p>\u00c0 quelques jours de l\u2019\u00e9dition 2026, une s\u00e9rie de t\u00e9moignages de femmes accusant Olivier Ledot, cofondateur et pr\u00e9sident du festival, de violences sexuelles pr\u00e9sum\u00e9es ont entra\u00een\u00e9 le retrait de plusieurs collectifs partenaires et la d\u00e9programmation d\u2019artistes. Apr\u00e8s la mise en retrait d\u2019Olivier Ledot et l\u2019ouverture d\u2019une enqu\u00eate ind\u00e9pendante, le festival s\u2019\u00e9tait maintenu du 23\u00a0au 26\u00a0juillet.<\/p>\n<\/p><\/div>\n<div class=\"intext\"> Situation \u00e9conomique impossible \u00e0 surmonter\n              <\/div>\n<div class=\"paragraph\">\n<p>Dans un message intitul\u00e9 \u00ab\u00a0<i>On voulait vous \u00e9crire une derni\u00e8re fois<\/i>\u00a0\u00bb, l\u2019\u00e9quipe rappelle les difficult\u00e9s accumul\u00e9es ces derni\u00e8res ann\u00e9es\u00a0: \u00ab\u00a0<i>Les annulations li\u00e9es au Covid en 2020, la temp\u00eate de 2023, les inondations exceptionnelles de 2024, le mistral de 2025, puis des gr\u00ealons de la taille de balles de tennis le samedi 25<\/i><i>\u00a0<\/i><i>juillet 2026. Nous avons tout affront\u00e9, tout encaiss\u00e9, sans jamais rien l\u00e2cher<\/i><i>\u00a0<\/i>\u00bb, \u00e9crit-elle. Mais selon l\u2019organisation, \u00ab\u00a0<i>l\u2019ampleur nationale<\/i><i>\u00a0<\/i>\u00bb de l\u2019affaire Ledot, les annulations d\u2019artistes et de la journ\u00e9e du samedi \u00ab\u00a0<i>journ\u00e9e de plus forte affluence<\/i><i>\u00a0<\/i>\u00bb<i> <\/i>ont men\u00e9 \u00e0 \u00ab<i>\u00a0<\/i><i>une situation \u00e9conomique devenue impossible \u00e0 surmonter<\/i><i>\u00a0<\/i>\u00bb.<\/p>\n<p>La liquidation a des cons\u00e9quences sociales importantes. \u00ab\u00a0<i>23<\/i><i>\u00a0<\/i><i>personnes vont \u00eatre licenci\u00e9es pour motif \u00e9conomique<\/i>\u00a0\u00bb, pr\u00e9cise le communiqu\u00e9. L\u2019organisation rappelle aussi que chaque \u00e9dition faisait travailler des centaines de techniciens, intermittents, agents de s\u00e9curit\u00e9, restaurateurs, fournisseurs et associations&#8230;<\/p>\n<p>Les cr\u00e9anciers, y compris les festivaliers concern\u00e9s par l\u2019annulation du 25\u00a0juillet, disposent d\u00e9sormais de deux mois pour d\u00e9clarer leur cr\u00e9ance. Pour autant, la page n\u2019est peut-\u00eatre pas totalement tourn\u00e9e. Une reprise reste juridiquement possible et pourrait faire revivre une marque devenue embl\u00e9matique de l\u2019\u00e9t\u00e9 marseillais.<\/p>\n<\/p><\/div>\n","protected":false},"excerpt":{"rendered":"Douze ans apr&egrave;s sa cr&eacute;ation sur les plages du Prado, l&rsquo;organisation du Delta Festival a annonc&eacute; dans un communiqu&eacute; que le tribunal avait prononc&eacute; ce vendredi la liquidation judiciaire de la SAS Delta Agency, &#8230;","protected":false},"author":1,"featured_media":38765,"comment_status":"open","ping_status":"open","sticky":false,"template":"","format":"standard","meta":{"footnotes":""},"categories":[3926,3925,20],"tags":[3849,138,10,1270,947,1272,1130,4951,1574,16,1251,3189,5236,1304],"news-destination":[3944],"news-source":[475],"is_homepage":[],"ta_other":[],"class_list":["post-38764","post","type-post","status-publish","format-standard","has-post-thumbnail","hentry","category-accueil-merge","category-accueil-third","category-societe","tag-agents-de-securite","tag-associations","tag-bouches-du-rhone","tag-delta-festival","tag-edition","tag-electro","tag-inondations","tag-intermittents","tag-liquidation-judiciaire","tag-marseille","tag-pop","tag-rap","tag-tempete","tag-violences-sexuelles","news-destination-homepage","news-source-website"],"_links":{"self":[{"href":"https:\/\/euapp01.newsmemory.com\/lamarseillaise\/news\/wp-json\/wp\/v2\/posts\/38764","targetHints":{"allow":["GET"]}}],"collection":[{"href":"https:\/\/euapp01.newsmemory.com\/lamarseillaise\/news\/wp-json\/wp\/v2\/posts"}],"about":[{"href":"https:\/\/euapp01.newsmemory.com\/lamarseillaise\/news\/wp-json\/wp\/v2\/types\/post"}],"author":[{"embeddable":true,"href":"https:\/\/euapp01.newsmemory.com\/lamarseillaise\/news\/wp-json\/wp\/v2\/users\/1"}],"replies":[{"embeddable":true,"href":"https:\/\/euapp01.newsmemory.com\/lamarseillaise\/news\/wp-json\/wp\/v2\/comments?post=38764"}],"version-history":[{"count":1,"href":"https:\/\/euapp01.newsmemory.com\/lamarseillaise\/news\/wp-json\/wp\/v2\/posts\/38764\/revisions"}],"predecessor-version":[{"id":38766,"href":"https:\/\/euapp01.newsmemory.com\/lamarseillaise\/news\/wp-json\/wp\/v2\/posts\/38764\/revisions\/38766"}],"wp:featuredmedia":[{"embeddable":true,"href":"https:\/\/euapp01.newsmemory.com\/lamarseillaise\/news\/wp-json\/wp\/v2\/media\/38765"}],"wp:attachment":[{"href":"https:\/\/euapp01.newsmemory.com\/lamarseillaise\/news\/wp-json\/wp\/v2\/media?parent=38764"}],"wp:term":[{"taxonomy":"category","embeddable":true,"href":"https:\/\/euapp01.newsmemory.com\/lamarseillaise\/news\/wp-json\/wp\/v2\/categories?post=38764"},{"taxonomy":"post_tag","embeddable":true,"href":"https:\/\/euapp01.newsmemory.com\/lamarseillaise\/news\/wp-json\/wp\/v2\/tags?post=38764"},{"taxonomy":"news-destination","embeddable":true,"href":"https:\/\/euapp01.newsmemory.com\/lamarseillaise\/news\/wp-json\/wp\/v2\/news-destination?post=38764"},{"taxonomy":"news-source","embeddable":true,"href":"https:\/\/euapp01.newsmemory.com\/lamarseillaise\/news\/wp-json\/wp\/v2\/news-source?post=38764"},{"taxonomy":"is_homepage","embeddable":true,"href":"https:\/\/euapp01.newsmemory.com\/lamarseillaise\/news\/wp-json\/wp\/v2\/is_homepage?post=38764"},{"taxonomy":"ta_other","embeddable":true,"href":"https:\/\/euapp01.newsmemory.com\/lamarseillaise\/news\/wp-json\/wp\/v2\/ta_other?post=38764"}],"curies":[{"name":"wp","href":"https:\/\/api.w.org\/{rel}","templated":true}]}}