{"id":38761,"date":"2026-08-08T06:47:00","date_gmt":"2026-08-08T04:47:00","guid":{"rendered":"https:\/\/euapp01.newsmemory.com\/lamarseillaise\/news\/?p=38761"},"modified":"2026-08-14T07:02:13","modified_gmt":"2026-08-14T05:02:13","slug":"une-geante-soffre-le-geant-de-provence","status":"publish","type":"post","link":"https:\/\/euapp01.newsmemory.com\/lamarseillaise\/news\/2026\/08\/08\/une-geante-soffre-le-geant-de-provence\/","title":{"rendered":"Une g\u00e9ante s\u2019offre le G\u00e9ant de Provence"},"content":{"rendered":"<div class=\"paragraph\">\n<p>Elles l\u2019ont fait. Les coureuses du Tour F\u00e9minin se sont lanc\u00e9es \u00e0 l\u2019assaut du Mont Ventoux.<\/p>\n<p>Pour les recevoir, le comit\u00e9 d\u2019accueil de centaines de fans s\u2019\u00e9tait lev\u00e9 aux aurores, pour rejoindre le sommet. Certains y allant m\u00eame \u00e0 pied.<\/p>\n<p>\u00c0 l\u2019approche du sommet, alors que les derniers pr\u00e9paratifs de la ligne d\u2019arriv\u00e9e sont en cours, c\u2019est un arc-en-ciel de maillots, de toutes les origines, qui tente de se frayer un chemin. Il y a m\u00eame un porteur du maillot jaune, au nom de Bernard Hinault, qui parvient \u00e0 atteindre la fameuse ligne.<\/p>\n<p>Un peu plus loin, Fred, retrouve Zdenek. Le Grenoblois est un fan absolu de Pauline Ferrand-Pr\u00e9vot. Le Suisse, originaire de Fribourg, l\u2019est \u00e9galement en temps normal. \u00ab\u00a0<i>Mais avec une compatriote en jaune, je suis oblig\u00e9 de changer<\/i>\u00a0\u00bb, confesse-t-il. Les deux hommes se sont connus sur le Tour\u00a02025, \u00e0 Ch\u00e2tel. Ils se sont retrouv\u00e9s, par hasard, au sommet du Mont Ventoux. Ensemble, ils vont se m\u00ealer \u00e0 ceux qui ont pu rejoindre les derniers hectom\u00e8tres.<\/p>\n<p>\u00c0 v\u00e9los ou \u00e0 pied, ils sont partis de bonne heure. Bien plus t\u00f4t que le peloton, qui a quitt\u00e9 La Voulte peu apr\u00e8s midi pour traverser la Dr\u00f4me et le Vaucluse, avant d\u2019attaquer les lacets \u00e0 l\u2019assaut du Mont Chauve et son sommet min\u00e9ral.<\/p>\n<p>Parmi les spectateurs anonymes, Jeannie Longo a fait le voyage depuis Sanary o\u00f9 la Haute-Savoyarde est d\u00e9sormais r\u00e9sidente. Pour celle qui a gagn\u00e9 trois fois le Tour f\u00e9minin, dans sa version initiale, \u00ab\u00a0<i>c\u2019est un bonheur d\u2019\u00eatre ici. Cela l\u2019est encore plus de voir que le peloton f\u00e9minin y revient enfin.<\/i><i>\u00a0<\/i>\u00bb Pour elle, \u00ab\u00a0<i>le Ventoux est id\u00e9al sur une course comme le Tour. Il permet aux vraies grimpeuses de se montrer. Sur le Tour de cette ann\u00e9e, ces 20<\/i><i>\u00a0<\/i><i>kilom\u00e8tres ont \u00e9t\u00e9 le seul tron\u00e7on o\u00f9 elles ont pu s\u2019exprimer<\/i>\u00a0\u00bb.<\/p>\n<p>Pour la championne, \u00ab\u00a0<i>voir le peloton f\u00e9minin revenir ici, c\u2019est un tr\u00e8s beau symbole, comme j\u2019appr\u00e9cie qu\u2019il y ait de plus en plus de femmes \u00e0 courir. Et que ce serait bien de leur proposer des structures adapt\u00e9es, en ne misant pas que sur le tr\u00e8s haut niveau<\/i><i>\u00a0<\/i>\u00bb. Elle rappelle au passage que le Tour, dans sa premi\u00e8re version, y \u00e9tait d\u00e9j\u00e0 venu. Quant \u00e0 la course du jour, elle estimait avant le d\u00e9part que \u00ab\u00a0<i>cette \u00e9tape ne sera pas d\u00e9cisive, mais elle devrait peut-\u00eatre redistribuer les cartes du c\u00f4t\u00e9 des favorites<\/i><i>\u00a0<\/i>\u00bb.<\/p>\n<\/p><\/div>\n<div class=\"intext\"> Reusser craque \u00e0 son tour\n              <\/div>\n<div class=\"paragraph\">\n<p>C\u00f4t\u00e9 course, le peloton a chemin\u00e9 jusqu\u2019\u00e0 l\u2019approche du juge de paix. C\u2019est l\u00e0 que le maillot jaune Marlen Reusser a port\u00e9 son attaque, suivie par ses deux plus dangereuses rivales, Demi Vollering et Kasia Niewiadowa. Les trois championnes creusaient l\u2019\u00e9cart, tandis que la fran\u00e7aise Pauline Ferrand-Pr\u00e9vot \u00e9tait rapidement l\u00e2ch\u00e9e par le peloton.<\/p>\n<p>Devant, les trois leaders se d\u00e9tachaient. \u00c0 neuf kilom\u00e8tres de l\u2019arriv\u00e9e, Kasia Niewiadoma, troisi\u00e8me au g\u00e9n\u00e9ral, pla\u00e7ait une acc\u00e9l\u00e9ration \u00e0 laquelle ses compagnes tardaient \u00e0 r\u00e9agir. La Polonaise, victorieuse du Tour en 2024, finissait en v\u00e9ritable g\u00e9ante, augmentant son avance \u00e0 chaque jalon kilom\u00e9trique. \u00c0 quatre kilom\u00e8tres, elle \u00e9tait virtuellement maillot jaune. Tunique qu\u2019elle endossera au final, apr\u00e8s s\u2019\u00eatre adjug\u00e9 l\u2019\u00e9tape, une premi\u00e8re pour elle. Avec les bonifications, Kasia Niewiadoma compte quinze secondes d\u2019avance sur Demi Vollering, qui reste dauphine. Marlen Reusser ayant craqu\u00e9 dans les derniers hectom\u00e8tres.<\/p>\n<p>Jeannie Longo l\u2019avait pr\u00e9dit, les favorites ont r\u00e9pondu \u00e0 ses attentes. Il lui reste maintenant deux \u00e9tapes pour d\u00e9fendre un maillot jaune, qu\u2019elle a d\u00e9j\u00e0 conquis en 2024. Mais cette fois, la Polonaise est all\u00e9e chercher une victoire, sa premi\u00e8re dans le Tour. Et quelle victoire. Puisqu\u2019elle l\u2019a fait entrer dans la l\u00e9gende.<\/p>\n<\/p><\/div>\n<div class=\"paragraph\">\n<p>\u00ab\u00a0Cette \u00e9tape <br \/>ne devrait pas \u00eatre d\u00e9cisive mais pourrait redistribuer <br \/>les cartes <br \/>des favorites\u00a0\u00bb<\/p>\n<\/p><\/div>\n","protected":false},"excerpt":{"rendered":"Elles l&rsquo;ont fait. Les coureuses du Tour F&eacute;minin se sont lanc&eacute;es &agrave; l&rsquo;assaut du Mont Ventoux.Pour les recevoir, le comit&eacute; d&rsquo;accueil de centaines de fans s&rsquo;&eacute;tait lev&eacute; aux aurores, pour &#8230;","protected":false},"author":1,"featured_media":38762,"comment_status":"open","ping_status":"open","sticky":false,"template":"","format":"standard","meta":{"footnotes":""},"categories":[3926,3925,7],"tags":[171],"news-destination":[3944],"news-source":[475],"is_homepage":[],"ta_other":[],"class_list":["post-38761","post","type-post","status-publish","format-standard","has-post-thumbnail","hentry","category-accueil-merge","category-accueil-third","category-sports","tag-vaucluse","news-destination-homepage","news-source-website"],"_links":{"self":[{"href":"https:\/\/euapp01.newsmemory.com\/lamarseillaise\/news\/wp-json\/wp\/v2\/posts\/38761","targetHints":{"allow":["GET"]}}],"collection":[{"href":"https:\/\/euapp01.newsmemory.com\/lamarseillaise\/news\/wp-json\/wp\/v2\/posts"}],"about":[{"href":"https:\/\/euapp01.newsmemory.com\/lamarseillaise\/news\/wp-json\/wp\/v2\/types\/post"}],"author":[{"embeddable":true,"href":"https:\/\/euapp01.newsmemory.com\/lamarseillaise\/news\/wp-json\/wp\/v2\/users\/1"}],"replies":[{"embeddable":true,"href":"https:\/\/euapp01.newsmemory.com\/lamarseillaise\/news\/wp-json\/wp\/v2\/comments?post=38761"}],"version-history":[{"count":1,"href":"https:\/\/euapp01.newsmemory.com\/lamarseillaise\/news\/wp-json\/wp\/v2\/posts\/38761\/revisions"}],"predecessor-version":[{"id":38763,"href":"https:\/\/euapp01.newsmemory.com\/lamarseillaise\/news\/wp-json\/wp\/v2\/posts\/38761\/revisions\/38763"}],"wp:featuredmedia":[{"embeddable":true,"href":"https:\/\/euapp01.newsmemory.com\/lamarseillaise\/news\/wp-json\/wp\/v2\/media\/38762"}],"wp:attachment":[{"href":"https:\/\/euapp01.newsmemory.com\/lamarseillaise\/news\/wp-json\/wp\/v2\/media?parent=38761"}],"wp:term":[{"taxonomy":"category","embeddable":true,"href":"https:\/\/euapp01.newsmemory.com\/lamarseillaise\/news\/wp-json\/wp\/v2\/categories?post=38761"},{"taxonomy":"post_tag","embeddable":true,"href":"https:\/\/euapp01.newsmemory.com\/lamarseillaise\/news\/wp-json\/wp\/v2\/tags?post=38761"},{"taxonomy":"news-destination","embeddable":true,"href":"https:\/\/euapp01.newsmemory.com\/lamarseillaise\/news\/wp-json\/wp\/v2\/news-destination?post=38761"},{"taxonomy":"news-source","embeddable":true,"href":"https:\/\/euapp01.newsmemory.com\/lamarseillaise\/news\/wp-json\/wp\/v2\/news-source?post=38761"},{"taxonomy":"is_homepage","embeddable":true,"href":"https:\/\/euapp01.newsmemory.com\/lamarseillaise\/news\/wp-json\/wp\/v2\/is_homepage?post=38761"},{"taxonomy":"ta_other","embeddable":true,"href":"https:\/\/euapp01.newsmemory.com\/lamarseillaise\/news\/wp-json\/wp\/v2\/ta_other?post=38761"}],"curies":[{"name":"wp","href":"https:\/\/api.w.org\/{rel}","templated":true}]}}