{"id":38758,"date":"2026-08-08T06:49:00","date_gmt":"2026-08-08T04:49:00","guid":{"rendered":"https:\/\/euapp01.newsmemory.com\/lamarseillaise\/news\/?p=38758"},"modified":"2026-08-14T07:15:33","modified_gmt":"2026-08-14T05:15:33","slug":"a-saint-louis-le-futur-data-center-depasse-les-seuils","status":"publish","type":"post","link":"https:\/\/euapp01.newsmemory.com\/lamarseillaise\/news\/2026\/08\/08\/a-saint-louis-le-futur-data-center-depasse-les-seuils\/","title":{"rendered":"\u00c0 Saint-Louis, le futur data center d\u00e9passe les seuils"},"content":{"rendered":"<div class=\"paragraph\">\n<p>La ru\u00e9e des centres de donn\u00e9es vers Marseille ne s\u2019arr\u00eate pas. Tandis que s\u2019ach\u00e8ve la construction du MRS5 de Digital Realty sur les emprises du grand port maritime le long de l\u2019A55, un data center de taille \u00e9quivalente doit voir le jour sur l\u2019ancienne friche industrielle de Saint-Louis Sucre, dans le 15<sup>e<\/sup>\u00a0arrondissement de Marseille. Port\u00e9 par le groupe \u00e9tats-unien Edged Energy cofond\u00e9 en\u00a02019 par le groupe Koch, ce projet \u00e0 300\u00a0millions d\u2019euros vient se greffer \u00e0 la cr\u00e9ation d\u2019une cit\u00e9 du cin\u00e9ma par l\u2019entreprise mart\u00e9gale des Studios de la M\u00e9diterran\u00e9e (<a href=\"https:\/\/www.lamarseillaise.fr\/societe\/dans-l-ex-sucriere-saint-louis-on-se-fait-deja-des-films-ML16849137\">notre \u00e9dition du 08\/10\/2024<\/a>), ainsi que d\u2019un centre logistique, sur 4,6\u00a0hectares de la friche.<\/p>\n<p>Le mardi 21\u00a0juillet, la pr\u00e9fecture a fix\u00e9 au 24\u00a0ao\u00fbt prochain le d\u00e9but d\u2019une consultation publique de trois mois afin de pouvoir d\u00e9livrer l\u2019autorisation environnementale pour le centre de donn\u00e9es. Une demande de permis de construire conjointe avec le projet de cit\u00e9 de cin\u00e9ma a d\u2019ores et d\u00e9j\u00e0 \u00e9t\u00e9 d\u00e9pos\u00e9e aupr\u00e8s de la municipalit\u00e9, le 8\u00a0ao\u00fbt 2025, port\u00e9e par les Studios de la M\u00e9diterran\u00e9e au travers de la Fonci\u00e8re Saint-Louis. \u00ab\u00a0<i>Notre objectif est de cr\u00e9er un studio 2.0 qui ait tout ce dont les productions ont besoin, du tournage \u00e0 la postproduction et donc au stockage des donn\u00e9es<\/i>\u00a0\u00bb,<i> <\/i>justifiait son directeur g\u00e9n\u00e9ral Micha\u00ebl Ristorcelli aupr\u00e8s de nos confr\u00e8res de Marsactu au mois d\u2019avril dernier. De quoi, surtout, \u00e9quilibrer ce chantier \u00e0 68\u00a0millions d\u2019euros\u00a0: tandis que l\u2019entreprise a re\u00e7u 27\u00a0millions de subsides publics du Centre national du cin\u00e9ma (CNC), le site d\u2019information r\u00e9v\u00e9lait que la Fonci\u00e8re percevrait 43\u00a0millions d\u2019euros de la part d\u2019Edged Energy pour l\u2019exploitation sur cinquante ans de son data center.<\/p>\n<p>Pr\u00e9vu pour \u00eatre livr\u00e9 fin\u00a02028 avec un chantier engag\u00e9 avant la fin de l\u2019ann\u00e9e selon la note de pr\u00e9sentation non technique consult\u00e9e par <i>La<\/i><i>\u00a0<\/i><i>Marseillaise<\/i>, le centre de donn\u00e9es doit occuper une surface de plancher de 21\u00a0900\u00a0m\u00b2 sur trois \u00e9tages, avec la cr\u00e9ation de 30\u00a0emplois directs. Tandis que l\u2019entreprise promet l\u2019installation de plantes grimpantes et de panneaux photovolta\u00efques sur sa fa\u00e7ade haute de 33\u00a0m\u00e8tres, \u00ab\u00a0<i>les b\u00e2timents historiques de l\u2019usine Saint-Louis seront en partie conserv\u00e9s et r\u00e9habilit\u00e9s<\/i><i>\u00a0<\/i>\u00bb, esquisse aussi la pr\u00e9sentation. Ordonn\u00e9es en 2021 par la pr\u00e9fecture, les d\u00e9molitions \u00ab\u00a0<i>ill\u00e9gales<\/i><i>\u00a0<\/i>\u00bb d\u2019\u00e9l\u00e9ments patrimoniaux class\u00e9s remarquables de l\u2019usine historique ont \u00e9t\u00e9 interdites par la municipalit\u00e9 en\u00a02024. Mais tandis que 12\u00a0groupes \u00e9lectrog\u00e8nes de secours d\u2019une puissance \u00e9lectrique de 98\u00a0m\u00e9gawatts doivent \u00eatre install\u00e9s sur le data center, \u00ab\u00a0<i>les risques sanitaires aigus induits par les rejets atmosph\u00e9riques du site sont non significatifs<\/i><i>\u00a0<\/i>\u00bb, promet l\u2019entreprise \u00e9tats-unienne, qui assure aussi travailler avec la municipalit\u00e9 pour r\u00e9cup\u00e9rer la chaleur fatale des serveurs.<\/p>\n<\/p><\/div>\n<div class=\"intext\"> Plafond sans contrainte\n              <\/div>\n<div class=\"paragraph\">\n<p>Surtout, la soci\u00e9t\u00e9 indique aupr\u00e8s de <i>La<\/i><i>\u00a0<\/i><i>Marseillaise <\/i>vouloir installer l\u00e0 une puissance informatique totale de 20\u00a0m\u00e9gawatts. Une puissance largement sup\u00e9rieure au plafond pos\u00e9 dans le sch\u00e9ma d\u2019orientations de la M\u00e9tropole \u00ab\u00a0pour un accueil vertueux des data centers\u00a0\u00bb vot\u00e9 le 1<sup>er<\/sup>\u00a0juillet 2025. \u00ab\u00a0<i>En tissu urbain dense, seuls les projets en dessous de 12MW seront \u00e9tudi\u00e9s<\/i><i>\u00a0<\/i>\u00bb, posait l\u2019institution (<a href=\"https:\/\/www.lamarseillaise.fr\/economie\/des-pistes-pour-mieux-reguler-les-centres-de-donnees-FM18417705\">notre \u00e9dition du 26\/06\/25<\/a>), dans un document certes non contraignant face aux carences de la l\u00e9gislation. \u00ab\u00a0<i>Nous sommes en dialogue constant avec les diff\u00e9rents services instructeurs, dont ceux de la M\u00e9tropole, dans le cadre de l\u2019instruction du projet<\/i><i>\u00a0<\/i>\u00bb, r\u00e9pond Edged Energy en renvoyant vers la future consultation publique. Quant \u00e0 la municipalit\u00e9 qui doit d\u00e9livrer les autorisations d\u2019urbanisme, elle \u00e9vacue rapidement\u00a0: \u00ab\u00a0<i>Le permis de construire est en cours d\u2019instruction et il n\u2019est donc pas possible de communiquer sur le sujet<\/i><i>\u00a0<\/i>\u00bb.<\/p>\n<\/p><\/div>\n<div class=\"paragraph\">\n<p>\u00ab Nous sommes en dialogue constant avec les diff\u00e9rents services instructeurs. \u00bb<\/p>\n<\/p><\/div>\n","protected":false},"excerpt":{"rendered":"La ru&eacute;e des centres de donn&eacute;es vers Marseille ne s&rsquo;arr&ecirc;te pas. Tandis que s&rsquo;ach&egrave;ve la construction du MRS5 de Digital Realty sur les emprises du grand port maritime le long de l&rsquo;A55, un data center de &#8230;","protected":false},"author":1,"featured_media":38759,"comment_status":"open","ping_status":"open","sticky":false,"template":"","format":"standard","meta":{"footnotes":""},"categories":[3926,3925,338,20],"tags":[10,3277,1782,16,1468],"news-destination":[3944],"news-source":[475],"is_homepage":[],"ta_other":[],"class_list":["post-38758","post","type-post","status-publish","format-standard","has-post-thumbnail","hentry","category-accueil-merge","category-accueil-third","category-economie","category-societe","tag-bouches-du-rhone","tag-data-centers","tag-informatique","tag-marseille","tag-numerique","news-destination-homepage","news-source-website"],"_links":{"self":[{"href":"https:\/\/euapp01.newsmemory.com\/lamarseillaise\/news\/wp-json\/wp\/v2\/posts\/38758","targetHints":{"allow":["GET"]}}],"collection":[{"href":"https:\/\/euapp01.newsmemory.com\/lamarseillaise\/news\/wp-json\/wp\/v2\/posts"}],"about":[{"href":"https:\/\/euapp01.newsmemory.com\/lamarseillaise\/news\/wp-json\/wp\/v2\/types\/post"}],"author":[{"embeddable":true,"href":"https:\/\/euapp01.newsmemory.com\/lamarseillaise\/news\/wp-json\/wp\/v2\/users\/1"}],"replies":[{"embeddable":true,"href":"https:\/\/euapp01.newsmemory.com\/lamarseillaise\/news\/wp-json\/wp\/v2\/comments?post=38758"}],"version-history":[{"count":1,"href":"https:\/\/euapp01.newsmemory.com\/lamarseillaise\/news\/wp-json\/wp\/v2\/posts\/38758\/revisions"}],"predecessor-version":[{"id":38760,"href":"https:\/\/euapp01.newsmemory.com\/lamarseillaise\/news\/wp-json\/wp\/v2\/posts\/38758\/revisions\/38760"}],"wp:featuredmedia":[{"embeddable":true,"href":"https:\/\/euapp01.newsmemory.com\/lamarseillaise\/news\/wp-json\/wp\/v2\/media\/38759"}],"wp:attachment":[{"href":"https:\/\/euapp01.newsmemory.com\/lamarseillaise\/news\/wp-json\/wp\/v2\/media?parent=38758"}],"wp:term":[{"taxonomy":"category","embeddable":true,"href":"https:\/\/euapp01.newsmemory.com\/lamarseillaise\/news\/wp-json\/wp\/v2\/categories?post=38758"},{"taxonomy":"post_tag","embeddable":true,"href":"https:\/\/euapp01.newsmemory.com\/lamarseillaise\/news\/wp-json\/wp\/v2\/tags?post=38758"},{"taxonomy":"news-destination","embeddable":true,"href":"https:\/\/euapp01.newsmemory.com\/lamarseillaise\/news\/wp-json\/wp\/v2\/news-destination?post=38758"},{"taxonomy":"news-source","embeddable":true,"href":"https:\/\/euapp01.newsmemory.com\/lamarseillaise\/news\/wp-json\/wp\/v2\/news-source?post=38758"},{"taxonomy":"is_homepage","embeddable":true,"href":"https:\/\/euapp01.newsmemory.com\/lamarseillaise\/news\/wp-json\/wp\/v2\/is_homepage?post=38758"},{"taxonomy":"ta_other","embeddable":true,"href":"https:\/\/euapp01.newsmemory.com\/lamarseillaise\/news\/wp-json\/wp\/v2\/ta_other?post=38758"}],"curies":[{"name":"wp","href":"https:\/\/api.w.org\/{rel}","templated":true}]}}