{"id":38751,"date":"2026-08-07T09:44:00","date_gmt":"2026-08-07T07:44:00","guid":{"rendered":"https:\/\/euapp01.newsmemory.com\/lamarseillaise\/news\/?p=38751"},"modified":"2026-08-07T10:03:45","modified_gmt":"2026-08-07T08:03:45","slug":"cest-lete-balade-sur-les-traces-de-marcel-pagnol-a-aubagne","status":"publish","type":"post","link":"https:\/\/euapp01.newsmemory.com\/lamarseillaise\/news\/2026\/08\/07\/cest-lete-balade-sur-les-traces-de-marcel-pagnol-a-aubagne\/","title":{"rendered":"[C\u2019est l\u2019\u00e9t\u00e9] Balade sur les traces de Marcel Pagnol \u00e0 Aubagne"},"content":{"rendered":"<div class=\"paragraph\">\n<p>Une mise en condition indispensable pour emprunter la direction du col D\u2019Aubignane en contournant la bastide.<\/p>\n<p>Le balisage jaune vous m\u00e8nera vers les fours \u00e0 chaux, puis en redescendant le col d\u2019Aubignane, les promeneurs d\u00e9couvriront les vestiges de la \u00ab\u00a0ferme d\u2019Ang\u00e8le\u00a0\u00bb, le lieu choisi par Marcel Pagnol pour le tournage du film \u00e9ponyme en 1934. Puis retour vers la Font de Mai. La balade peut durer 3h, d\u2019un niveau moyen, avec des d\u00e9nivel\u00e9s de moins de 300\u00a0m\u00e8tres. Attention \u00e0 v\u00e9rifier si le massif du Garlaban est bien ouvert.<\/p>\n<\/p><\/div>\n","protected":false},"excerpt":{"rendered":"Une mise en condition indispensable pour emprunter la direction du col D&rsquo;Aubignane en contournant la bastide.Le balisage jaune vous m&egrave;nera vers les fours &agrave; chaux, puis en redescendant le col d&rsquo;Aubignane, les promeneurs &#8230;","protected":false},"author":1,"featured_media":38752,"comment_status":"open","ping_status":"open","sticky":false,"template":"","format":"standard","meta":{"footnotes":""},"categories":[32],"tags":[493,1289,10,6085,6224,1660,3239,1393],"news-destination":[],"news-source":[475],"is_homepage":[],"ta_other":[],"class_list":["post-38751","post","type-post","status-publish","format-standard","has-post-thumbnail","hentry","category-culture","tag-aubagne","tag-balade","tag-bouches-du-rhone","tag-cest-lete","tag-cigales","tag-marcel-pagnol","tag-massif","tag-randonnee","news-source-website"],"_links":{"self":[{"href":"https:\/\/euapp01.newsmemory.com\/lamarseillaise\/news\/wp-json\/wp\/v2\/posts\/38751","targetHints":{"allow":["GET"]}}],"collection":[{"href":"https:\/\/euapp01.newsmemory.com\/lamarseillaise\/news\/wp-json\/wp\/v2\/posts"}],"about":[{"href":"https:\/\/euapp01.newsmemory.com\/lamarseillaise\/news\/wp-json\/wp\/v2\/types\/post"}],"author":[{"embeddable":true,"href":"https:\/\/euapp01.newsmemory.com\/lamarseillaise\/news\/wp-json\/wp\/v2\/users\/1"}],"replies":[{"embeddable":true,"href":"https:\/\/euapp01.newsmemory.com\/lamarseillaise\/news\/wp-json\/wp\/v2\/comments?post=38751"}],"version-history":[{"count":1,"href":"https:\/\/euapp01.newsmemory.com\/lamarseillaise\/news\/wp-json\/wp\/v2\/posts\/38751\/revisions"}],"predecessor-version":[{"id":38753,"href":"https:\/\/euapp01.newsmemory.com\/lamarseillaise\/news\/wp-json\/wp\/v2\/posts\/38751\/revisions\/38753"}],"wp:featuredmedia":[{"embeddable":true,"href":"https:\/\/euapp01.newsmemory.com\/lamarseillaise\/news\/wp-json\/wp\/v2\/media\/38752"}],"wp:attachment":[{"href":"https:\/\/euapp01.newsmemory.com\/lamarseillaise\/news\/wp-json\/wp\/v2\/media?parent=38751"}],"wp:term":[{"taxonomy":"category","embeddable":true,"href":"https:\/\/euapp01.newsmemory.com\/lamarseillaise\/news\/wp-json\/wp\/v2\/categories?post=38751"},{"taxonomy":"post_tag","embeddable":true,"href":"https:\/\/euapp01.newsmemory.com\/lamarseillaise\/news\/wp-json\/wp\/v2\/tags?post=38751"},{"taxonomy":"news-destination","embeddable":true,"href":"https:\/\/euapp01.newsmemory.com\/lamarseillaise\/news\/wp-json\/wp\/v2\/news-destination?post=38751"},{"taxonomy":"news-source","embeddable":true,"href":"https:\/\/euapp01.newsmemory.com\/lamarseillaise\/news\/wp-json\/wp\/v2\/news-source?post=38751"},{"taxonomy":"is_homepage","embeddable":true,"href":"https:\/\/euapp01.newsmemory.com\/lamarseillaise\/news\/wp-json\/wp\/v2\/is_homepage?post=38751"},{"taxonomy":"ta_other","embeddable":true,"href":"https:\/\/euapp01.newsmemory.com\/lamarseillaise\/news\/wp-json\/wp\/v2\/ta_other?post=38751"}],"curies":[{"name":"wp","href":"https:\/\/api.w.org\/{rel}","templated":true}]}}