{"id":38733,"date":"2026-08-07T09:16:00","date_gmt":"2026-08-07T07:16:00","guid":{"rendered":"https:\/\/euapp01.newsmemory.com\/lamarseillaise\/news\/?p=38733"},"modified":"2026-08-07T10:04:30","modified_gmt":"2026-08-07T08:04:30","slug":"les-arenes-de-nimes-rallument-le-reve-de-rome","status":"publish","type":"post","link":"https:\/\/euapp01.newsmemory.com\/lamarseillaise\/news\/2026\/08\/07\/les-arenes-de-nimes-rallument-le-reve-de-rome\/","title":{"rendered":"Les ar\u00e8nes de N\u00eemes rallument le r\u00eave de Rome"},"content":{"rendered":"<div class=\"paragraph\">\n<p>Le sable est encore chaud, le combat vient de s\u2019achever. Un gladiateur tombe, suspendu entre la vie et la mort. Dans son dernier souffle, Rome refuse pourtant de dispara\u00eetre. Depuis le 6\u00a0ao\u00fbt, <i>Le R\u00eave du Gladiateur<\/i> a repris possession des ar\u00e8nes de N\u00eemes pour trois nuits o\u00f9 l\u2019amphith\u00e9\u00e2tre a bascul\u00e9 dans un songe d\u00e9mesur\u00e9, comme un dernier r\u00e9veil de l\u2019antique Nemausus.<\/p>\n<p>Apr\u00e8s une premi\u00e8re \u00e9dition en 2025, Arthur Cadre revient avec une fresque retravaill\u00e9e. Loin de la reconstitution historique, le spectacle imagine un Empire romain qui ne se serait jamais effondr\u00e9. Rub\u00e9n Molina, danseur de flamenco, incarne le combattant perdu dans les limbes, guid\u00e9 par Somnambula, figure mystique port\u00e9e par la soprano Odile Heimburger. L\u2019empereur d\u00e9chu de Philibert H\u00e9bert-Filion glisse le grotesque dans la trag\u00e9die. Autour d\u2019eux, danseurs, cascadeurs et cavaliers donnent corps \u00e0 cet univers o\u00f9 le mythe antique rencontre le pr\u00e9sent. Jusqu\u2019\u00e0 10\u00a0000\u00a0spectateurs par soir sont attendus pour se laisser happer par ce vertige.<\/p>\n<p><b>Deux mille ans en mouvement<\/b><\/p>\n<p>Danse, th\u00e9\u00e2tre, cirque, arts \u00e9questres et performances motoris\u00e9es s\u2019entrem\u00ealent dans une vingtaine de tableaux. Chevaux et motos se d\u00e9fient sur la piste, des acrobates s\u2019\u00e9l\u00e8vent au-dessus des gradins, tandis que flammes et vid\u00e9o-mapping redessinent les arches. Plus de 200\u00a0artistes et figurants portent cette machinerie, dont pr\u00e8s de 150\u00a0b\u00e9n\u00e9voles de Spiritus Nemausus. Dans les gradins, les derniers r\u00e9glages affinent lumi\u00e8res et effets pyrotechniques.<\/p>\n<p>Imagin\u00e9e initialement avec Dragone, r\u00e9f\u00e9rence mondiale du spectacle vivant, la cr\u00e9ation cherche moins \u00e0 raconter Rome qu\u2019\u00e0 la faire ressentir. Durant une heure trente, les ar\u00e8nes deviennent un personnage, entre m\u00e9moire antique et imaginaire contemporain. Le spectacle sera retransmis par France T\u00e9l\u00e9visions \u00e0 l\u2019automne.<\/p>\n<p><i>* Les 6, 7<\/i><i>\u00a0<\/i><i>et 8<\/i><i>\u00a0<\/i><i>ao\u00fbt \u00e0 21h30.<\/i><\/p>\n<p><i>Ouverture \u00e0 20h.<br \/>Tarifs de 6<\/i><i>\u00a0<\/i><i>\u00e0 46<\/i><i>\u00a0<\/i><i>euros.<\/i><\/p>\n<\/p><\/div>\n","protected":false},"excerpt":{"rendered":"Le sable est encore chaud, le combat vient de s&rsquo;achever. Un gladiateur tombe, suspendu entre la vie et la mort. Dans son dernier souffle, Rome refuse pourtant de dispara&icirc;tre. Depuis le 6&nbsp;ao&ucirc;t, Le R&ecirc;ve du Gladiateur a &#8230;","protected":false},"author":1,"featured_media":38734,"comment_status":"open","ping_status":"open","sticky":false,"template":"","format":"standard","meta":{"footnotes":""},"categories":[32],"tags":[5387,313,2345,1250,238,6222,241,284,97,2106,529,188,1241],"news-destination":[],"news-source":[475],"is_homepage":[],"ta_other":[],"class_list":["post-38733","post","type-post","status-publish","format-standard","has-post-thumbnail","hentry","category-culture","tag-arenes-de-nimes","tag-art","tag-cirque","tag-danse","tag-gard","tag-gladiateurs","tag-nimes","tag-occitanie","tag-patrimoine","tag-rome","tag-spectacle","tag-spectacle-vivant","tag-theatre","news-source-website"],"_links":{"self":[{"href":"https:\/\/euapp01.newsmemory.com\/lamarseillaise\/news\/wp-json\/wp\/v2\/posts\/38733","targetHints":{"allow":["GET"]}}],"collection":[{"href":"https:\/\/euapp01.newsmemory.com\/lamarseillaise\/news\/wp-json\/wp\/v2\/posts"}],"about":[{"href":"https:\/\/euapp01.newsmemory.com\/lamarseillaise\/news\/wp-json\/wp\/v2\/types\/post"}],"author":[{"embeddable":true,"href":"https:\/\/euapp01.newsmemory.com\/lamarseillaise\/news\/wp-json\/wp\/v2\/users\/1"}],"replies":[{"embeddable":true,"href":"https:\/\/euapp01.newsmemory.com\/lamarseillaise\/news\/wp-json\/wp\/v2\/comments?post=38733"}],"version-history":[{"count":1,"href":"https:\/\/euapp01.newsmemory.com\/lamarseillaise\/news\/wp-json\/wp\/v2\/posts\/38733\/revisions"}],"predecessor-version":[{"id":38735,"href":"https:\/\/euapp01.newsmemory.com\/lamarseillaise\/news\/wp-json\/wp\/v2\/posts\/38733\/revisions\/38735"}],"wp:featuredmedia":[{"embeddable":true,"href":"https:\/\/euapp01.newsmemory.com\/lamarseillaise\/news\/wp-json\/wp\/v2\/media\/38734"}],"wp:attachment":[{"href":"https:\/\/euapp01.newsmemory.com\/lamarseillaise\/news\/wp-json\/wp\/v2\/media?parent=38733"}],"wp:term":[{"taxonomy":"category","embeddable":true,"href":"https:\/\/euapp01.newsmemory.com\/lamarseillaise\/news\/wp-json\/wp\/v2\/categories?post=38733"},{"taxonomy":"post_tag","embeddable":true,"href":"https:\/\/euapp01.newsmemory.com\/lamarseillaise\/news\/wp-json\/wp\/v2\/tags?post=38733"},{"taxonomy":"news-destination","embeddable":true,"href":"https:\/\/euapp01.newsmemory.com\/lamarseillaise\/news\/wp-json\/wp\/v2\/news-destination?post=38733"},{"taxonomy":"news-source","embeddable":true,"href":"https:\/\/euapp01.newsmemory.com\/lamarseillaise\/news\/wp-json\/wp\/v2\/news-source?post=38733"},{"taxonomy":"is_homepage","embeddable":true,"href":"https:\/\/euapp01.newsmemory.com\/lamarseillaise\/news\/wp-json\/wp\/v2\/is_homepage?post=38733"},{"taxonomy":"ta_other","embeddable":true,"href":"https:\/\/euapp01.newsmemory.com\/lamarseillaise\/news\/wp-json\/wp\/v2\/ta_other?post=38733"}],"curies":[{"name":"wp","href":"https:\/\/api.w.org\/{rel}","templated":true}]}}