{"id":38730,"date":"2026-08-07T09:18:00","date_gmt":"2026-08-07T07:18:00","guid":{"rendered":"https:\/\/euapp01.newsmemory.com\/lamarseillaise\/news\/?p=38730"},"modified":"2026-08-07T10:04:29","modified_gmt":"2026-08-07T08:04:29","slug":"entretien-le-demi-festival-cest-transmettre-le-flambeau","status":"publish","type":"post","link":"https:\/\/euapp01.newsmemory.com\/lamarseillaise\/news\/2026\/08\/07\/entretien-le-demi-festival-cest-transmettre-le-flambeau\/","title":{"rendered":"[Entretien] \u00ab&nbsp;Le Demi-Festival, c\u2019est transmettre le flambeau&nbsp;\u00bb"},"content":{"rendered":"<div class=\"paragraph\">\n<p><b>La Marseillaise :<\/b><b> Quelle saveur a cette \u00e9dition anniversaire<\/b><b>\u00a0<\/b><b>? <\/b><\/p>\n<p><b>Demi Portion<\/b><b>\u00a0<\/b><b>:<\/b> Que le temps passe vite. Tout a commenc\u00e9 en 2016, avec le groupe Scred Connexion, pour mon premier vrai concert dans ma ville natale\u00a0: on avait invit\u00e9 des copains. L\u2019histoire du Demi-Festival a d\u00e9marr\u00e9 comme \u00e7a. Et aujourd\u2019hui, on se retrouve d\u00e9j\u00e0 \u00e0 f\u00eater les dix ans.<\/p>\n<p><b>En dix ans, le rap est pass\u00e9 d\u2019une culture souvent marginalis\u00e9e \u00e0 la musique la plus \u00e9cout\u00e9e en France. Dans ce contexte, quelle est aujourd\u2019hui la mission du Demi-Festival<\/b><b>\u00a0<\/b><b>?<\/b><\/p>\n<p><b>D.P<\/b><b>.<\/b><b>\u00a0<\/b><b>: <\/b>La musique a \u00e9volu\u00e9. Aujourd\u2019hui, il n\u2019est plus forc\u00e9ment n\u00e9cessaire de tr\u00e8s bien \u00e9crire pour faire un succ\u00e8s. Mais nous, on essaie de d\u00e9fendre cette culture qui repose sur l\u2019\u00e9criture, la prise de parole et le fond. M\u00eame si ce n\u2019est pas forc\u00e9ment le rap qui domine aujourd\u2019hui, on continue de le faire vivre. Pour moi, le hip-hop, c\u2019est revendiquer quelque chose, exprimer ce qu\u2019on a au plus profond de soi. C\u2019est aussi le respect, la bienveillance, l\u2019union et le fait de rassembler les gens.<\/p>\n<p><b>En ce sens vous m\u00ealez des figures reconnues et d\u2019autres moins. Si vous deviez nous pr\u00e9senter quelques noms \u00e0 ne surtout pas manquer, lesquels choisiriez-vous<\/b><b>\u00a0<\/b><b>?<\/b><\/p>\n<p><b>D.P<\/b><b>.<\/b><b>\u00a0<\/b><b>:<\/b> Si je devais citer quelques noms, je commencerais par Le Rat Luciano, artiste incontournable pour le parcours, la long\u00e9vit\u00e9, pour ses \u00e9crits. Oxmo Puccino, qui reste un pilier qui nous a tous berc\u00e9s. J\u2019ai aussi envie de mettre en avant des artistes moins connus comme Hermano Salvatore, Tinaa ou Ossem. L\u2019id\u00e9e, c\u2019est de leur donner de la force. On retrouvera aussi JoeyStarr, Hugo TSR et beaucoup d\u2019autres. Ce qui compte, c\u2019est de montrer qu\u2019on peut tous \u00eatre r\u00e9unis sur une m\u00eame sc\u00e8ne. Et le public vient avant tout partager un moment, d\u00e9couvrir des artistes et soutenir les plus petits comme les plus grands.<\/p>\n<p><b>Peut on parler d\u2019une \u00e9dition plus ambitieuse<\/b><b>\u00a0<\/b><b>? <\/b><\/p>\n<p><b>D.P<\/b><b>.<\/b><b>\u00a0<\/b><b>:<\/b> On passe \u00e0 cinq jours de festival et on a aussi organis\u00e9 un grand concert gratuit en centre-ville le mercredi. Il y a \u00e9norm\u00e9ment d\u2019artistes, mais aussi des conf\u00e9rences, des DJ\u00a0sets et plein d\u2019autres rendez-vous. On voulait proposer quelque chose de plus riche qu\u2019une simple succession de concerts. Alors les soir\u00e9es commencent d\u00e8s 18h30 et peuvent se terminer tr\u00e8s tard. L\u2019objectif c\u2019est vraiment que ce soit une grande f\u00eate.<\/p>\n<p><b>Il y aura aussi des conf\u00e9rences avec des invit\u00e9s comme le journaliste Olivier Cachin. Pourquoi c\u2019\u00e9tait important pour vous d\u2019int\u00e9grer ce volet l\u00e0 au festival<\/b><b>\u00a0<\/b><b>?<\/b><\/p>\n<p><b>D.P<\/b><b>.<\/b><b>\u00a0<\/b><b>:<\/b> C\u2019est important pour nous que le festival soit aussi un lieu d\u2019\u00e9change et de r\u00e9flexion autour de cette culture. J\u2019aimerais transmettre. On partira avec rien, alors autant laisser une trace et passer le relais. Moi-m\u00eame, j\u2019ai appris gr\u00e2ce \u00e0 des ateliers d\u2019\u00e9criture et \u00e0 des artistes qui m\u2019ont transmis leur passion. Aujourd\u2019hui, j\u2019ai envie de faire la m\u00eame chose avec la nouvelle g\u00e9n\u00e9ration. Le but, c\u2019est de transmettre le flambeau. C\u2019est \u00e0 \u00e7a que sert ce festival.<\/p>\n<p><b><span class=\"mln_small-caps_mln\">Propos recueillis par amelia siapo<\/span><\/b><\/p>\n<\/p><\/div>\n","protected":false},"excerpt":{"rendered":"La Marseillaise : Quelle saveur a cette &eacute;dition anniversaire&nbsp;?","protected":false},"author":1,"featured_media":38731,"comment_status":"open","ping_status":"open","sticky":false,"template":"","format":"standard","meta":{"footnotes":""},"categories":[32],"tags":[2149,343,397,239,1775,325,284,429],"news-destination":[],"news-source":[475],"is_homepage":[],"ta_other":[],"class_list":["post-38730","post","type-post","status-publish","format-standard","has-post-thumbnail","hentry","category-culture","tag-anniversaire","tag-entretien","tag-festivals","tag-herault","tag-hip-hop","tag-musique","tag-occitanie","tag-sete","news-source-website"],"_links":{"self":[{"href":"https:\/\/euapp01.newsmemory.com\/lamarseillaise\/news\/wp-json\/wp\/v2\/posts\/38730","targetHints":{"allow":["GET"]}}],"collection":[{"href":"https:\/\/euapp01.newsmemory.com\/lamarseillaise\/news\/wp-json\/wp\/v2\/posts"}],"about":[{"href":"https:\/\/euapp01.newsmemory.com\/lamarseillaise\/news\/wp-json\/wp\/v2\/types\/post"}],"author":[{"embeddable":true,"href":"https:\/\/euapp01.newsmemory.com\/lamarseillaise\/news\/wp-json\/wp\/v2\/users\/1"}],"replies":[{"embeddable":true,"href":"https:\/\/euapp01.newsmemory.com\/lamarseillaise\/news\/wp-json\/wp\/v2\/comments?post=38730"}],"version-history":[{"count":1,"href":"https:\/\/euapp01.newsmemory.com\/lamarseillaise\/news\/wp-json\/wp\/v2\/posts\/38730\/revisions"}],"predecessor-version":[{"id":38732,"href":"https:\/\/euapp01.newsmemory.com\/lamarseillaise\/news\/wp-json\/wp\/v2\/posts\/38730\/revisions\/38732"}],"wp:featuredmedia":[{"embeddable":true,"href":"https:\/\/euapp01.newsmemory.com\/lamarseillaise\/news\/wp-json\/wp\/v2\/media\/38731"}],"wp:attachment":[{"href":"https:\/\/euapp01.newsmemory.com\/lamarseillaise\/news\/wp-json\/wp\/v2\/media?parent=38730"}],"wp:term":[{"taxonomy":"category","embeddable":true,"href":"https:\/\/euapp01.newsmemory.com\/lamarseillaise\/news\/wp-json\/wp\/v2\/categories?post=38730"},{"taxonomy":"post_tag","embeddable":true,"href":"https:\/\/euapp01.newsmemory.com\/lamarseillaise\/news\/wp-json\/wp\/v2\/tags?post=38730"},{"taxonomy":"news-destination","embeddable":true,"href":"https:\/\/euapp01.newsmemory.com\/lamarseillaise\/news\/wp-json\/wp\/v2\/news-destination?post=38730"},{"taxonomy":"news-source","embeddable":true,"href":"https:\/\/euapp01.newsmemory.com\/lamarseillaise\/news\/wp-json\/wp\/v2\/news-source?post=38730"},{"taxonomy":"is_homepage","embeddable":true,"href":"https:\/\/euapp01.newsmemory.com\/lamarseillaise\/news\/wp-json\/wp\/v2\/is_homepage?post=38730"},{"taxonomy":"ta_other","embeddable":true,"href":"https:\/\/euapp01.newsmemory.com\/lamarseillaise\/news\/wp-json\/wp\/v2\/ta_other?post=38730"}],"curies":[{"name":"wp","href":"https:\/\/api.w.org\/{rel}","templated":true}]}}