{"id":38727,"date":"2026-08-07T09:22:00","date_gmt":"2026-08-07T07:22:00","guid":{"rendered":"https:\/\/euapp01.newsmemory.com\/lamarseillaise\/news\/?p=38727"},"modified":"2026-08-07T10:03:45","modified_gmt":"2026-08-07T08:03:45","slug":"le-cinema-a-ciel-ouvert-a-montpellier","status":"publish","type":"post","link":"https:\/\/euapp01.newsmemory.com\/lamarseillaise\/news\/2026\/08\/07\/le-cinema-a-ciel-ouvert-a-montpellier\/","title":{"rendered":"Le cin\u00e9ma \u00e0 ciel ouvert \u00e0 Montpellier"},"content":{"rendered":"<div class=\"paragraph\">\n<p>Sur une image tremblotante en noir et blanc, une femme fait appara\u00eetre des enfants dans des choux. Vous l\u2019avez peut-\u00eatre reconnu : <i>La F\u00e9e aux choux, <\/i>d\u2019Alice Guy,<i> <\/i>est le premier court-m\u00e9trage r\u00e9alis\u00e9 par une femme en 1896. Il sera diffus\u00e9 avant chaque projection de cette 26<sup>e<\/sup> \u00e9dition du festival Cin\u00e9ma sous les \u00e9toiles, organis\u00e9e par le Domaine d\u2019O, \u00e0 Montpellier, du 7 au 20\u00a0ao\u00fbt.<\/p>\n<p>Cette ann\u00e9e, le festival met \u00e0 l\u2019honneur les femmes r\u00e9alisatrices \u00e0 travers son th\u00e8me biennal \u00ab\u00a0Regards f\u00e9minins\u00a0\u00bb. Une quinzaine de films seront projet\u00e9s en plein air dans 12 communes de la m\u00e9tropole de Montpellier. Chaque soir\u00e9e s\u2019ouvrira avec des repr\u00e9sentations de spectacles vivants, port\u00e9es tour \u00e0 tour par Clara Aumann, le Collectif Le Baril et la Compagnie Aller-Retour. Les projections d\u00e9buteront \u00e0 21h30, \u00e0 l\u2019exception de la soir\u00e9e jeune public \u00e0 Fabr\u00e8gues, le 19\u00a0ao\u00fbt, o\u00f9 le film d\u2019animation <i>Les aventures du prince Ahmed<\/i>, de Lotte Reiniger, sera projet\u00e9 \u00e0 21h. Nouveaut\u00e9 de cette \u00e9dition\u00a0: une soir\u00e9e \u00ab\u00a0Femgore\u00a0\u00bb se tiendra le 9 ao\u00fbt, avec la projection de <i>The Substance<\/i> (2024) de Coralie Fargeat.<\/p>\n<p><i> <a rel=\"nofollow noopener noreferrer\" href=\"https:\/\/www.domainedo.fr\/\" target=\"_blank\">www.domainedo.fr <\/a><\/i><\/p>\n<\/p><\/div>\n","protected":false},"excerpt":{"rendered":"Sur une image tremblotante en noir et blanc, une femme fait appara&icirc;tre des enfants dans des choux. Vous l&rsquo;avez peut-&ecirc;tre reconnu : La F&eacute;e aux choux, d&rsquo;Alice Guy, est le premier court-m&eacute;trage &#8230;","protected":false},"author":1,"featured_media":38728,"comment_status":"open","ping_status":"open","sticky":false,"template":"","format":"standard","meta":{"footnotes":""},"categories":[32],"tags":[6138,919,239,240,284,6221,188],"news-destination":[],"news-source":[475],"is_homepage":[],"ta_other":[],"class_list":["post-38727","post","type-post","status-publish","format-standard","has-post-thumbnail","hentry","category-culture","tag-cine-plein-air","tag-cinema","tag-herault","tag-montpellier","tag-occitanie","tag-realisatrice","tag-spectacle-vivant","news-source-website"],"_links":{"self":[{"href":"https:\/\/euapp01.newsmemory.com\/lamarseillaise\/news\/wp-json\/wp\/v2\/posts\/38727","targetHints":{"allow":["GET"]}}],"collection":[{"href":"https:\/\/euapp01.newsmemory.com\/lamarseillaise\/news\/wp-json\/wp\/v2\/posts"}],"about":[{"href":"https:\/\/euapp01.newsmemory.com\/lamarseillaise\/news\/wp-json\/wp\/v2\/types\/post"}],"author":[{"embeddable":true,"href":"https:\/\/euapp01.newsmemory.com\/lamarseillaise\/news\/wp-json\/wp\/v2\/users\/1"}],"replies":[{"embeddable":true,"href":"https:\/\/euapp01.newsmemory.com\/lamarseillaise\/news\/wp-json\/wp\/v2\/comments?post=38727"}],"version-history":[{"count":1,"href":"https:\/\/euapp01.newsmemory.com\/lamarseillaise\/news\/wp-json\/wp\/v2\/posts\/38727\/revisions"}],"predecessor-version":[{"id":38729,"href":"https:\/\/euapp01.newsmemory.com\/lamarseillaise\/news\/wp-json\/wp\/v2\/posts\/38727\/revisions\/38729"}],"wp:featuredmedia":[{"embeddable":true,"href":"https:\/\/euapp01.newsmemory.com\/lamarseillaise\/news\/wp-json\/wp\/v2\/media\/38728"}],"wp:attachment":[{"href":"https:\/\/euapp01.newsmemory.com\/lamarseillaise\/news\/wp-json\/wp\/v2\/media?parent=38727"}],"wp:term":[{"taxonomy":"category","embeddable":true,"href":"https:\/\/euapp01.newsmemory.com\/lamarseillaise\/news\/wp-json\/wp\/v2\/categories?post=38727"},{"taxonomy":"post_tag","embeddable":true,"href":"https:\/\/euapp01.newsmemory.com\/lamarseillaise\/news\/wp-json\/wp\/v2\/tags?post=38727"},{"taxonomy":"news-destination","embeddable":true,"href":"https:\/\/euapp01.newsmemory.com\/lamarseillaise\/news\/wp-json\/wp\/v2\/news-destination?post=38727"},{"taxonomy":"news-source","embeddable":true,"href":"https:\/\/euapp01.newsmemory.com\/lamarseillaise\/news\/wp-json\/wp\/v2\/news-source?post=38727"},{"taxonomy":"is_homepage","embeddable":true,"href":"https:\/\/euapp01.newsmemory.com\/lamarseillaise\/news\/wp-json\/wp\/v2\/is_homepage?post=38727"},{"taxonomy":"ta_other","embeddable":true,"href":"https:\/\/euapp01.newsmemory.com\/lamarseillaise\/news\/wp-json\/wp\/v2\/ta_other?post=38727"}],"curies":[{"name":"wp","href":"https:\/\/api.w.org\/{rel}","templated":true}]}}