{"id":38724,"date":"2026-08-07T09:05:00","date_gmt":"2026-08-07T07:05:00","guid":{"rendered":"https:\/\/euapp01.newsmemory.com\/lamarseillaise\/news\/?p=38724"},"modified":"2026-08-13T08:54:57","modified_gmt":"2026-08-13T06:54:57","slug":"lagriculture-occitane-face-aux-secheresses","status":"publish","type":"post","link":"https:\/\/euapp01.newsmemory.com\/lamarseillaise\/news\/2026\/08\/07\/lagriculture-occitane-face-aux-secheresses\/","title":{"rendered":"L\u2019agriculture occitane face aux s\u00e9cheresses"},"content":{"rendered":"<div class=\"paragraph\">\n<p>\u00ab <i>L<\/i><i>e nombre de jours secs devrait encore augmenter de 25% si les \u00e9missions suivent leur trajectoire actuelle, et jusqu\u2019\u00e0 50% selon le sc\u00e9nario le plus pessimiste.<\/i><i>\u00a0<\/i>\u00bb<i> <\/i>En septembre 2024, le R\u00e9seau action climat* (Rac) dresse, dans un rapport, un panorama des cons\u00e9quences du changement climatique dans toutes les r\u00e9gions. Si l\u2019impact est g\u00e9n\u00e9ral, l\u2019Occitanie est particuli\u00e8rement touch\u00e9e par la s\u00e9cheresse. Ainsi, la surface moyenne concern\u00e9e par la s\u00e9cheresse a tripl\u00e9 depuis 1960, souligne le Rac. Une r\u00e9alit\u00e9 qui se confirme cet \u00e9t\u00e9 2026 marqu\u00e9 par des temp\u00e9ratures records et des canicules \u00e0 r\u00e9p\u00e9tition.<\/p>\n<p>Mardi 4\u00a0ao\u00fbt, M\u00e9t\u00e9o-France a annonc\u00e9 qu\u2019avec une temp\u00e9rature moyenne de 24,9\u00b0C, le mois de juillet d\u00e9passe les pr\u00e9c\u00e9dents records de la canicule d\u2019ao\u00fbt 2003 (24,8\u00b0C) et de juillet 2006 (24,4\u00b0C). L\u2019exc\u00e9dent de temp\u00e9rature par rapport aux normales (p\u00e9riode 1991-2020) &#8211; qui interviennent elles-m\u00eames dans un climat d\u00e9j\u00e0 r\u00e9chauff\u00e9 par les activit\u00e9s humaines &#8211; atteint, comme en juin, +3,8\u00b0C. \u00ab<i>\u00a0<\/i><i>Il s\u2019agit de la deuxi\u00e8me anomalie mensuelle la plus \u00e9lev\u00e9e<\/i><i>\u00a0<\/i>\u00bb jamais enregistr\u00e9e apr\u00e8s celle de f\u00e9vrier\u00a01990 (+4\u00b0C), indique le pr\u00e9visionniste national dans un communiqu\u00e9.<\/p>\n<p>Faire face \u00e0 ce r\u00e9chauffement est un d\u00e9fi pour la premi\u00e8re r\u00e9gion fran\u00e7aise en nombre d\u2019exploitations agricoles\u00a0: plus de 64\u00a0000, r\u00e9parties sur 3,1\u00a0millions d\u2019hectares de surface agricole r\u00e9pertori\u00e9e en 2020. Avec une grande diversit\u00e9\u00a0: viticulture, \u00e9levage, fruits et l\u00e9gumes, grandes cultures&#8230; L\u2019agriculture repr\u00e9sente 165\u00a0000\u00a0emplois, ce qui en fait le premier secteur \u00e9conomique de l\u2019Occitanie.<\/p>\n<p>Cons\u00e9quence directe des s\u00e9cheresses majeures, les usages de l\u2019eau sont fortement impact\u00e9s. Aujourd\u2019hui, 80% de la France m\u00e9tropolitaine est soumise \u00e0 des restrictions d\u2019eau. C\u2019est aussi le cas des territoires d\u2019outre-mer. Dans le d\u00e9partement du Gard, le pr\u00e9fet J\u00e9r\u00f4me Bonet \u00ab\u00a0<i>apr\u00e8s avoir r\u00e9uni un Comit\u00e9 de la ressource en eau (CRE), a d\u00e9cid\u00e9 de renforcer les mesures de restrictions sur les bassins-versants du Virdoule et des Gardons amont et aval<\/i><i>\u00a0<\/i>\u00bb<i>,<\/i> indiquaient les services de l\u2019\u00c9tat en d\u00e9but de semaine. Le CRE devait se r\u00e9unir le 6\u00a0ao\u00fbt \u00ab<i>\u00a0<\/i><i>afin d\u2019\u00e9valuer la n\u00e9cessit\u00e9 d\u2019ajuster ces mesures de restriction sur l\u2019ensemble du d\u00e9partement<\/i><i>\u00a0<\/i>\u00bb. Le niveau le plus \u00e9lev\u00e9 des restrictions concerne le bassin-versant du fleuve H\u00e9rault amont, plac\u00e9 en niveau de restriction d\u2019eau \u00ab\u00a0crise\u00a0\u00bb. C\u2019est-\u00e0-dire que \u00ab<i>\u00a0<\/i><i>seuls sont autoris\u00e9s les usages prioritaires de l\u2019eau, concourant \u00e0 l\u2019alimentation en eau potable des populations, \u00e0 la survie des esp\u00e8ces aquatiques, \u00e0 l\u2019abreuvement des animaux, \u00e0 la s\u00e9curit\u00e9 civile et \u00e0 la salubrit\u00e9 publique. Des demandes de d\u00e9rogations, encadr\u00e9es, sont possibles au b\u00e9n\u00e9fice de l\u2019irrigation agricole<\/i><i>\u00a0<\/i>\u00bb, pr\u00e9cise la pr\u00e9fecture. Dans l\u2019H\u00e9rault, le bassin-versant du Jaur, qui prend sa source \u00e0 Saint-Pons-de-Thomi\u00e8res, est aussi plac\u00e9 au niveau le plus haut.<\/p>\n<\/p><\/div>\n<div class=\"intext\"> S\u2019adapter ou mourir\u00a0?\n              <\/div>\n<div class=\"paragraph\">\n<p>Le Rac mentionne dans son rapport les \u00e9tudes du R\u00e9seau d\u2019expertise sur les changements climatiques en Occitanie (Reco) sur cette question de l\u2019acc\u00e8s \u00e0 l\u2019eau\u00a0: \u00ab<i>\u00a0<\/i><i>Les conflits li\u00e9s \u00e0 la ressource en eau devraient augmenter, et les diff\u00e9rents types d\u2019usages seront tous impact\u00e9s<\/i><i>\u00a0<\/i><i>: domestique, agricole, industriel, \u00e9nerg\u00e9tique&#8230; Or dans certains cas, la demande en eau pourrait augmenter du fait du changement climatique.<\/i><i>\u00a0<\/i>\u00bb<i> <\/i>Et de citer l\u2019exemple du canal de Gignac, sur le bassin-versant de l\u2019H\u00e9rault, o\u00f9 \u00ab<i>\u00a0<\/i><i>la demande en eau pour l\u2019irrigation agricole pourrait augmenter de 11 \u00e0 48%<\/i><i>\u00a0<\/i>\u00bb.<\/p>\n<p>Les conflits li\u00e9s \u00e0 l\u2019eau sont tr\u00e8s m\u00e9diatis\u00e9s par certains syndicats agricoles comme la Coordination rurale (proche de l\u2019extr\u00eame droite) alors que moins de 7% des surfaces agricoles sont irrigu\u00e9es. Sauf que l\u2019absence de pluie, notamment en Occitanie, fait monter la pression. Jos\u00e9 P\u00e9rez, pr\u00e9sident de la Coordination rurale du Lot-et-Garonne, incite les agriculteurs \u00e0 passer outre les restrictions. \u00ab<i>\u00a0<\/i><i>N\u2019h\u00e9sitez pas \u00e0 irriguer, on viendra sortir ceux qui nous contr\u00f4lent<\/i><i>\u00a0<\/i>\u00bb, a-t-il d\u00e9clar\u00e9 r\u00e9cemment.<\/p>\n<p>Loin des discours d\u00e9magogiques, pour le Reco, \u00ab\u00a0<i>la gestion de l\u2019eau et notamment les usages agricoles devront \u00eatre repens\u00e9s pour s\u2019adapter aux nouvelles conditions climatiques<\/i><i>\u00a0<\/i>\u00bb. L\u2019adaptation est d\u00e9j\u00e0 \u00e0 l\u2019\u0153uvre. Des viticulteurs de l\u2019Aude et des Pyr\u00e9n\u00e9es-Orientales ont exceptionnellement commenc\u00e9 leurs vendanges fin juillet. Le R\u00e9seau action climat ne dresse pas simplement un constat, mais fait aussi des propositions. \u00ab<i>\u00a0<\/i><i>L\u2019une de ces r\u00e9ponses durables est le d\u00e9veloppement des pratiques agro\u00e9cologiques, dont l\u2019agriculture biologique. Selon le dernier rapport du Giec, ces approches &#8220;peuvent renforcer la r\u00e9silience au change ment climatique, avec de multiples cob\u00e9n\u00e9fices&#8221;.<\/i> <i>Elles offrent en effet une plus forte r\u00e9sistance aux \u00e9v\u00e9nements extr\u00eames.<\/i><i>\u00a0<\/i>\u00bb Et de citer, par exemple, la diversification \u00ab<i>\u00a0<\/i><i>des cultures en int\u00e9grant notamment les cultures de l\u00e9gumineuses, qui permettent un meilleur maintien de la mati\u00e8re organique dans les sols, et allonger leurs dur\u00e9es de rotations<\/i><i>\u00a0<\/i>\u00bb. Des actions concr\u00e8tes donc, comme les \u00e9tudes sur les c\u00e9pages pour \u00e9crire l\u2019avenir de l\u2019agriculture occitane.<\/p>\n<\/p><\/div>\n<div class=\"paragraph\">\n<p><i>* Cr\u00e9\u00e9 en 1996 \u00e0 l\u2019initiative de France Nature Environnement, WWF, Greenpeace et les Amis de la Terre, le R\u00e9seau action climat f\u00e9d\u00e8re 27 <\/i><i>associations nationales.<\/i><\/p>\n<\/p><\/div>\n","protected":false},"excerpt":{"rendered":"&laquo; Le nombre de jours secs devrait encore augmenter de 25% si les &eacute;missions suivent leur trajectoire actuelle, et jusqu&rsquo;&agrave; 50% selon le sc&eacute;nario le plus pessimiste.&nbsp;&raquo; En septembre 2024, le R&eacute;seau &#8230;","protected":false},"author":1,"featured_media":38725,"comment_status":"open","ping_status":"open","sticky":false,"template":"","format":"standard","meta":{"footnotes":""},"categories":[3926,3925,338,333,20],"tags":[447,4068,314,879,4135,207,451,309,3094,575,441,1673,6182,238,5583,239,1396,108,6197,1188,284,320,419,873,5879,1397,1613,5078,1431,463,1355],"news-destination":[3944],"news-source":[475],"is_homepage":[],"ta_other":[],"class_list":["post-38724","post","type-post","status-publish","format-standard","has-post-thumbnail","hentry","category-accueil-merge","category-accueil-third","category-economie","category-environnement","category-societe","tag-agriculture","tag-aix-les-milles","tag-canadair","tag-carole-delga","tag-ceser","tag-changement-climatique","tag-coordination-rurale","tag-eau","tag-elevage","tag-emmanuel-macron","tag-extreme-droite","tag-feux","tag-france-nature-environnement","tag-gard","tag-greenpeace","tag-herault","tag-incendies","tag-investissement","tag-jean-louis-chauzy","tag-moyens","tag-occitanie","tag-pompiers","tag-rechauffement-climatique","tag-region-occitanie","tag-sdis","tag-secheresse","tag-securite-civile","tag-vignobles","tag-vins","tag-viticulteurs","tag-viticulture","news-destination-homepage","news-source-website"],"_links":{"self":[{"href":"https:\/\/euapp01.newsmemory.com\/lamarseillaise\/news\/wp-json\/wp\/v2\/posts\/38724","targetHints":{"allow":["GET"]}}],"collection":[{"href":"https:\/\/euapp01.newsmemory.com\/lamarseillaise\/news\/wp-json\/wp\/v2\/posts"}],"about":[{"href":"https:\/\/euapp01.newsmemory.com\/lamarseillaise\/news\/wp-json\/wp\/v2\/types\/post"}],"author":[{"embeddable":true,"href":"https:\/\/euapp01.newsmemory.com\/lamarseillaise\/news\/wp-json\/wp\/v2\/users\/1"}],"replies":[{"embeddable":true,"href":"https:\/\/euapp01.newsmemory.com\/lamarseillaise\/news\/wp-json\/wp\/v2\/comments?post=38724"}],"version-history":[{"count":1,"href":"https:\/\/euapp01.newsmemory.com\/lamarseillaise\/news\/wp-json\/wp\/v2\/posts\/38724\/revisions"}],"predecessor-version":[{"id":38726,"href":"https:\/\/euapp01.newsmemory.com\/lamarseillaise\/news\/wp-json\/wp\/v2\/posts\/38724\/revisions\/38726"}],"wp:featuredmedia":[{"embeddable":true,"href":"https:\/\/euapp01.newsmemory.com\/lamarseillaise\/news\/wp-json\/wp\/v2\/media\/38725"}],"wp:attachment":[{"href":"https:\/\/euapp01.newsmemory.com\/lamarseillaise\/news\/wp-json\/wp\/v2\/media?parent=38724"}],"wp:term":[{"taxonomy":"category","embeddable":true,"href":"https:\/\/euapp01.newsmemory.com\/lamarseillaise\/news\/wp-json\/wp\/v2\/categories?post=38724"},{"taxonomy":"post_tag","embeddable":true,"href":"https:\/\/euapp01.newsmemory.com\/lamarseillaise\/news\/wp-json\/wp\/v2\/tags?post=38724"},{"taxonomy":"news-destination","embeddable":true,"href":"https:\/\/euapp01.newsmemory.com\/lamarseillaise\/news\/wp-json\/wp\/v2\/news-destination?post=38724"},{"taxonomy":"news-source","embeddable":true,"href":"https:\/\/euapp01.newsmemory.com\/lamarseillaise\/news\/wp-json\/wp\/v2\/news-source?post=38724"},{"taxonomy":"is_homepage","embeddable":true,"href":"https:\/\/euapp01.newsmemory.com\/lamarseillaise\/news\/wp-json\/wp\/v2\/is_homepage?post=38724"},{"taxonomy":"ta_other","embeddable":true,"href":"https:\/\/euapp01.newsmemory.com\/lamarseillaise\/news\/wp-json\/wp\/v2\/ta_other?post=38724"}],"curies":[{"name":"wp","href":"https:\/\/api.w.org\/{rel}","templated":true}]}}