{"id":38712,"date":"2026-08-07T08:07:00","date_gmt":"2026-08-07T06:07:00","guid":{"rendered":"https:\/\/euapp01.newsmemory.com\/lamarseillaise\/news\/?p=38712"},"modified":"2026-08-07T10:03:45","modified_gmt":"2026-08-07T08:03:45","slug":"ma-vie-deleve-avocate-le-stage-ppi-kezako","status":"publish","type":"post","link":"https:\/\/euapp01.newsmemory.com\/lamarseillaise\/news\/2026\/08\/07\/ma-vie-deleve-avocate-le-stage-ppi-kezako\/","title":{"rendered":"Ma vie d\u2019\u00e9l\u00e8ve-avocate&nbsp;: le stage PPI kezako ?"},"content":{"rendered":"<div class=\"paragraph\">\n<p>Par Emma Ragot, \u00e9l\u00e8ve avocate<\/p>\n<\/p><\/div>\n<div class=\"paragraph\"> <\/div>\n<div class=\"paragraph\">\n<p>Quand je dis que je suis \u00e0 l\u2019\u00e9cole des avocats, tout le monde me demande \u00ab\u00a0<i>Ah, tu passes le barreau<\/i><i>\u00a0<\/i><i>?<\/i>\u00a0\u00bb, alors que ce fameux \u00ab\u00a0barreau\u00a0\u00bb est bien l\u2019examen d\u2019entr\u00e9e \u00e0 l\u2019\u00e9cole, pr\u00e9alable \u00e0 notre d\u00e9but de formation. L\u2019entr\u00e9e \u00e0 l\u2019\u00e9cole s\u2019effectue en janvier. Tous les \u00e9l\u00e8ves ont un semestre de cours, qu\u2019ils peuvent effectuer en alternance dans un cabinet d\u2019avocats. Ensuite, ils auront deux stages longs, de six mois chacun, avant de passer le Certificat d\u2019Aptitude \u00e0 la Profession d\u2019Avocat.<\/p>\n<p>Le premier stage se nomme PPI pour projet p\u00e9dagogique individuel. Pendant six mois, l\u2019objectif est de d\u00e9couvrir un autre environnement professionnel, en France ou \u00e0 l\u2019\u00e9tranger, afin d\u2019\u00e9largir notre vision du droit et du monde du travail.<\/p>\n<\/p><\/div>\n<div class=\"intext\"> Enqu\u00eates dans les ge\u00f4les\n              <\/div>\n<div class=\"paragraph\">\n<p>Concr\u00e8tement, le PPI peut se d\u00e9rouler dans une entreprise, une administration, une juridiction, une association, un syndicat ou encore dans toute structure li\u00e9e au monde juridique. Vu de pr\u00e8s, ce stage ressemble \u00e0 une immersion plut\u00f4t qu\u2019\u00e0 une simple parenth\u00e8se acad\u00e9mique. Pour ma part, j\u2019effectue mon PPI \u00e0 l\u2019APCARS, l\u2019Association de politique criminelle appliqu\u00e9e et de r\u00e9insertion sociale. C\u2019est une association sociojudiciaire, partenaire du minist\u00e8re de la Justice. L\u2019association part d\u2019une id\u00e9e simple\u00a0: une r\u00e9ponse p\u00e9nale efficace ne se limite pas \u00e0 juger ou sanctionner, elle doit aussi appr\u00e9hender la situation concr\u00e8te des personnes, leur environnement, leurs fragilit\u00e9s et leurs possibilit\u00e9s de r\u00e9insertion.<\/p>\n<p>L\u2019objectif de l\u2019APCARS est de faire le lien entre la d\u00e9cision de justice et la r\u00e9alit\u00e9 sociale des personnes concern\u00e9es. Les enqu\u00eates sociales rapides\u00a0: individualiser la peine. Une des missions de l\u2019association, et ce que je fais principalement au Tribunal judiciaire de Marseille, est la r\u00e9alisation d\u2019enqu\u00eates sociales rapides. Celles-ci sont men\u00e9es dans les ge\u00f4les du palais, apr\u00e8s la garde-\u00e0-vue, et avant l\u2019audience de jugement ou le d\u00e9ferrement (la pr\u00e9sentation d\u2019une personne devant un magistrat afin de d\u00e9cider des suites judiciaires imm\u00e9diates). Un entretien est r\u00e9alis\u00e9 avec la personne qui finit sa garde \u00e0 vue, afin d\u2019apporter des \u00e9l\u00e9ments sur sa situation familiale, mat\u00e9rielle, professionnelle et sociale. L\u2019id\u00e9e est d\u2019\u00e9clairer sur la personnalit\u00e9 et le contexte de vie de la personne, afin d\u2019aider \u00e0 d\u00e9cider d\u2019un \u00e9ventuel contr\u00f4le judiciaire, d\u2019un am\u00e9nagement de peine ou d\u2019une autre mesure adapt\u00e9e.<\/p>\n<p>\u00c0 travers ces enqu\u00eates, je ne d\u00e9fends pas mais fournis au magistrat un moyen de mieux comprendre la personne, son parcours et ses capacit\u00e9s d\u2019\u00e9volution. En tant que future avocate, ce stage me permet de me confronter aux difficult\u00e9s de l\u2019urgence p\u00e9nale et \u00e0 la n\u00e9cessit\u00e9 d\u2019individualiser les peines. Accompagner les personnes auteurs d\u2019infractions est essentiel pour pr\u00e9venir la r\u00e9cidive et leur permettre de se r\u00e9ins\u00e9rer au mieux.<\/p>\n<\/p><\/div>\n<div class=\"paragraph\">\n<p><i>Une question ? Besoin d\u2019un conseil ? Contactez nos chroniqueurs par mail<\/i><\/p>\n<p><i>avocats@lamarseillaise.fr<\/i><\/p>\n<\/p><\/div>\n","protected":false},"excerpt":{"rendered":"Par Emma Ragot, &eacute;l&egrave;ve avocateQuand je dis que je suis &agrave; l&rsquo;&eacute;cole des avocats, tout le monde me demande &laquo;&nbsp;Ah, tu passes le barreau&nbsp;?&nbsp;&raquo;, alors que ce fameux &laquo;&nbsp;barreau&nbsp;&raquo; &#8230;","protected":false},"author":1,"featured_media":38713,"comment_status":"open","ping_status":"open","sticky":false,"template":"","format":"standard","meta":{"footnotes":""},"categories":[20],"tags":[1114,10,2837,803,410,200,1541,16,3077,2080,1743],"news-destination":[],"news-source":[475],"is_homepage":[],"ta_other":[],"class_list":["post-38712","post","type-post","status-publish","format-standard","has-post-thumbnail","hentry","category-societe","tag-avocats","tag-bouches-du-rhone","tag-chronique","tag-ecole","tag-education","tag-justice","tag-magistrats","tag-marseille","tag-robes-noires","tag-tribunal","tag-tribunal-judiciaire","news-source-website"],"_links":{"self":[{"href":"https:\/\/euapp01.newsmemory.com\/lamarseillaise\/news\/wp-json\/wp\/v2\/posts\/38712","targetHints":{"allow":["GET"]}}],"collection":[{"href":"https:\/\/euapp01.newsmemory.com\/lamarseillaise\/news\/wp-json\/wp\/v2\/posts"}],"about":[{"href":"https:\/\/euapp01.newsmemory.com\/lamarseillaise\/news\/wp-json\/wp\/v2\/types\/post"}],"author":[{"embeddable":true,"href":"https:\/\/euapp01.newsmemory.com\/lamarseillaise\/news\/wp-json\/wp\/v2\/users\/1"}],"replies":[{"embeddable":true,"href":"https:\/\/euapp01.newsmemory.com\/lamarseillaise\/news\/wp-json\/wp\/v2\/comments?post=38712"}],"version-history":[{"count":1,"href":"https:\/\/euapp01.newsmemory.com\/lamarseillaise\/news\/wp-json\/wp\/v2\/posts\/38712\/revisions"}],"predecessor-version":[{"id":38714,"href":"https:\/\/euapp01.newsmemory.com\/lamarseillaise\/news\/wp-json\/wp\/v2\/posts\/38712\/revisions\/38714"}],"wp:featuredmedia":[{"embeddable":true,"href":"https:\/\/euapp01.newsmemory.com\/lamarseillaise\/news\/wp-json\/wp\/v2\/media\/38713"}],"wp:attachment":[{"href":"https:\/\/euapp01.newsmemory.com\/lamarseillaise\/news\/wp-json\/wp\/v2\/media?parent=38712"}],"wp:term":[{"taxonomy":"category","embeddable":true,"href":"https:\/\/euapp01.newsmemory.com\/lamarseillaise\/news\/wp-json\/wp\/v2\/categories?post=38712"},{"taxonomy":"post_tag","embeddable":true,"href":"https:\/\/euapp01.newsmemory.com\/lamarseillaise\/news\/wp-json\/wp\/v2\/tags?post=38712"},{"taxonomy":"news-destination","embeddable":true,"href":"https:\/\/euapp01.newsmemory.com\/lamarseillaise\/news\/wp-json\/wp\/v2\/news-destination?post=38712"},{"taxonomy":"news-source","embeddable":true,"href":"https:\/\/euapp01.newsmemory.com\/lamarseillaise\/news\/wp-json\/wp\/v2\/news-source?post=38712"},{"taxonomy":"is_homepage","embeddable":true,"href":"https:\/\/euapp01.newsmemory.com\/lamarseillaise\/news\/wp-json\/wp\/v2\/is_homepage?post=38712"},{"taxonomy":"ta_other","embeddable":true,"href":"https:\/\/euapp01.newsmemory.com\/lamarseillaise\/news\/wp-json\/wp\/v2\/ta_other?post=38712"}],"curies":[{"name":"wp","href":"https:\/\/api.w.org\/{rel}","templated":true}]}}