{"id":38709,"date":"2026-08-07T08:15:00","date_gmt":"2026-08-07T06:15:00","guid":{"rendered":"https:\/\/euapp01.newsmemory.com\/lamarseillaise\/news\/?p=38709"},"modified":"2026-08-07T10:03:45","modified_gmt":"2026-08-07T08:03:45","slug":"cest-lete-fetes-latino-mexicaines-de-barcelonnette","status":"publish","type":"post","link":"https:\/\/euapp01.newsmemory.com\/lamarseillaise\/news\/2026\/08\/07\/cest-lete-fetes-latino-mexicaines-de-barcelonnette\/","title":{"rendered":"[C\u2019est l\u2019\u00e9t\u00e9] F\u00eates Latino Mexicaines de Barcelonnette"},"content":{"rendered":"<div class=\"paragraph\">\n<p>Mariachi, danse et gastronomie seront les ma\u00eetres mots pour cette nouvelle \u00e9dition des Latino-Mexicaines d\u00e8s ce vendredi et jusqu\u2019au 16\u00a0ao\u00fbt.<\/p>\n<\/p><\/div>\n","protected":false},"excerpt":{"rendered":"Mariachi, danse et gastronomie seront les ma&icirc;tres mots pour cette nouvelle &eacute;dition des Latino-Mexicaines d&egrave;s ce vendredi et jusqu&rsquo;au 16&nbsp;ao&ucirc;t.","protected":false},"author":1,"featured_media":38710,"comment_status":"open","ping_status":"open","sticky":false,"template":"","format":"standard","meta":{"footnotes":""},"categories":[20],"tags":[4768,4467,4147,6085,1138,466,1879,280,3442],"news-destination":[],"news-source":[475],"is_homepage":[],"ta_other":[],"class_list":["post-38709","post","type-post","status-publish","format-standard","has-post-thumbnail","hentry","category-societe","tag-alpes","tag-alpes-de-haute-provence","tag-amerique-latine","tag-cest-lete","tag-festivites","tag-fete","tag-gastronomie","tag-histoire","tag-mexique","news-source-website"],"_links":{"self":[{"href":"https:\/\/euapp01.newsmemory.com\/lamarseillaise\/news\/wp-json\/wp\/v2\/posts\/38709","targetHints":{"allow":["GET"]}}],"collection":[{"href":"https:\/\/euapp01.newsmemory.com\/lamarseillaise\/news\/wp-json\/wp\/v2\/posts"}],"about":[{"href":"https:\/\/euapp01.newsmemory.com\/lamarseillaise\/news\/wp-json\/wp\/v2\/types\/post"}],"author":[{"embeddable":true,"href":"https:\/\/euapp01.newsmemory.com\/lamarseillaise\/news\/wp-json\/wp\/v2\/users\/1"}],"replies":[{"embeddable":true,"href":"https:\/\/euapp01.newsmemory.com\/lamarseillaise\/news\/wp-json\/wp\/v2\/comments?post=38709"}],"version-history":[{"count":1,"href":"https:\/\/euapp01.newsmemory.com\/lamarseillaise\/news\/wp-json\/wp\/v2\/posts\/38709\/revisions"}],"predecessor-version":[{"id":38711,"href":"https:\/\/euapp01.newsmemory.com\/lamarseillaise\/news\/wp-json\/wp\/v2\/posts\/38709\/revisions\/38711"}],"wp:featuredmedia":[{"embeddable":true,"href":"https:\/\/euapp01.newsmemory.com\/lamarseillaise\/news\/wp-json\/wp\/v2\/media\/38710"}],"wp:attachment":[{"href":"https:\/\/euapp01.newsmemory.com\/lamarseillaise\/news\/wp-json\/wp\/v2\/media?parent=38709"}],"wp:term":[{"taxonomy":"category","embeddable":true,"href":"https:\/\/euapp01.newsmemory.com\/lamarseillaise\/news\/wp-json\/wp\/v2\/categories?post=38709"},{"taxonomy":"post_tag","embeddable":true,"href":"https:\/\/euapp01.newsmemory.com\/lamarseillaise\/news\/wp-json\/wp\/v2\/tags?post=38709"},{"taxonomy":"news-destination","embeddable":true,"href":"https:\/\/euapp01.newsmemory.com\/lamarseillaise\/news\/wp-json\/wp\/v2\/news-destination?post=38709"},{"taxonomy":"news-source","embeddable":true,"href":"https:\/\/euapp01.newsmemory.com\/lamarseillaise\/news\/wp-json\/wp\/v2\/news-source?post=38709"},{"taxonomy":"is_homepage","embeddable":true,"href":"https:\/\/euapp01.newsmemory.com\/lamarseillaise\/news\/wp-json\/wp\/v2\/is_homepage?post=38709"},{"taxonomy":"ta_other","embeddable":true,"href":"https:\/\/euapp01.newsmemory.com\/lamarseillaise\/news\/wp-json\/wp\/v2\/ta_other?post=38709"}],"curies":[{"name":"wp","href":"https:\/\/api.w.org\/{rel}","templated":true}]}}