{"id":38706,"date":"2026-08-07T07:55:00","date_gmt":"2026-08-07T05:55:00","guid":{"rendered":"https:\/\/euapp01.newsmemory.com\/lamarseillaise\/news\/?p=38706"},"modified":"2026-08-13T07:17:05","modified_gmt":"2026-08-13T05:17:05","slug":"la-riposte-des-gens-du-voyage-a-une-loi-liberticide-et-stigmatisante","status":"publish","type":"post","link":"https:\/\/euapp01.newsmemory.com\/lamarseillaise\/news\/2026\/08\/07\/la-riposte-des-gens-du-voyage-a-une-loi-liberticide-et-stigmatisante\/","title":{"rendered":"La riposte des gens du voyage \u00e0 une loi liberticide et stigmatisante"},"content":{"rendered":"<div class=\"paragraph\">\n<p>Le texte \u00ab\u00a0fourre-tout\u00a0\u00bb adopt\u00e9 le 21\u00a0juillet est cens\u00e9 apporter des r\u00e9ponses imm\u00e9diates aux troubles \u00e0 l\u2019ordre public. Sont cibl\u00e9s, rod\u00e9os urbains, free party, protoxyde d\u2019azote et&#8230; Gens du voyage.<\/p>\n<p>\u00ab\u00a0<i>Fran\u00e7ais, nous avons des droits et des devoirs. Ce texte fait des amalgames intol\u00e9rables, nous consid\u00e8re comme une sous-cat\u00e9gorie de citoyens et condamne le mode de vie itin\u00e9rant<\/i>\u00a0\u00bb, r\u00e9agit le varois Sacha Zanko, de l\u2019Association nationale des gens du voyage citoyens. \u00ab<i>\u00a0<\/i><i>On nous reproche d\u2019occuper des terrains de fa\u00e7on illicite. C\u2019est criminaliser la cons\u00e9quence du d\u00e9faut d\u2019accueil<\/i>\u00a0\u00bb. Depuis 26\u00a0ans, sur 95\u00a0concern\u00e9s par la loi Besson seuls 12\u00a0d\u00e9partements respectent l\u2019obligation de cr\u00e9ation de lieux adapt\u00e9s.<\/p>\n<\/p><\/div>\n<div class=\"intext\"> Un texte sc\u00e9l\u00e9rat\n              <\/div>\n<div class=\"paragraph\">\n<p>\u00ab\u00a0<i>O\u00f9 devons-nous nous arr\u00eater lorsque les lieux autoris\u00e9s n\u2019existent pas<\/i><i>\u00a0<\/i><i>?<\/i><i>\u00a0<\/i>\u00bb, interroge la tribune. On laisse ainsi se r\u00e9p\u00e9ter des tensions avec les communes et les expulsions. Victimes de l\u2019incurie de l\u2019\u00c9tat, ils sont d\u00e9sign\u00e9s comme \u00ab\u00a0<i>probl\u00e8me \u00e0 l\u2019ordre public<\/i>\u00a0\u00bb. Cette loi qui punit, amende, contr\u00f4le et traque, marque une nouvelle \u00e9tape dans le harc\u00e8lement institutionnel des voyageurs. Avec en fond, le risque de voir raviv\u00e9es de sombres pages de l\u2019Histoire, rappellent les associatifs\u00a0: \u00ab\u00a0<i>\u00e9radiquer un mode d\u2019habiter trouve ses racines dans les lois racistes de la seconde Guerre Mondiale<\/i>\u00a0\u00bb.<\/p>\n<p>Par ailleurs ce texte ne propose aucune solution. \u00ab\u00a0<i>Il fallait un texte qui renforce la loi Besson. Si les sch\u00e9mas \u00e9taient respect\u00e9s, ces d\u00e9placements ne poseraient plus de probl\u00e8me<\/i><i>\u00a0<\/i>\u00bb, estime Yohan Salles, pr\u00e9sident du Comit\u00e9 des Tziganes de Paca. Mais c\u2019est jusque dans l\u2019h\u00e9micycle que les repr\u00e9sentants associatifs ont \u00e9t\u00e9 bannis du d\u00e9bat. Les signataires demandent l\u2019abrogation des articles\u00a019 \u00e0\u00a022 de la loi.<\/p>\n<\/p><\/div>\n","protected":false},"excerpt":{"rendered":"Le texte &laquo;&nbsp;fourre-tout&nbsp;&raquo; adopt&eacute; le 21&nbsp;juillet est cens&eacute; apporter des r&eacute;ponses imm&eacute;diates aux troubles &agrave; l&rsquo;ordre public. Sont cibl&eacute;s, rod&eacute;os urbains, free party, &#8230;","protected":false},"author":1,"featured_media":38707,"comment_status":"open","ping_status":"open","sticky":false,"template":"","format":"standard","meta":{"footnotes":""},"categories":[3926,3925,20],"tags":[138,922,1722,1900,231,2197,2800,857,222,4043,621],"news-destination":[3944],"news-source":[475],"is_homepage":[],"ta_other":[],"class_list":["post-38706","post","type-post","status-publish","format-standard","has-post-thumbnail","hentry","category-accueil-merge","category-accueil-third","category-societe","tag-associations","tag-discriminations","tag-droits","tag-etat","tag-gens-du-voyage","tag-liberte","tag-loi","tag-racisme","tag-region-sud-paca","tag-stigmatisation","tag-tribune","news-destination-homepage","news-source-website"],"_links":{"self":[{"href":"https:\/\/euapp01.newsmemory.com\/lamarseillaise\/news\/wp-json\/wp\/v2\/posts\/38706","targetHints":{"allow":["GET"]}}],"collection":[{"href":"https:\/\/euapp01.newsmemory.com\/lamarseillaise\/news\/wp-json\/wp\/v2\/posts"}],"about":[{"href":"https:\/\/euapp01.newsmemory.com\/lamarseillaise\/news\/wp-json\/wp\/v2\/types\/post"}],"author":[{"embeddable":true,"href":"https:\/\/euapp01.newsmemory.com\/lamarseillaise\/news\/wp-json\/wp\/v2\/users\/1"}],"replies":[{"embeddable":true,"href":"https:\/\/euapp01.newsmemory.com\/lamarseillaise\/news\/wp-json\/wp\/v2\/comments?post=38706"}],"version-history":[{"count":1,"href":"https:\/\/euapp01.newsmemory.com\/lamarseillaise\/news\/wp-json\/wp\/v2\/posts\/38706\/revisions"}],"predecessor-version":[{"id":38708,"href":"https:\/\/euapp01.newsmemory.com\/lamarseillaise\/news\/wp-json\/wp\/v2\/posts\/38706\/revisions\/38708"}],"wp:featuredmedia":[{"embeddable":true,"href":"https:\/\/euapp01.newsmemory.com\/lamarseillaise\/news\/wp-json\/wp\/v2\/media\/38707"}],"wp:attachment":[{"href":"https:\/\/euapp01.newsmemory.com\/lamarseillaise\/news\/wp-json\/wp\/v2\/media?parent=38706"}],"wp:term":[{"taxonomy":"category","embeddable":true,"href":"https:\/\/euapp01.newsmemory.com\/lamarseillaise\/news\/wp-json\/wp\/v2\/categories?post=38706"},{"taxonomy":"post_tag","embeddable":true,"href":"https:\/\/euapp01.newsmemory.com\/lamarseillaise\/news\/wp-json\/wp\/v2\/tags?post=38706"},{"taxonomy":"news-destination","embeddable":true,"href":"https:\/\/euapp01.newsmemory.com\/lamarseillaise\/news\/wp-json\/wp\/v2\/news-destination?post=38706"},{"taxonomy":"news-source","embeddable":true,"href":"https:\/\/euapp01.newsmemory.com\/lamarseillaise\/news\/wp-json\/wp\/v2\/news-source?post=38706"},{"taxonomy":"is_homepage","embeddable":true,"href":"https:\/\/euapp01.newsmemory.com\/lamarseillaise\/news\/wp-json\/wp\/v2\/is_homepage?post=38706"},{"taxonomy":"ta_other","embeddable":true,"href":"https:\/\/euapp01.newsmemory.com\/lamarseillaise\/news\/wp-json\/wp\/v2\/ta_other?post=38706"}],"curies":[{"name":"wp","href":"https:\/\/api.w.org\/{rel}","templated":true}]}}